{"id":427627,"date":"2026-04-04T12:56:12","date_gmt":"2026-04-04T12:56:12","guid":{"rendered":"https:\/\/www.europesays.com\/it\/427627\/"},"modified":"2026-04-04T12:56:12","modified_gmt":"2026-04-04T12:56:12","slug":"volley-femminile-le-possibili-convocate-dellitalia-per-la-nations-league-chi-sara-lopposta-titolare","status":"publish","type":"post","link":"https:\/\/www.europesays.com\/it\/427627\/","title":{"rendered":"Volley femminile, le possibili convocate dell&#8217;Italia per la Nations League. Chi sar\u00e0 l&#8217;opposta titolare?"},"content":{"rendered":"<p data-start=\"130\" data-end=\"443\">I primi <strong data-start=\"138\" data-end=\"156\">raduni azzurri<\/strong> sono dietro l\u2019angolo in vista di una stagione molto particolare, la prima da cinque anni a questa parte, dove gli impegni sono solo continentali, anche se l\u2019<strong data-start=\"314\" data-end=\"397\">Europeo di fine agosto assegna il primo posto ai Giochi olimpici di Los Angeles<\/strong> e dunque \u00e8 un evento di massima importanza.<\/p>\n<p data-start=\"445\" data-end=\"1234\"><strong data-start=\"445\" data-end=\"462\">Julio Velasco<\/strong> ha confermato che lascer\u00e0 a riposo alcune delle giocatrici che pi\u00f9 hanno \u201ctirato la carretta\u201d nelle ultime stagioni, come <strong data-start=\"585\" data-end=\"643\">Paola Egonu, Myriam Sylla, Alessia Orro e Anna Danesi<\/strong>, che comunque affronteranno, a meno di sorprese, l\u2019avventura europea e ha parlato chiaro: <strong data-start=\"735\" data-end=\"842\">nessuna giocatrice di quelle che lo scorso anno hanno rinunciato all\u2019azzurro sar\u00e0 chiamata in Nazionale<\/strong>. Porte chiuse dunque a <strong data-start=\"866\" data-end=\"897\">Lubian, Bonifacio, Pietrini<\/strong> nonostante stagioni e prestazioni interessanti. Largo alle giovani, dunque, ma fino a un certo punto perch\u00e9 potrebbero entrare in gioco anche atlete non pi\u00f9 giovanissime ma che hanno mostrato continuit\u00e0 e qualit\u00e0 in campionato. Proviamo a capire chi potr\u00e0 fare parte del gruppo azzurro in vista della <strong data-start=\"1199\" data-end=\"1231\">VNL prima e degli europei poi<\/strong>.<\/p>\n<p data-start=\"1236\" data-end=\"1889\"><strong data-start=\"1236\" data-end=\"1250\">ALZATRICI.<\/strong> L acandidata al ruolo di titolare temporanea al posto di Orro e <strong data-start=\"1315\" data-end=\"1333\">Carlotta Cambi<\/strong>, alzatrice di Novara, reduce da una buona occasione e gi\u00e0 componente della squadra campione olimpica e campione del mondo. Al suo fianco ci potrebbe essere l\u2019astro nascente, ormai gi\u00e0 sbocciato, comunque, della regia italiana, <strong data-start=\"1561\" data-end=\"1576\">Chidera Eze<\/strong>, reduce da una buona stagione a Bergamo. Qualche spiraglio per <strong data-start=\"1640\" data-end=\"1659\">Francesca Bosio<\/strong>, che sta apprestandosi ad affrontare la finale scudetto contro Conegliano. Velasco potrebbe voler visionare qualche elemento interessante (<strong data-start=\"1799\" data-end=\"1843\">Helena Sassolini o Valentina Bartolucci?<\/strong>) ma difficilmente si uscir\u00e0 da questo trio.<\/p>\n<p data-start=\"1891\" data-end=\"3387\"><strong data-start=\"1891\" data-end=\"1903\">OPPOSTE.<\/strong> Chi prender\u00e0 il posto di <strong data-start=\"1929\" data-end=\"1944\">Paola Egonu<\/strong>? La sostituta naturale ci sarebbe anche e gi\u00e0 unirla alla parola \u201csostituta\u201d suona come uno scempio. Forse anche per Velasco che ha annunciato un tentativo di riconversione di <strong data-start=\"2121\" data-end=\"2144\">Ekaterina Antropova<\/strong> al ruolo di schiacciatrice ricevitrice in quella che \u00e8 la suggestione pi\u00f9 gettonata negli appassionati di volley. <strong data-start=\"2259\" data-end=\"2273\">Santarelli<\/strong> ci \u00e8 riuscito con <strong data-start=\"2292\" data-end=\"2304\">Karakurt<\/strong> ma la storia \u00e8 diversa perch\u00e9 la turca ha giocato ricevitrice anche in et\u00e0 pi\u00f9 avanzata. Con Antropova si deve scavare nel tempo fino ad arrivare a 13\/14 anni per ricordare la sua attitudine a ricevere che non era malvagia: progetto ambizioso con grande obiettivo. A questo punto se Antropova si allener\u00e0 e giocher\u00e0 nella prima parte (ma si spera anche nella seconda) da banda, si aprono corridoi inattesi per la moltitudine di opposte italiane che si stanno ben comportando: la prima che viene in mente \u00e8 <strong data-start=\"2811\" data-end=\"2831\">Josephine Obossa<\/strong>, opposto di Busto, reduce da una stagione di alto livello, ma attenzione anche a due \u201criserve\u201d di eccezione come <strong data-start=\"2945\" data-end=\"2960\">Adhu Malual<\/strong>, secondo opposto del Vakifbank e <strong data-start=\"2994\" data-end=\"3011\">Merit Adigwe<\/strong>, secondo opposto di Conegliano. Di fronte hanno due monumenti come <strong data-start=\"3079\" data-end=\"3098\">Boskovic e Haak<\/strong> ma hanno avuto modo (Malual perch\u00e9 prima giocava titolare nel Monviso) di mettersi in mostra e puntarci per l\u2019azzurro non \u00e8 un azzardo, Tra le papabili c\u2019\u00e8 anche <strong data-start=\"3260\" data-end=\"3274\">Binto Diop<\/strong>, che sta giocando su buoni livelli e, perch\u00e9 no, <strong data-start=\"3324\" data-end=\"3342\" data-is-only-node=\"\">Clara Decortes<\/strong> che molto bene si \u00e8 comportata a Macerata.<\/p>\n<p data-start=\"3389\" data-end=\"4971\"><strong data-start=\"3389\" data-end=\"3408\">SCHIACCIATRICI.<\/strong> Anche in questo ruolo, dove nelle ultime stagioni, non c\u2019era abbondanza, <strong data-start=\"3482\" data-end=\"3499\">Julio Velasco<\/strong> dovr\u00e0 fare scelte complicate e in certi casi dolorose. Alla luce della stagione appena conclusa <strong data-start=\"3596\" data-end=\"3614\">Stella Nervini<\/strong> \u00e8 la schiacciatrice titolare a tutti gli effetti della Nazionale italiana. In assenza di <strong data-start=\"3704\" data-end=\"3713\">Sylla<\/strong> sul secondo posto da schiacciatrice si apre un mondo di ipotesi, a partire, come sopra, dall\u2019inserimento di <strong data-start=\"3822\" data-end=\"3845\">Ekaterina Antropova<\/strong> che potrebbe comportare un utilizzo prolungato della nuova stella dell\u2019Eczacibasi. Sulkle altre potenziali convocate qualche indizio arriva dai primi movimenti in azzurro e qualche altro potrebbe arrivare nei prossimi giorni. A guardare il campionato non si potrebbe prescindere dalla chiamata di <strong data-start=\"4143\" data-end=\"4176\">Loveth Omoruyi e Rebecca Piva<\/strong>, protagoniste assolute in casa Vallefoglia e Milano ma Piva, ad esempio, fu scartata da Velasco lo scorso anno a met\u00e0 della fase di preparazione e dunque potrebbe non partire nelle prime file della griglia del tecnico argentino. Tra le osservate speciali di Velasco c\u2019\u00e8 sicuramente <strong data-start=\"4459\" data-end=\"4479\">Beatrice Gardini<\/strong>, fra le migliori attaccanti del campionato di A1, ma attenzione anche a <strong data-start=\"4552\" data-end=\"4572\">Valeria Battista<\/strong> e a una campionessa del mondo e olimpica come <strong data-start=\"4619\" data-end=\"4638\">Gaia Giovannini<\/strong>, reduce da una stagione non straordinaria ma comunque tra le migliori ricevitrici del campionato e per questa da sempre molto apprezzata dal tecnico sudamericano. Tra le outsider potrebbero fare capolino in azzurro due giovani molto interessanti, oltre che campionesse del mondo under 21, <strong data-start=\"4928\" data-end=\"4968\">Nicole Piomboni e Teresa Maria Bosso<\/strong>.<\/p>\n<p data-start=\"4973\" data-end=\"6132\"><strong data-start=\"4973\" data-end=\"4986\">CENTRALI.<\/strong> L\u2019assenza temporanea di <strong data-start=\"5011\" data-end=\"5026\">Anna Danesi<\/strong> apre qualche spiraglio alle cosiddette seconde linee che, con la coppia <strong data-start=\"5099\" data-end=\"5114\">Fahr-Danesi<\/strong>, non hanno troppe possibilit\u00e0 di mettersi in luce. <strong data-start=\"5166\" data-end=\"5180\">Sarah Fahr<\/strong> ci sar\u00e0, dopo alcune stagioni di riposo forzato a causa degli infortuni e sar\u00e0 titolare indiscussa. Sul secondo posto da titolare la corsa \u00e8 aperta e anche piuttosto numerosa e di qualit\u00e0. Chiamata in azzurro attesa per <strong data-start=\"5401\" data-end=\"5421\">Linda Manfredini<\/strong>, giovane e protagonista di una bela stagione a Bergamo ma anche per <strong data-start=\"5490\" data-end=\"5510\">Matilde Munarini<\/strong>, che Velasco lo scorso anno fece conoscere al grande pubblico, convocandola per la VNL, e che, nonostante il ruiolo di riserva a Conegliano, merita un\u2019altra chiamata. Tra le certezze in azzurro c\u2019\u00e8 ovviamente <strong data-start=\"5720\" data-end=\"5738\">Linda Nwakalor<\/strong>, centrale campione del mondo con Scandicci, sfortunata lo scorso anno quando fu costretta a lasciare la Nazionale a causa di un infortunio, ma attenzione anche a <strong data-start=\"5901\" data-end=\"5921\">Nausica Acciarri<\/strong>, reduce da una bella stagione a Firenze, <strong data-start=\"5963\" data-end=\"5978\">Denise Meli<\/strong>, gi\u00e0 chiamata lo scorso anno per qualche stage pre-VNL e <strong data-start=\"6036\" data-end=\"6056\">Alice Torcolacci<\/strong>. Qualcune di queste ultime ha chances di vestire anche la maglia azzurra.<\/p>\n<p data-start=\"6134\" data-end=\"6659\"><strong data-start=\"6134\" data-end=\"6145\">LIBERI.<\/strong> L\u2019addio (ma sar\u00e0 vero?) di <strong data-start=\"6173\" data-end=\"6192\">Moki De Gennaro<\/strong> apre la falla pi\u00f9 importante nella Nazionale azzurra di Velasco. Sostituire un monumento non sar\u00e0 facile ma la stagione di <strong data-start=\"6316\" data-end=\"6336\">Eleonora Fersino<\/strong> lascia ben sperare. La giocatrice di Milano \u00e8 la titolare designata e far\u00e0 parte del gruppo gi\u00e0 dalla VNL ma le alternative ci sono: <strong data-start=\"6470\" data-end=\"6539\">Martina Armini, Giulia De Nardi, Federica Pelloni e Anna Bardaro<\/strong> potrebbero essere le atlete sotto osservazione ma non sono escluse sorprese, magari provenienti anche dalla serie A2.<\/p>\n","protected":false},"excerpt":{"rendered":"I primi raduni azzurri sono dietro l\u2019angolo in vista di una stagione molto particolare, la prima da cinque&hellip;\n","protected":false},"author":3,"featured_media":427628,"comment_status":"","ping_status":"","sticky":false,"template":"","format":"standard","meta":{"footnotes":"","_share_on_mastodon":"0"},"categories":[1474],"tags":[99499,13298,242486,33608,13300,98866,106426,13302,98844,106427,130731,13305,13306,242487,117821,13307,168278,33615,1537,90,89,98883,8057,33617,13308,25395,99477,143189,33620,67519,13312,162108,33622,8056,99545,13313,245,244,13314,242488,98899,98901,242489,1869,242490],"class_list":["post-427627","post","type-post","status-publish","format-standard","has-post-thumbnail","category-volley","tag-adhu-malual","tag-alessia-orro","tag-alice-torcolacci","tag-anna-bardaro","tag-anna-danesi","tag-beatrice-gardini","tag-binto-diop","tag-carlotta-cambi","tag-chidera-eze","tag-clara-decortes","tag-denise-meli","tag-ekaterina-antropova","tag-eleonora-fersino","tag-federica-pelloni","tag-francesca-bosio","tag-gaia-giovannini","tag-giulia-de-nardi","tag-helena-sassolini","tag-it","tag-italia","tag-italy","tag-josephine-obossa","tag-julio-velasco","tag-linda-manfredini","tag-linda-nwakalor","tag-loveth-omoruyi","tag-martina-armini","tag-matilde-munarini","tag-merit-adigwe","tag-moki-de-gennaro","tag-myriam-sylla","tag-nausica-acciarri","tag-nicole-piomboni","tag-paola-egonu","tag-rebecca-piva","tag-sarah-fahr","tag-sport","tag-sports","tag-stella-nervini","tag-teresa-maria-bosso","tag-valentina-bartolucci","tag-valeria-battista","tag-vnl-2026","tag-volley","tag-volley-nations-league-femminile-2026"],"share_on_mastodon":{"url":"","error":"Validation failed: Text character limit of 500 exceeded"},"_links":{"self":[{"href":"https:\/\/www.europesays.com\/it\/wp-json\/wp\/v2\/posts\/427627","targetHints":{"allow":["GET"]}}],"collection":[{"href":"https:\/\/www.europesays.com\/it\/wp-json\/wp\/v2\/posts"}],"about":[{"href":"https:\/\/www.europesays.com\/it\/wp-json\/wp\/v2\/types\/post"}],"author":[{"embeddable":true,"href":"https:\/\/www.europesays.com\/it\/wp-json\/wp\/v2\/users\/3"}],"replies":[{"embeddable":true,"href":"https:\/\/www.europesays.com\/it\/wp-json\/wp\/v2\/comments?post=427627"}],"version-history":[{"count":0,"href":"https:\/\/www.europesays.com\/it\/wp-json\/wp\/v2\/posts\/427627\/revisions"}],"wp:featuredmedia":[{"embeddable":true,"href":"https:\/\/www.europesays.com\/it\/wp-json\/wp\/v2\/media\/427628"}],"wp:attachment":[{"href":"https:\/\/www.europesays.com\/it\/wp-json\/wp\/v2\/media?parent=427627"}],"wp:term":[{"taxonomy":"category","embeddable":true,"href":"https:\/\/www.europesays.com\/it\/wp-json\/wp\/v2\/categories?post=427627"},{"taxonomy":"post_tag","embeddable":true,"href":"https:\/\/www.europesays.com\/it\/wp-json\/wp\/v2\/tags?post=427627"}],"curies":[{"name":"wp","href":"https:\/\/api.w.org\/{rel}","templated":true}]}}