{"id":427806,"date":"2026-04-04T15:25:13","date_gmt":"2026-04-04T15:25:13","guid":{"rendered":"https:\/\/www.europesays.com\/it\/427806\/"},"modified":"2026-04-04T15:25:13","modified_gmt":"2026-04-04T15:25:13","slug":"chivu-italia-la-colpa-non-e-dei-giocatori-dellinter-ce-una-gogna-mediatica-che-non-centra-con-lo-sport","status":"publish","type":"post","link":"https:\/\/www.europesays.com\/it\/427806\/","title":{"rendered":"Chivu: \u00abItalia? La colpa non \u00e8 dei giocatori dell&#8217;Inter, c&#8217;\u00e8 una gogna mediatica che non c&#8217;entra con lo sport\u00bb"},"content":{"rendered":"<p>    di<br \/>\n    Redazione Sport<\/p>\n<p class=\"summary-art is-line-h-12\">Chivu risponde alle polemiche alla vigilia di Inter-Roma: \u00abLa gogna mediatica post Juve non l&#8217;ho vista altrove\u00bb. E difende i nerazzurri in Nazionale: \u00abL&#8217;eliminazione non \u00e8 colpa loro\u00bb<\/p>\n<p class=\"chapter-paragraph\">Cristian Chivu non ci sta. Alla <a href=\"https:\/\/www.corriere.it\/sport\/calcio\/serie-a\/partita\/inter-roma\/2558809\/\" title=\"Inter-Roma, 31\u00aa giornata di serie A: le statistiche\" target=\"_blank\" rel=\"nofollow noopener\">vigilia della sfida con la Roma<\/a> \u2014 in programma domani alle 20.45 a San Siro \u2014 il tecnico dell&#8217;Inter <b>risponde alle polemiche sul clima intorno alla squadra nerazzurra<\/b> e difende i suoi giocatori convocati in Nazionale <a href=\"https:\/\/www.corriere.it\/sport\/calcio\/mondiali\/diretta-live\/26_marzo_31\/bosnia-italia-qualificazioni.shtml\" title=\"Bosnia-Italia, \u00e8 finita: siamo fuori dai Mondiali per la terza volta: 5-2 ai rigori. Kean ci illude, Bastoni lascia gli azzurri in dieci. \u00abIl dispiacere \u00e8 enorme, portata avanti con i denti\u00bb\" target=\"_blank\" rel=\"nofollow noopener\">dopo l&#8217;eliminazione dal Mondiale<\/a>.<\/p>\n<p class=\"chapter-paragraph\">\u00abStrano clima intorno all&#8217;Inter? Questo me lo dovete spiegare voi. <b>Io vedo, sento e ascolto cose che non hanno a che fare con i valori dello sport<\/b>. La <a href=\"https:\/\/www.corriere.it\/sport\/calcio\/serie-a\/26_febbraio_16\/arbitro-la-penna-minacce-morte-inter-juventus-bc6dd4c5-6c35-4aee-9679-97812011axlk.shtml\" title=\"Minacce di morte all&#039;arbitro La Penna dopo l&#039;espulsione di Kalulu in Inter-Juventus\" target=\"_blank\" rel=\"nofollow noopener\">gogna mediatica post Inter-Juve<\/a>\u00a0altrove non l&#8217;ho vista. Se gli episodi sono a favore dell&#8217;Inter parte la gogna mediatica e si mette in piazza l&#8217;Inter per tirare sassi, <b>se sono contro l&#8217;Inter stanno tutti zitti<\/b>\u00bb.    &#13;<br \/>\n&#13;<br \/>\n&#13;<br \/>\n&#13;<br \/>\n&#13;<br \/>\n&#13;<br \/>\n&#13;<br \/>\n&#13;<br \/>\n&#13;<br \/>\n&#13;<br \/>\n&#13;<br \/>\n&#13;<br \/>\n&#13;<br \/>\n&#13;<br \/>\n&#13;<br \/>\n&#13;<br \/>\n&#13;<br \/>\n&#13;<br \/>\n&#13;<br \/>\n&#13;<br \/>\n&#13;<br \/>\n&#13;<br \/>\n&#13;<br \/>\n&#13;<br \/>\n&#13;<br \/>\n&#13;<br \/>\n&#13;<br \/>\n&#13;<br \/>\n&#13;<br \/>\n&#13;<br \/>\n&#13;<br \/>\n&#13;<br \/>\n&#13;<br \/>\n&#13;<br \/>\n&#13;<br \/>\n&#13;<br \/>\n&#13;<br \/>\n&#13;<br \/>\n&#13;<br \/>\n&#13;<br \/>\n&#13;<br \/>\n&#13;<br \/>\n&#13;<br \/>\n&#13;<br \/>\n&#13;<br \/>\n&#13;<br \/>\n&#13;<br \/>\n&#13;<br \/>\n&#13;<br \/>\n&#13;<br \/>\n&#13;<br \/>\n&#13;<br \/>\n&#13;\n<\/p>\n<p class=\"chapter-paragraph\">E la posizione dell&#8217;allenatore rumeno \u00e8 netta anche riguardo a quanto capitato alla Nazionale: \u00abLa colpa dell&#8217;eliminazione non \u00e8 sicuramente dei giocatori dell&#8217;Inter. Anzi, \u00e8 un motivo di orgoglio avere cinque-sei giocatori che rappresentano l&#8217;Italia. Le partite si possono vincere o perdere, si cerca di dare sempre il meglio\u00bb.<\/p>\n<p class=\"chapter-paragraph\">Tra i nerazzurri in campo nella notte triste di Zenica c&#8217;era anche Pio Esposito\u00a0 che, dal dischetto, ha fallito il primo rigore di una serie scellerata: \u00abGli ho domandato se avesse chiesto lui di battere e mi \u00e8 bastata la risposta. Mi ha detto di s\u00ec, per me basta questo: <b>ha avuto il coraggio di metterci la faccia. Di rigori ne sbaglier\u00e0 altri, ma \u00e8 un buon segno <\/b>per Pio e per l&#8217;Italia che si sia preso questa responsabilit\u00e0\u00bb.<\/p>\n<p class=\"chapter-paragraph\">Chivu difende anche <a href=\"https:\/\/www.corriere.it\/sport\/calcio\/mondiali\/26_aprile_01\/bastoni-anno-nero-simulazione-espulsione-mercato-barcellona-edf3f770-7312-433f-b538-4018a5e94xlk.shtml\" title=\"Bastoni non parla dopo il fallo (evitabile) e il rosso: l&#039;anno nero e il futuro fuori dall&#039;Italia\" target=\"_blank\" rel=\"nofollow noopener\">Bastoni, al centro delle polemiche<\/a> dopo l&#8217;espulsione che ha costretto l&#8217;Italia in 10 (ma anche del caso Inter-Juve, va ricordato): <b>\u00abHa lasciato Appiano con le stampelle e poi ha giocato lo stesso <\/b>appena tre giorni dopo. Anche lui ci ha messo la faccia, si \u00e8 presentato in campo con quello che aveva a disposizione per rappresentare un paese. <b>Ha provato a coronare il sogno degli italiani e nonostante le condizioni fisiche ha dato la disponibilit\u00e0 <\/b>a giocare. E questo vale tanto da uomo di sport\u00bb. Sul <a href=\"https:\/\/www.corriere.it\/sport\/calciomercato\/26_marzo_28\/bastoni-inter-barcellona-trattativa-f86f8468-d486-41d8-a42d-65212c8eaxlk.shtml\" title=\"Bastoni dall&#039;Inter al Barcellona? In Spagna sono sicuri: il difensore ha detto s\u00ec. Cosa succede ora\" target=\"_blank\" rel=\"nofollow noopener\">futuro del difensore, corteggiato dal Barcellona<\/a>: \u00abSarei felice se rimanesse, ma sarei felice di rimanere anche io. Finch\u00e9 \u00e8 qua dar\u00e0 pi\u00f9 del 100% per noi. A prescindere da quello che far\u00e0, il calcio mondiale si godr\u00e0 sempre un giocatore di alta qualit\u00e0\u00bb.<\/p>\n<p class=\"chapter-paragraph\">E finalmente il calcio giocato finisce sul tavolo. Una vittoria permetterebbe ai nerazzurri di consolidare il primato in un turno chiave della volata scudetto, visto che a Pasquetta \u00e8 in programma lo scontro diretto tra Napoli e Milan, le due principali inseguitrici. L&#8217;Inter ritrova Lautaro dal primo minuto dopo il problema fisico delle ultime settimane: con l&#8217;argentino in campo almeno mezz&#8217;ora, l&#8217;Inter viaggia a 2,44 punti di media e 2,2 gol segnati a partita.<\/p>\n<p class=\"chapter-paragraph\">E occorre guardare la Roma: \u00abIl campionato \u00e8 una maratona. Certi drammi per un pareggio si fanno solo con l&#8217;Inter, non con altre squadre. Siamo primi in classifica, siamo riusciti a essere competitivi.\u00a0 Poi, sappiamo tutti la forza della Roma e di Gasperini, che ha trasmesso la sua identit\u00e0. Bisogna avere coraggio, ambizione e personalit\u00e0 per portare a casa una gara complicata\u00bb.\u00a0<\/p>\n<p class=\"is-last-update\" datetime=\"2026-04-04T15:06:09+02:00\">4 aprile 2026<\/p>\n<p class=\"is-copyright\">\n            \u00a9 RIPRODUZIONE RISERVATA\n        <\/p>\n","protected":false},"excerpt":{"rendered":"di Redazione Sport Chivu risponde alle polemiche alla vigilia di Inter-Roma: \u00abLa gogna mediatica post Juve non l&#8217;ho&hellip;\n","protected":false},"author":3,"featured_media":427807,"comment_status":"","ping_status":"","sticky":false,"template":"","format":"standard","meta":{"footnotes":"","_share_on_mastodon":"0"},"categories":[176],"tags":[721,921,2839,8840,2905,15252,13204,16010,2245,2267,3412,68973,116593,160454,242568,350,242569,242570,23777,1537,90,89,565,242571,43506,242572,1353,609,7173,15266,978,897,987,245,244],"class_list":["post-427806","post","type-post","status-publish","format-standard","has-post-thumbnail","category-sport","tag-calcio","tag-campo","tag-chivu","tag-clima","tag-colpa","tag-coraggio","tag-difende","tag-eliminazione","tag-felice","tag-giocato","tag-giocatori","tag-giocatori-inter","tag-gogna","tag-gogna-mediatica","tag-gogna-mediatica-post","tag-inter","tag-inter-gogna","tag-inter-gogna-mediatica","tag-inter-juve","tag-it","tag-italia","tag-italy","tag-juve","tag-juve-vista","tag-mediatica","tag-mediatica-post","tag-mondiale","tag-nerazzurri","tag-pio","tag-polemiche","tag-post","tag-programma","tag-roma","tag-sport","tag-sports"],"share_on_mastodon":{"url":"https:\/\/pubeurope.com\/@it\/116347137259647420","error":""},"_links":{"self":[{"href":"https:\/\/www.europesays.com\/it\/wp-json\/wp\/v2\/posts\/427806","targetHints":{"allow":["GET"]}}],"collection":[{"href":"https:\/\/www.europesays.com\/it\/wp-json\/wp\/v2\/posts"}],"about":[{"href":"https:\/\/www.europesays.com\/it\/wp-json\/wp\/v2\/types\/post"}],"author":[{"embeddable":true,"href":"https:\/\/www.europesays.com\/it\/wp-json\/wp\/v2\/users\/3"}],"replies":[{"embeddable":true,"href":"https:\/\/www.europesays.com\/it\/wp-json\/wp\/v2\/comments?post=427806"}],"version-history":[{"count":0,"href":"https:\/\/www.europesays.com\/it\/wp-json\/wp\/v2\/posts\/427806\/revisions"}],"wp:featuredmedia":[{"embeddable":true,"href":"https:\/\/www.europesays.com\/it\/wp-json\/wp\/v2\/media\/427807"}],"wp:attachment":[{"href":"https:\/\/www.europesays.com\/it\/wp-json\/wp\/v2\/media?parent=427806"}],"wp:term":[{"taxonomy":"category","embeddable":true,"href":"https:\/\/www.europesays.com\/it\/wp-json\/wp\/v2\/categories?post=427806"},{"taxonomy":"post_tag","embeddable":true,"href":"https:\/\/www.europesays.com\/it\/wp-json\/wp\/v2\/tags?post=427806"}],"curies":[{"name":"wp","href":"https:\/\/api.w.org\/{rel}","templated":true}]}}