{"id":427858,"date":"2026-04-04T16:12:13","date_gmt":"2026-04-04T16:12:13","guid":{"rendered":"https:\/\/www.europesays.com\/it\/427858\/"},"modified":"2026-04-04T16:12:13","modified_gmt":"2026-04-04T16:12:13","slug":"spalletti-alla-vigilia-di-juve-genoa-le-parole-del-tecnico","status":"publish","type":"post","link":"https:\/\/www.europesays.com\/it\/427858\/","title":{"rendered":"Spalletti alla vigilia di Juve-Genoa: le parole del tecnico"},"content":{"rendered":"<p class=\"paragraph\" spellcheck=\"true\">Torna il campionato, si riaccende la corsa verso quel quarto posto che vede la Juventus impegnata in una lunga sfida a tre con Como e Roma: Luciano Spalletti d\u00e0 il calcio di inizio al cammino bianconero. \u201cNon \u00e8 il momento dei calcoli, ma \u2013 dice \u2013 dobbiamo pensare di vincere sempre da qui a fine maggio\u2026 quando indossi questa maglia \u00e8 un ragionamento obbligatorio\u201d. Il pallone avvelenato dei playoff mondiali falliti arriva dentro il quartier generale della Continassa, tra i piedi di chi sulla panchina azzurra \u00e8 stato fino allo scorso giugno. \u201cSe fossimo andati in America non avrei avuto alcun merito, ma, allo stesso tempo, ora che non ci andremo non mi sento responsabile: ho sofferto davanti alla tv, ho detto ai ragazzi che non potranno partecipare al Mondiale di vivere la loro sofferenza, di tenerla dentro, ma di metterla da parte ora che bisogna voltare pagina e pensare alla Juventus\u2026\u201d, racconta Luciano. Luned\u00ec sera contro il Genoa ci sar\u00e0 Vlahovic (\u201cNon penso, per\u00f2, dall\u2019inizio\u201d), ci sar\u00e0 da soffrire (\u201cLoro hanno appena battuto la Roma che lotta con noi per la prossima Champions e l\u2019hanno battuta con pieno merito\u201d), ci sar\u00e0 Daniele De Rossi (\u201cUno dei mei figli calcistici, a volte gli avr\u00f2 anche rotto le scatole, ma ci lega un sentimento profondo\u201d). Il pallone torna nella met\u00e0 campo di un\u2019Italia senza America. \u201cIn un momento cos\u00ec \u2013 continua Spalletti \u2013 bisogna fare le giuste valutazioni, ragionare a mente fredda per programmare nel modo giusto ancor pi\u00f9 di quanto fatto. Fatemi fare, per\u00f2, una domanda: ci interessa davvero valorizzare i nostri talenti? La presenza delle tante propriet\u00e0 straniere alla guida dei nostri club ci fa piacere, ma se gli vai a chiedere se gli sta a cuore la cura dei nostri giovani ragazzi, per loro \u00e8 ragionevole fare anche discorsi diversi\u2026 Ci sono ancora mamme come quelle di Totti, Del Piero, Baggio, Cannavaro, occorre saper cogliere la qualit\u00e0 dei figli che ci mettono a disposizione\u2026\u201d.<\/p>\n","protected":false},"excerpt":{"rendered":"Torna il campionato, si riaccende la corsa verso quel quarto posto che vede la Juventus impegnata in una&hellip;\n","protected":false},"author":3,"featured_media":427859,"comment_status":"","ping_status":"","sticky":false,"template":"","format":"standard","meta":{"footnotes":"","_share_on_mastodon":"0"},"categories":[1452],"tags":[10302,73776,242575,2032,242576,242577,242578,242579,10575,3439,721,2731,1740,1302,1537,90,89,558,3418,10329,4422,1955,5385,4966,1699,987,1739,24806,245,244,5583,578],"class_list":["post-427858","post","type-post","status-publish","format-standard","has-post-thumbnail","category-calcio","tag-alcun","tag-alcun-merito","tag-alcun-merito-andremo","tag-america","tag-america-alcun","tag-america-alcun-merito","tag-america-continua","tag-america-continua-spalletti","tag-bianconero","tag-bisogna","tag-calcio","tag-figli","tag-football","tag-inizio","tag-it","tag-italia","tag-italy","tag-juventus","tag-luciano","tag-merito","tag-mondiali","tag-pallone","tag-pensare","tag-penso","tag-ragazzi","tag-roma","tag-soccer","tag-spalletti","tag-sport","tag-sports","tag-torna","tag-vlahovic"],"share_on_mastodon":{"url":"https:\/\/pubeurope.com\/@it\/116347322330816036","error":""},"_links":{"self":[{"href":"https:\/\/www.europesays.com\/it\/wp-json\/wp\/v2\/posts\/427858","targetHints":{"allow":["GET"]}}],"collection":[{"href":"https:\/\/www.europesays.com\/it\/wp-json\/wp\/v2\/posts"}],"about":[{"href":"https:\/\/www.europesays.com\/it\/wp-json\/wp\/v2\/types\/post"}],"author":[{"embeddable":true,"href":"https:\/\/www.europesays.com\/it\/wp-json\/wp\/v2\/users\/3"}],"replies":[{"embeddable":true,"href":"https:\/\/www.europesays.com\/it\/wp-json\/wp\/v2\/comments?post=427858"}],"version-history":[{"count":0,"href":"https:\/\/www.europesays.com\/it\/wp-json\/wp\/v2\/posts\/427858\/revisions"}],"wp:featuredmedia":[{"embeddable":true,"href":"https:\/\/www.europesays.com\/it\/wp-json\/wp\/v2\/media\/427859"}],"wp:attachment":[{"href":"https:\/\/www.europesays.com\/it\/wp-json\/wp\/v2\/media?parent=427858"}],"wp:term":[{"taxonomy":"category","embeddable":true,"href":"https:\/\/www.europesays.com\/it\/wp-json\/wp\/v2\/categories?post=427858"},{"taxonomy":"post_tag","embeddable":true,"href":"https:\/\/www.europesays.com\/it\/wp-json\/wp\/v2\/tags?post=427858"}],"curies":[{"name":"wp","href":"https:\/\/api.w.org\/{rel}","templated":true}]}}