{"id":427866,"date":"2026-04-04T16:18:19","date_gmt":"2026-04-04T16:18:19","guid":{"rendered":"https:\/\/www.europesays.com\/it\/427866\/"},"modified":"2026-04-04T16:18:19","modified_gmt":"2026-04-04T16:18:19","slug":"le-critiche-al-fisico-di-timothee-chalamet-ci-dimostrano-che-per-un-corpo-normale-non-ce-ancora-spazio","status":"publish","type":"post","link":"https:\/\/www.europesays.com\/it\/427866\/","title":{"rendered":"Le critiche al fisico di Timoth\u00e9e Chalamet ci dimostrano che per un corpo normale non c&#8217;\u00e8 ancora spazio"},"content":{"rendered":"<p><a href=\"https:\/\/www.gqitalia.it\/article\/timothee-chalamet-intervista-dune-wonka-bob-dylan\" target=\"_blank\" class=\"text link\" rel=\"nofollow noopener\"><strong>Timoth\u00e9e Chalamet<\/strong><\/a> ha postato su Instagram le foto di una vacanza. Un costume da bagno nero, la pelle al sole, il sorriso di chi <a href=\"https:\/\/www.gqitalia.it\/article\/oscar-2026-classifica-migliori-look\" target=\"_blank\" class=\"text link\" rel=\"nofollow noopener\">ha appena perso un Oscar<\/a> e chiaramente se n&#8217;\u00e8 gi\u00e0 fatto una ragione. Alle sue spalle, o pi\u00f9 probabilmente qualche metro pi\u00f9 in l\u00e0 sulla stessa spiaggia caraibica, Kylie Jenner postava le sue. Il cerchio si chiudeva come sempre in modo obliquo, due profili Instagram separati che raccontavano la stessa vacanza senza nominarsi mai, come un linguaggio in codice che internet ha decifrato in circa undici minuti.<\/p>\n<p>Il problema, se vogliamo chiamarlo cos\u00ec, \u00e8 che Timoth\u00e9e era in costume da bagno. E il suo corpo, per la gioia collettiva di una certa fascia del web, non assomiglia a quello di un personal trainer di Beverly Hills. \u00c8 magro, sempre stato magro, con quella struttura ossea che sembrava quasi un personaggio a s\u00e9 in Call Me By Your Name e che da allora \u00e8 diventata parte della mitologia. Ma stavolta, nelle foto, c&#8217;era qualcosa di diverso. Un accenno di addome non scolpito. Forse qualche chilo in pi\u00f9 rispetto all&#8217;Elio del 2017. Un corpo, insomma, che si permetteva il lusso di sembrare quello di una persona reale che mangia, dorme, invecchia e probabilmente <a href=\"https:\/\/www.gqitalia.it\/article\/perche-mangiare-piu-carboidrati\" target=\"_blank\" class=\"text link\" rel=\"nofollow noopener\">non conta i macros<\/a>.<\/p>\n<p>Internet, naturalmente, non l&#8217;ha presa bene. Le reazioni si sono aggregate attorno a due filoni distinti, speculari nella forma, ma ugualmente rivelatori nel contenuto. Il primo \u00e8 maschile, e si articola in una domanda che circola con la seriet\u00e0 di un dibattito parlamentare: come pu\u00f2 un uomo di trent&#8217;anni avere un fisico del genere? La risposta implicita, ovviamente, \u00e8 che non dovrebbe. Che trent&#8217;anni significa addominali, spalle larghe, quantit\u00e0 di grasso corporeo espresso in percentuale ed inferiore al 10%. <a href=\"https:\/\/www.gqitalia.it\/article\/looksmaxxer-sfilate-moda-uomo\" target=\"_blank\" class=\"text link\" rel=\"nofollow noopener\">\u00c8 il vocabolario del lookmaxxing<\/a>, quella corrente estetica digitale che ha convinto una generazione di giovani uomini che il corpo <a href=\"https:\/\/www.gqitalia.it\/article\/psl-scale-looksmaxxer-adolescenti\" target=\"_blank\" class=\"text link\" rel=\"nofollow noopener\">\u00e8 un progetto di ottimizzazione permanente<\/a>, un algoritmo da battere a forza di <a href=\"https:\/\/www.gqitalia.it\/lifestyle\/article\/come-funziona-digiuno-intermittente\" target=\"_blank\" class=\"text link\" rel=\"nofollow noopener\">digiuno intermittente<\/a>, mewing e routine di skincare da dodici passaggi (l&#8217;ironia di passare ore online a imparare come diventare pi\u00f9 attraenti agli occhi degli altri uomini non sfugge, ma ci torniamo).<\/p>\n","protected":false},"excerpt":{"rendered":"Timoth\u00e9e Chalamet ha postato su Instagram le foto di una vacanza. Un costume da bagno nero, la pelle&hellip;\n","protected":false},"author":3,"featured_media":427867,"comment_status":"","ping_status":"","sticky":false,"template":"","format":"standard","meta":{"footnotes":"","_share_on_mastodon":"0"},"categories":[1442],"tags":[203,454,204,1537,90,89,1521,31375],"class_list":["post-427866","post","type-post","status-publish","format-standard","has-post-thumbnail","category-film","tag-entertainment","tag-film","tag-intrattenimento","tag-it","tag-italia","tag-italy","tag-movies","tag-timothee-chalamet"],"share_on_mastodon":{"url":"https:\/\/pubeurope.com\/@it\/116347345731945937","error":""},"_links":{"self":[{"href":"https:\/\/www.europesays.com\/it\/wp-json\/wp\/v2\/posts\/427866","targetHints":{"allow":["GET"]}}],"collection":[{"href":"https:\/\/www.europesays.com\/it\/wp-json\/wp\/v2\/posts"}],"about":[{"href":"https:\/\/www.europesays.com\/it\/wp-json\/wp\/v2\/types\/post"}],"author":[{"embeddable":true,"href":"https:\/\/www.europesays.com\/it\/wp-json\/wp\/v2\/users\/3"}],"replies":[{"embeddable":true,"href":"https:\/\/www.europesays.com\/it\/wp-json\/wp\/v2\/comments?post=427866"}],"version-history":[{"count":0,"href":"https:\/\/www.europesays.com\/it\/wp-json\/wp\/v2\/posts\/427866\/revisions"}],"wp:featuredmedia":[{"embeddable":true,"href":"https:\/\/www.europesays.com\/it\/wp-json\/wp\/v2\/media\/427867"}],"wp:attachment":[{"href":"https:\/\/www.europesays.com\/it\/wp-json\/wp\/v2\/media?parent=427866"}],"wp:term":[{"taxonomy":"category","embeddable":true,"href":"https:\/\/www.europesays.com\/it\/wp-json\/wp\/v2\/categories?post=427866"},{"taxonomy":"post_tag","embeddable":true,"href":"https:\/\/www.europesays.com\/it\/wp-json\/wp\/v2\/tags?post=427866"}],"curies":[{"name":"wp","href":"https:\/\/api.w.org\/{rel}","templated":true}]}}