{"id":427932,"date":"2026-04-04T17:17:19","date_gmt":"2026-04-04T17:17:19","guid":{"rendered":"https:\/\/www.europesays.com\/it\/427932\/"},"modified":"2026-04-04T17:17:19","modified_gmt":"2026-04-04T17:17:19","slug":"solo-6-anni-dopo-il-supermercato-chiude-addio-al-centro-commerciale-lombardo-il-destino-dei-35-dipendenti","status":"publish","type":"post","link":"https:\/\/www.europesays.com\/it\/427932\/","title":{"rendered":"Solo 6 anni dopo, il supermercato chiude: addio al centro commerciale lombardo, il destino dei 35 dipendenti"},"content":{"rendered":"<p data-path-to-node=\"3\">l panorama della grande distribuzione a <b data-path-to-node=\"3\" data-index-in-node=\"41\">Monza<\/b> si appresta a vivere un cambiamento significativo. Dopo meno di sei anni dall\u2019inaugurazione, <b data-path-to-node=\"3\" data-index-in-node=\"140\">Bennet ha annunciato la chiusura del punto vendita di via Lario<\/b>, situato all\u2019interno del centro commerciale <b data-path-to-node=\"3\" data-index-in-node=\"248\">Rond\u00f2 dei Pini<\/b>. L\u2019ultimo giorno di attivit\u00e0 del brand comasco nel capoluogo brianzolo sar\u00e0 l\u2019<b data-path-to-node=\"3\" data-index-in-node=\"341\">11 aprile,\u00a0<\/b>come riferisce il Cittadino di Monza Brianza.<\/p>\n<p>Perch\u00e9 Bennet chiude a Monza? La trasformazione del Rond\u00f2 dei Pini<\/p>\n<p data-path-to-node=\"5\">La decisione della societ\u00e0 non \u00e8 legata a una crisi del marchio, bens\u00ec a una radicale trasformazione della struttura ospitante. Il <b data-path-to-node=\"5\" data-index-in-node=\"131\">Rond\u00f2 dei Pini<\/b> sta infatti evolvendo verso un modello di <b data-path-to-node=\"5\" data-index-in-node=\"188\">\u201cParco Commerciale al coperto\u201d<\/b>.<\/p>\n<p data-path-to-node=\"6\">Secondo quanto comunicato dall\u2019ufficio stampa di Bennet, il nuovo assetto del centro si focalizzer\u00e0 su:<\/p>\n<ul data-path-to-node=\"7\">\n<li>\n<p data-path-to-node=\"7,0,0\"><b data-path-to-node=\"7,0,0\" data-index-in-node=\"0\">Superfici medie non-food<\/b> (abbigliamento, elettronica, casa);<\/p>\n<\/li>\n<li>\n<p data-path-to-node=\"7,1,0\">Una <b data-path-to-node=\"7,1,0\" data-index-in-node=\"4\">food court (area ristorazione) rinnovata<\/b>;<\/p>\n<\/li>\n<li>\n<p data-path-to-node=\"7,2,0\"><b data-path-to-node=\"7,2,0\" data-index-in-node=\"0\">Eliminazione delle \u201cancore alimentari\u201d<\/b> tradizionali.<\/p>\n<\/li>\n<\/ul>\n<p data-path-to-node=\"8\">Poich\u00e9 il core business di Bennet si fonda sull\u2019eccellenza alimentare e sul servizio di prossimit\u00e0, l\u2019azienda ha ritenuto la struttura non pi\u00f9 in linea con il proprio modello strategico.<\/p>\n<p>Cosa succede ai lavoratori? Il piano di trasferimenti<\/p>\n<p data-path-to-node=\"10\">Una delle preoccupazioni principali riguarda il destino dei <b data-path-to-node=\"10\" data-index-in-node=\"60\">35 dipendenti<\/b> attualmente impiegati nel punto vendita di via Lario. Bennet ha rassicurato sindacati e opinione pubblica affermando che <b data-path-to-node=\"10\" data-index-in-node=\"195\">i livelli occupazionali saranno garantiti al 100%<\/b>.<\/p>\n<p>Le destinazioni dei 35 dipendenti<\/p>\n<p data-path-to-node=\"12\">I lavoratori verranno ricollocati in altri ipermercati della provincia di Monza e Brianza o nelle zone limitrofe. La segretaria generale della <b data-path-to-node=\"12\" data-index-in-node=\"143\">Filcams Cgil MB, Laura Lautieri<\/b>, ha confermato che il dialogo con l\u2019impresa \u00e8 in corso. Le sedi individuate per il trasferimento (entro un raggio di 25 km) includono:<\/p>\n<ul data-path-to-node=\"13\">\n<li>\n<p data-path-to-node=\"13,0,0\"><b data-path-to-node=\"13,0,0\" data-index-in-node=\"0\">Brugherio<\/b><\/p>\n<\/li>\n<li>\n<p data-path-to-node=\"13,1,0\"><b data-path-to-node=\"13,1,0\" data-index-in-node=\"0\">Lentate sul Seveso<\/b><\/p>\n<\/li>\n<li>\n<p data-path-to-node=\"13,2,0\"><b data-path-to-node=\"13,2,0\" data-index-in-node=\"0\">Casatenovo<\/b><\/p>\n<\/li>\n<li>\n<p data-path-to-node=\"13,3,0\"><b data-path-to-node=\"13,3,0\" data-index-in-node=\"0\">Cant\u00f9<\/b><\/p>\n<\/li>\n<\/ul>\n<p data-path-to-node=\"14\">Il sindacato sta inoltre valutando eventuali posizioni per i dipendenti prossimi alla pensione, con l\u2019obiettivo prioritario di tutelare ogni singolo posto di lavoro.<\/p>\n<p>Il futuro del centro commerciale di via Lario<\/p>\n<p data-path-to-node=\"16\">Il Rond\u00f2 dei Pini, che oggi ospita circa 70 negozi su due piani e un ampio parcheggio da 2.200 posti, si prepara a una nuova vita. Sebbene non siano ancora noti i nomi dei nuovi inquilini che occuperanno gli spazi lasciati liberi da Bennet, \u00e8 certo che l\u2019offerta commerciale cambier\u00e0 natura, allontanandosi dalla spesa alimentare classica per puntare su servizi e shopping specializzato.<\/p>\n<p>La storia di Bennet a Monza in breve<\/p>\n<p data-path-to-node=\"18\">L\u2019approdo di Bennet in via Lario risale alla fine del <b data-path-to-node=\"18\" data-index-in-node=\"54\">2020<\/b>, quando la societ\u00e0 acquis\u00ec il punto vendita da Margherita Distribuzione SpA, a seguito dell\u2019uscita del gruppo Auchan dal mercato italiano. Una parentesi durata meno di sei anni che segna la fine di un\u2019era per la spesa dei monzesi in quella zona della citt\u00e0.<\/p>\n","protected":false},"excerpt":{"rendered":"l panorama della grande distribuzione a Monza si appresta a vivere un cambiamento significativo. Dopo meno di sei&hellip;\n","protected":false},"author":3,"featured_media":427933,"comment_status":"","ping_status":"","sticky":false,"template":"","format":"standard","meta":{"footnotes":"","_share_on_mastodon":"0"},"categories":[172],"tags":[178,40366,177,1537,90,89,11121],"class_list":["post-427932","post","type-post","status-publish","format-standard","has-post-thumbnail","category-affari","tag-affari","tag-bennet","tag-business","tag-it","tag-italia","tag-italy","tag-monza"],"share_on_mastodon":{"url":"https:\/\/pubeurope.com\/@it\/116347577781097080","error":""},"_links":{"self":[{"href":"https:\/\/www.europesays.com\/it\/wp-json\/wp\/v2\/posts\/427932","targetHints":{"allow":["GET"]}}],"collection":[{"href":"https:\/\/www.europesays.com\/it\/wp-json\/wp\/v2\/posts"}],"about":[{"href":"https:\/\/www.europesays.com\/it\/wp-json\/wp\/v2\/types\/post"}],"author":[{"embeddable":true,"href":"https:\/\/www.europesays.com\/it\/wp-json\/wp\/v2\/users\/3"}],"replies":[{"embeddable":true,"href":"https:\/\/www.europesays.com\/it\/wp-json\/wp\/v2\/comments?post=427932"}],"version-history":[{"count":0,"href":"https:\/\/www.europesays.com\/it\/wp-json\/wp\/v2\/posts\/427932\/revisions"}],"wp:featuredmedia":[{"embeddable":true,"href":"https:\/\/www.europesays.com\/it\/wp-json\/wp\/v2\/media\/427933"}],"wp:attachment":[{"href":"https:\/\/www.europesays.com\/it\/wp-json\/wp\/v2\/media?parent=427932"}],"wp:term":[{"taxonomy":"category","embeddable":true,"href":"https:\/\/www.europesays.com\/it\/wp-json\/wp\/v2\/categories?post=427932"},{"taxonomy":"post_tag","embeddable":true,"href":"https:\/\/www.europesays.com\/it\/wp-json\/wp\/v2\/tags?post=427932"}],"curies":[{"name":"wp","href":"https:\/\/api.w.org\/{rel}","templated":true}]}}