{"id":428275,"date":"2026-04-04T22:16:17","date_gmt":"2026-04-04T22:16:17","guid":{"rendered":"https:\/\/www.europesays.com\/it\/428275\/"},"modified":"2026-04-04T22:16:17","modified_gmt":"2026-04-04T22:16:17","slug":"roberto-gavioli-precipita-e-muore-a-73-anni-gravissimo-il-figlio-addio-al-nostro-geppetto","status":"publish","type":"post","link":"https:\/\/www.europesays.com\/it\/428275\/","title":{"rendered":"Roberto Gavioli precipita e muore a 73 anni, gravissimo il figlio. \u201cAddio al nostro Geppetto\u201d"},"content":{"rendered":"<p>Modena, 4 aprile 2026 \u2013 Terribile <strong>incidente\u00a0sul lavoro<\/strong> questa mattina in <strong>via Circondaria<\/strong> a <strong>San Felice sul Panaro,<\/strong> in provincia di Modena.<\/p>\n<p>Un uomo di <strong>73 anni, Roberto Gavioli<\/strong>, ex falegname,<strong>\u00a0<\/strong>\u00e8 deceduto dopo essere precipitato dal <strong>cestello della gru<\/strong>\u00a0dopo il cedimento del braccio meccanico.<\/p>\n<p> <img alt=\"Il cestello della gru dopo l'impatto col suolo\" loading=\"lazy\" width=\"1600\" height=\"1200\" decoding=\"async\" data-nimg=\"1\" style=\"color:transparent;max-width:100%;height:auto\"   src=\"https:\/\/www.europesays.com\/it\/wp-content\/uploads\/2026\/04\/il-cestello-della-gru-dopo-l-impatto-col-suolo.webp.webp\"\/><\/p>\n<p>Il cestello della gru dopo l&#8217;impatto col suolo<\/p>\n<p>Sul cestello con lui c\u2019era anche<strong> il figlio Davide<\/strong>, di 39 anni, trasportato d\u2019urgenza all\u2019<strong>ospedale di Baggiovara<\/strong> in codice rosso. Ora si trova ricoverato in terapia intensiva, la <strong>prognosi<\/strong> \u00e8 riservata.\u00a0<\/p>\n<p>Padre e figlio sono precipitati da un\u2019altezza di 11 metri.\u00a0<\/p>\n<p>La gru presa in prestito per pulire le grondaie della\u00a0casa <\/p>\n<p>I <strong>Gavioli<\/strong> avevano preso in prestito la gru da un\u2019azienda di giardinaggio, come facevano ogni anno, per<strong> pulire le grondaie <\/strong>della loro casa. Il mezzo, revisionato nel dicembre 2025, \u00e8 di propriet\u00e0 di un\u2019azienda di giardinaggio. Il figlio Davide era in possesso del patentino per guidarlo ed adoperarlo.<\/p>\n<p> <img alt=\"La gru da cui sono caduti il 73enne e il figlio di 39 a San Felice, nel Modenese\" loading=\"lazy\" width=\"1600\" height=\"1066\" decoding=\"async\" data-nimg=\"1\" style=\"color:transparent;max-width:100%;height:auto\"   src=\"https:\/\/www.europesays.com\/it\/wp-content\/uploads\/2026\/04\/la-gru-da-cui-sono-caduti-il-73enne-e-il-figlio-di-39-a-san-felice-nel-modenese.webp.webp\"\/><\/p>\n<p>La gru da cui sono caduti il 73enne e il figlio di 39 a San Felice, nel Modenese<\/p>\n<p>Le indagini dei carabinieri <\/p>\n<p>Sul posto sono presenti i <strong>carabinieri<\/strong> e la <strong>medicina del lavoro<\/strong>. Sono in corso accertamenti per ricostruire la dinamica dell\u2019ennesima tragedia sul lavoro.<\/p>\n<p> <img alt=\"Tragico incidente sul lavoro\" loading=\"lazy\" width=\"1600\" height=\"1200\" decoding=\"async\" data-nimg=\"1\" style=\"color:transparent;max-width:100%;height:auto\"   src=\"https:\/\/www.europesays.com\/it\/wp-content\/uploads\/2026\/04\/tragico-incidente-sul-lavoro.webp.webp\"\/><\/p>\n<p>Tragico incidente sul lavoro<\/p>\n<p>Il cordoglio del sindaco Michele Goldoni: \u201cTragedia immane\u201d <\/p>\n<p>&#8220;Come Amministrazione comunale siamo vicini alla famiglia Gavioli per l\u2019immane tragedia che l\u2019ha colpita \u2013 ha dichiarato il sindaco di San Felice,\u00a0<strong>Michele Goldoni<\/strong> \u2013 la scomparsa di Roberto \u00e8 un duro colpo per tutta la nostra comunit\u00e0 per la generosit\u00e0 e l\u2019impegno con cui ha sempre lavorato come <strong>volontario<\/strong>, dando un prezioso contributo alla realizzazione di importanti eventi in paese. Preghiamo anche per la pronta guarigione del <strong>figlio Davide <\/strong>rimasto seriamente ferito nel medesimo drammatico incidente. Oggi, sabato 4 aprile, \u00e8 una giornata di lutto per San Felice e ci stringiamo idealmente alla famiglia Gavioli\u201d.<\/p>\n<p>Approfondisci:<\/p>\n<p><a href=\"https:\/\/www.ilrestodelcarlino.it\/modena\/cronaca\/incendio-oggi-fiorano-s9om91w3\" class=\"ArticleEmbed_article__embed__content__Jzqnz\" rel=\"nofollow noopener\" target=\"_blank\">Esplode negozio di moto a Fiorano: gravi padre e figlio. Evacuata l\u2019intera palazzina<img alt=\"Esplode negozio di moto a Fiorano: gravi padre e figlio. Evacuata l\u2019intera palazzina\" loading=\"lazy\" width=\"140\" height=\"78\" decoding=\"async\" data-nimg=\"1\" style=\"color:transparent\"  src=\"https:\/\/www.europesays.com\/it\/wp-content\/uploads\/2026\/04\/il-negozio-di-moto-di-fiorano-dopo-l-esplosione-e-l-incendio.webp.webp\"\/><\/a><img alt=\"Roberto Gavioli aveva 73 anni\" loading=\"lazy\" width=\"1600\" height=\"1066\" decoding=\"async\" data-nimg=\"1\" style=\"color:transparent;max-width:100%;height:auto\"   src=\"https:\/\/www.europesays.com\/it\/wp-content\/uploads\/2026\/04\/roberto-gavioli-aveva-73-anni.webp.webp\"\/><\/p>\n<p>Roberto Gavioli aveva 73 anni<\/p>\n<p>La scuola materna: \u201cAddio al nostro Geppetto\u201d <\/p>\n<p>&#8220;Roberto \u00e8 stato per la nostra scuola una presenza grande e preziosa: prima come genitore, poi come professionista e, fino ad oggi, come instancabile <strong>benefattore<\/strong>\u201d, scrive in una nota di cordoglio su Facebook la scuola materna del paese. \u201cLa sua generosit\u00e0, la sua disponibilit\u00e0 e il suo legame con la nostra comunit\u00e0 resteranno un esempio che non dimenticheremo. Ci piaceva chiamarlo <strong>\u201cil nostro Geppetto\u201d,<\/strong> perch\u00e9 il legno era per lui materia viva alla quale sapeva dare voce e forma con le sue mani, con la sua passione, con la sua esperienza e con la sua arte. In tutto ci\u00f2 che ha costruito, aggiustato, regalato e donato alla nostra scuola rester\u00e0 sempre qualcosa di lui. Ciao Roberto, fai buon viaggio. Ti porteremo per sempre nel cuore con gratitudine e affetto\u201d, conclude il ricordo dell\u2019istituto.\u00a0<\/p>\n","protected":false},"excerpt":{"rendered":"Modena, 4 aprile 2026 \u2013 Terribile incidente\u00a0sul lavoro questa mattina in via Circondaria a San Felice sul Panaro,&hellip;\n","protected":false},"author":3,"featured_media":428276,"comment_status":"","ping_status":"","sticky":false,"template":"","format":"standard","meta":{"footnotes":"","_share_on_mastodon":"0"},"categories":[79],"tags":[2983,588,570,14,93,94,2716,190008,112429,22079,8551,1537,90,89,7,15,43017,9638,11,84,91,12,85,92],"class_list":["post-428275","post","type-post","status-publish","format-standard","has-post-thumbnail","category-italia","tag-addio","tag-braccio","tag-cede","tag-cronaca","tag-cronaca-italiana","tag-cronacaitaliana","tag-figlio","tag-gavioli","tag-geppetto","tag-gravissimo","tag-gru","tag-it","tag-italia","tag-italy","tag-news","tag-notizie","tag-precipita","tag-roberto","tag-ultime-notizie","tag-ultime-notizie-e-news-di-oggi","tag-ultime-notizie-italia","tag-ultimenotizie","tag-ultimenotizieenewsdioggi","tag-ultimenotizieitalia"],"share_on_mastodon":{"url":"https:\/\/pubeurope.com\/@it\/116348753590977661","error":""},"_links":{"self":[{"href":"https:\/\/www.europesays.com\/it\/wp-json\/wp\/v2\/posts\/428275","targetHints":{"allow":["GET"]}}],"collection":[{"href":"https:\/\/www.europesays.com\/it\/wp-json\/wp\/v2\/posts"}],"about":[{"href":"https:\/\/www.europesays.com\/it\/wp-json\/wp\/v2\/types\/post"}],"author":[{"embeddable":true,"href":"https:\/\/www.europesays.com\/it\/wp-json\/wp\/v2\/users\/3"}],"replies":[{"embeddable":true,"href":"https:\/\/www.europesays.com\/it\/wp-json\/wp\/v2\/comments?post=428275"}],"version-history":[{"count":0,"href":"https:\/\/www.europesays.com\/it\/wp-json\/wp\/v2\/posts\/428275\/revisions"}],"wp:featuredmedia":[{"embeddable":true,"href":"https:\/\/www.europesays.com\/it\/wp-json\/wp\/v2\/media\/428276"}],"wp:attachment":[{"href":"https:\/\/www.europesays.com\/it\/wp-json\/wp\/v2\/media?parent=428275"}],"wp:term":[{"taxonomy":"category","embeddable":true,"href":"https:\/\/www.europesays.com\/it\/wp-json\/wp\/v2\/categories?post=428275"},{"taxonomy":"post_tag","embeddable":true,"href":"https:\/\/www.europesays.com\/it\/wp-json\/wp\/v2\/tags?post=428275"}],"curies":[{"name":"wp","href":"https:\/\/api.w.org\/{rel}","templated":true}]}}