{"id":428350,"date":"2026-04-04T23:24:13","date_gmt":"2026-04-04T23:24:13","guid":{"rendered":"https:\/\/www.europesays.com\/it\/428350\/"},"modified":"2026-04-04T23:24:13","modified_gmt":"2026-04-04T23:24:13","slug":"nazionale-capitolo-ct-conte-tentato-da-un-ritorno-i-dubbi-su-mancini","status":"publish","type":"post","link":"https:\/\/www.europesays.com\/it\/428350\/","title":{"rendered":"Nazionale, capitolo ct: Conte tentato da un ritorno, i dubbi su Mancini"},"content":{"rendered":"<p>                                De Laurentiis darebbe il via libera al tecnico del Napoli e non ci sarebbe un caso Spalletti-bis. Allegri si tira indietro, per Mancini pesa l&#8217;addio nel 2023<\/p>\n<p>            <a class=\"image is-50x50\" href=\"https:\/\/www.gazzetta.it\/redazione\/guglielmo-buccheri\/\" rel=\"nofollow noopener\" target=\"_blank\"><br \/>\n                <img decoding=\"async\" class=\"is-rounded\" src=\"https:\/\/www.europesays.com\/it\/wp-content\/uploads\/2025\/09\/1758781509_607_omino.png\" alt=\"Guglielmo Buccheri\"\/><br \/>\n            <\/a><\/p>\n<p>Giornalista<\/p>\n<p>                    5 aprile &#8211; 00:05  &#8211; MILANO<\/p>\n<p class=\"paragraph\" spellcheck=\"true\">Gi\u00f9 dalla torre non c\u2019\u00e8 nessuno, ma c\u2019\u00e8 chi sulla torre sta meglio di altri. Antonio Conte, Roberto Mancini, Massimiliano Allegri e dintorni: l\u2019Italia senza commissario tecnico \u00e8 come una nave alla ricerca della giusta rotta e la giusta rotta vale oro. Conte avanza, Mancini rimane fermo, Allegri fa pi\u00f9 di un passo indietro, cos\u00ec nel borsino delle possibilit\u00e0 ora che la campagna elettorale per il nuovo presidente della Figc sta per prendere forma. Gi\u00e0, Conte. A Napoli ha vinto lo scudetto al primo colpo e, sotto al Vesuvio, gode di stima e credibilit\u00e0: il suo contratto con la famiglia De Laurentiis scade nel giugno del 2027 e con il patron partenopeo il rapporto scorre liscio. E, allora? Allora c\u2019\u00e8 che Antonio non ha mai smesso di coltivare un desiderio: riallacciare il discorso con la nave azzurra dopo il biennio tra il 2014 e il 2016 arricchito da un viaggio europeo, quella in Francia, vissuto sempre al massimo e sempre al centro del suo gruppo fino all\u2019eliminazione, ai quarti di finale, con la favorita Germania per colpa dei rigori poco lucidi di Pell\u00e8 e Zaza. Conte si sente ancora addosso i brividi azzurri, la Figc conosce la sua passione per l\u2019Italia e, ancor pi\u00f9, in Figc non c\u2019\u00e8 politico che non ne riconosca l\u2019abilit\u00e0 nel ricostruire ci\u00f2 che si \u00e8 rotto. De Laurentiis, calato il sipario sulla notte di Zenica, si \u00e8 espresso in favore di Malag\u00f2 presidente federale, particolare non da poco: tra il numero uno del Napoli e l\u2019ex numero uno del Coni il dialogo \u00e8 aperto e continuo tanto che non rappresenterebbe un ostacolo il contratto che lega Conte sotto al Vesuvio per un\u2019altra stagione. Tradotto: nessun caso Spalletti-bis qualora da via Allegri arrivasse l\u2019offerta ad Antonio perch\u00e9 con Spalletti si rischi\u00f2 la causa in tribunale civile alla luce di quella che De Laurentiis consider\u00f2 una fuga verso la Figc non autorizzata.<\/p>\n<p>        i veleni di ferragosto\u2014 \u00a0<\/p>\n<p class=\"paragraph\" spellcheck=\"true\">Se la Federcalcio chiama, Napoli risponde: il via libera non sarebbe ostacolato. Conte ascolta, annota, pensa al duello con il Milan in agenda domani sera. E, Mancini? Sul suo eventuale ritorno in Nazionale pesano troppi dubbi e troppe incertezze. Quanto sarebbe opportuno riaffidarsi a chi, Ferragosto 2023, mand\u00f2 una mail in via Allegri, destinatario il presidente Gravina, per comunicare la scelta di volare in Arabia Saudita? E quanto sarebbe rischioso puntare su un ct che ha vissuto la sua ultima partita su una panchina di Serie A nel lontano giugno del 2016 e che ha salutato l\u2019Italia nel giugno di tre anni fa? Questione di stile e questione di conoscenze si intrecciano, senza contare che allo stesso Malag\u00f2, uno dei possibili candidati, l\u2019idea di legarsi ad un ct fin troppo amico non piacerebbe pi\u00f9 di tanto.<\/p>\n<p>        passioni\u2014 \u00a0<\/p>\n<p class=\"paragraph\" spellcheck=\"true\">Conte avanza, Mancini no. E Allegri tira il freno a mano: il tecnico del Milan \u00e8 da tempo un potenziale ct della Nazionale perch\u00e9 ad ogni cambio di rotta si pensa a lui, ma, lui, non pensa alla panchina azzurra. &#8220;Nella mia testa c\u2019\u00e8 il quarto posto qui e la voglia di riabituarmi alla Champions League. L\u2019Italia? Ci vuole una visione per i prossimi dieci anni e, comunque, non ho riflettuto ad un ruolo da commissario tecnico&#8230;&#8221;, cos\u00ec Allegri. Falliti i playoff mondiali si \u00e8 aperta una crisi dagli effetti ancora tutti da scrivere: al centro c\u2019\u00e8 il  profilo del nuovo ct da individuare senza giocare di rimessa. Le tappe sono segnate: prima le elezioni federali il  22 giugno, poi la scelta magari con la consulenza della figura di un direttore tecnico con la sensibilit\u00e0 per le cose di campo come accade gi\u00e0 altrove. Conte avanza perch\u00e9 nessuno avrebbe da ridire sul suo ritorno: l\u2019esperienza del biennio 2014\/16 si \u00e8 costruita attorno a un\u2019Italia con la formula magica l\u00e0 dietro &#8211; Buffon, Chiellini, Bonucci, Barzagli -, ma non nel resto della scena. Un esempio? Contro la Germania, nei quarti, il nostro centrocampo si present\u00f2 con Parolo in regia, Sturaro e Giaccherini accanto. Quella squadra resse l\u2019urto dei tedeschi fino ai citati calci di rigore.\u00a0<\/p>\n<p><a class=\"is-partner-link\" href=\"https:\/\/abbonamenti.gazzetta.it\/gall-promo-130anni-gazzetta\/?pwcmp=cta&amp;forceBrowser=true\" rel=\"nofollow noopener\" target=\"_blank\">Festeggia i 130 anni de La Gazzetta dello Sport! Abbonati a G ALL a solo 1,30\u20ac\/mese. Valida per pochi giorni!<\/a><\/p>\n<p>        candidati\u2014 \u00a0<\/p>\n<p class=\"paragraph\" spellcheck=\"true\">Mancini \u00e8 il commissario tecnico della magia di Wembley, l\u201911 luglio 2021: Mancio tornerebbe di corsa, le controindicazioni, per\u00f2, non mancano. Allegri si \u00e8 cancellato dalla lavagna delle possibili scelte, da Roma anche Gian Piero Gasperini non ha lanciato segnali di fumo. Nelle prossime ore, si aprir\u00e0 la campagna elettorale dalla durata breve: entro il 13 maggio i candidati dovranno uscire allo scoperto e consegnare i loro programmi in Figc. Malag\u00f2 \u00e8, di fatto, in campo, Giancarlo Abete potrebbe finirci presto: il nostro calcio ha bisogno di unione e progettualit\u00e0. A fine settembre, quando saremo sotto i riflettori della Nations League, avremo un commissario tecnico in panchina con la prospettiva di rimetterci in linea di galleggiamento con le nostre storiche rivali e con la missione di riportarci dentro un Mondiale.<\/p>\n<p class=\"is-copyright\">\u00a9 RIPRODUZIONE RISERVATA<\/p>\n","protected":false},"excerpt":{"rendered":"De Laurentiis darebbe il via libera al tecnico del Napoli e non ci sarebbe un caso Spalletti-bis. Allegri&hellip;\n","protected":false},"author":3,"featured_media":428351,"comment_status":"","ping_status":"","sticky":false,"template":"","format":"standard","meta":{"footnotes":"","_share_on_mastodon":"0"},"categories":[1452],"tags":[3076,242737,119,18120,242738,3187,17054,2195,721,39,6820,921,2992,104,3758,11334,2790,242736,242739,6693,5886,277,16824,7757,27,27136,23067,1740,3044,1148,1374,242740,52,1537,90,89,48253,1980,2504,63425,6248,553,248,13402,1312,3484,8176,17211,135,4426,860,3675,336,1360,1739,24806,242741,245,244,3375],"class_list":["post-428350","post","type-post","status-publish","format-standard","has-post-thumbnail","category-calcio","tag-allegri","tag-allegri-tira","tag-antonio","tag-avanza","tag-avanza-mancini","tag-azzurra","tag-biennio","tag-bis","tag-calcio","tag-campagna","tag-campagna-elettorale","tag-campo","tag-candidati","tag-centro","tag-commissario","tag-commissario-tecnico","tag-conte","tag-conte-avanza","tag-conte-avanza-mancini","tag-contratto","tag-ct","tag-de","tag-de-laurentiis","tag-dubbi","tag-elettorale","tag-ferragosto","tag-figc","tag-football","tag-germania","tag-giugno","tag-giusta","tag-giusta-rotta","tag-indietro","tag-it","tag-italia","tag-italy","tag-laurentiis","tag-league","tag-libera","tag-malago","tag-mancini","tag-milan","tag-napoli","tag-nave","tag-numero","tag-panchina","tag-pensa","tag-possibili","tag-presidente","tag-quarti","tag-questione","tag-ritorno","tag-rotta","tag-scelta","tag-soccer","tag-spalletti","tag-spalletti-bis","tag-sport","tag-sports","tag-tecnico"],"share_on_mastodon":{"url":"","error":"Validation failed: Text character limit of 500 exceeded"},"_links":{"self":[{"href":"https:\/\/www.europesays.com\/it\/wp-json\/wp\/v2\/posts\/428350","targetHints":{"allow":["GET"]}}],"collection":[{"href":"https:\/\/www.europesays.com\/it\/wp-json\/wp\/v2\/posts"}],"about":[{"href":"https:\/\/www.europesays.com\/it\/wp-json\/wp\/v2\/types\/post"}],"author":[{"embeddable":true,"href":"https:\/\/www.europesays.com\/it\/wp-json\/wp\/v2\/users\/3"}],"replies":[{"embeddable":true,"href":"https:\/\/www.europesays.com\/it\/wp-json\/wp\/v2\/comments?post=428350"}],"version-history":[{"count":0,"href":"https:\/\/www.europesays.com\/it\/wp-json\/wp\/v2\/posts\/428350\/revisions"}],"wp:featuredmedia":[{"embeddable":true,"href":"https:\/\/www.europesays.com\/it\/wp-json\/wp\/v2\/media\/428351"}],"wp:attachment":[{"href":"https:\/\/www.europesays.com\/it\/wp-json\/wp\/v2\/media?parent=428350"}],"wp:term":[{"taxonomy":"category","embeddable":true,"href":"https:\/\/www.europesays.com\/it\/wp-json\/wp\/v2\/categories?post=428350"},{"taxonomy":"post_tag","embeddable":true,"href":"https:\/\/www.europesays.com\/it\/wp-json\/wp\/v2\/tags?post=428350"}],"curies":[{"name":"wp","href":"https:\/\/api.w.org\/{rel}","templated":true}]}}