{"id":428897,"date":"2026-04-05T08:54:15","date_gmt":"2026-04-05T08:54:15","guid":{"rendered":"https:\/\/www.europesays.com\/it\/428897\/"},"modified":"2026-04-05T08:54:15","modified_gmt":"2026-04-05T08:54:15","slug":"una-mini-casa-a-milano-con-pareti-magiche","status":"publish","type":"post","link":"https:\/\/www.europesays.com\/it\/428897\/","title":{"rendered":"Una mini-casa a Milano con pareti magiche"},"content":{"rendered":"<p data-journey-content=\"true\" data-node-id=\"3\" class=\"css-6wxqfj emevuu60\">&#8220;Una <strong data-node-id=\"3.1\">casa<\/strong> <strong data-node-id=\"3.3\">a<\/strong> <strong data-node-id=\"3.5\"><a href=\"https:\/\/www.elledecor.com\/it\/viaggi\/a70452144\/ristoranti-milano-senza-prenotazione\/\" target=\"_blank\" data-vars-ga-outbound-link=\"https:\/\/www.elledecor.com\/it\/viaggi\/a70452144\/ristoranti-milano-senza-prenotazione\/\" data-vars-ga-ux-element=\"Hyperlink\" data-vars-ga-call-to-action=\"Milano\" data-node-id=\"3.5.0\" class=\"body-link css-g36lkp emevuu60\" rel=\"nofollow noopener\">Milano<\/a><\/strong>, che potrebbe essere a <strong data-node-id=\"3.7\"><a href=\"https:\/\/www.elledecor.com\/it\/design\/a70576437\/centro-culturale-sotto-ferrovia\/\" target=\"_blank\" data-vars-ga-outbound-link=\"https:\/\/www.elledecor.com\/it\/design\/a70576437\/centro-culturale-sotto-ferrovia\/\" data-vars-ga-ux-element=\"Hyperlink\" data-vars-ga-call-to-action=\"Tokyo\" data-node-id=\"3.7.0\" class=\"body-link css-g36lkp emevuu60\" rel=\"nofollow noopener\">Tokyo<\/a><\/strong>&#8220;, scrivono gli architetti di <strong data-node-id=\"3.9\">23bassi studio<\/strong>. Il titolo di questo progetto \u00e8 (gi\u00e0) un programma. Questa <strong data-node-id=\"3.11\"><a href=\"https:\/\/www.elledecor.com\/it\/case-piccole\/\" target=\"_blank\" data-vars-ga-outbound-link=\"https:\/\/www.elledecor.com\/it\/case-piccole\/\" data-vars-ga-ux-element=\"Hyperlink\" data-vars-ga-call-to-action=\"mini-casa\" data-node-id=\"3.11.0\" class=\"body-link css-g36lkp emevuu60\" rel=\"nofollow noopener\">mini-casa<\/a><\/strong> si chiama Wabi Sabi ed \u00e8 ispirata all&#8217;omonima visione del <a href=\"https:\/\/www.elledecor.com\/it\/viaggi\/a39733383\/citta-del-giappone-da-visitare\/\" target=\"_blank\" data-vars-ga-outbound-link=\"https:\/\/www.elledecor.com\/it\/viaggi\/a39733383\/citta-del-giappone-da-visitare\/\" data-vars-ga-ux-element=\"Hyperlink\" data-vars-ga-call-to-action=\"mondo giapponese\" data-node-id=\"3.15\" class=\"body-link css-g36lkp emevuu60\" rel=\"nofollow noopener\">mondo giapponese<\/a>, fondata sull\u2019accettazione della transitoriet\u00e0 e dell\u2019imperfezione delle cose. Posizionato nel centro della citt\u00e0 meneghina, lo spazio \u00e8 un luogo capace di adattarsi e plasmarsi sulle necessit\u00e0 della vita di oggi: cos\u00ec veloce. La leggerezza dell&#8217;abitare, qui, diventa una poesia visiva punteggiata da oggetti e arredi su misura che si aprono e si chiudono all&#8217;occorrenza. Ogni elemento non \u00e8 stato pensato per riempire gli ambienti. Al contrario, funziona come sipario di qualcosa che va oltre, cavalcando, sempre, l&#8217;onda della semplicit\u00e0. <\/p>\n<p><img draggable=\"true\" alt=\"mini casa a scompartimenti\" title=\"Mini-casa a scompartimenti\" loading=\"lazy\" width=\"2500\" height=\"1667\" decoding=\"async\" data-nimg=\"1\" style=\"color:transparent;width:100%;height:auto;\"   src=\"https:\/\/www.europesays.com\/it\/wp-content\/uploads\/2026\/04\/f645e969-fb83-4925-9d17-a4e58f9ed755.jpg\" class=\"css-0 e1g79fud0\"\/><a target=\"_blank\" rel=\"noopener nofollow\" data-theme-key=\"base-link\" href=\"https:\/\/pinterest.com\/pin\/create\/button\/?url=https:\/\/www.elledecor.com\/it\/case\/a70927350\/mini-casa-milano-pareti-scomparsa\/&amp;description=elledecoritalia&amp;media=https:\/\/hips.hearstapps.com\/hmg-prod\/images\/f645e969-fb83-4925-9d17-a4e58f9ed755.jpg?resize=1600:*\" class=\"pinterest css-on9hn5 e1socmtw0\"><img decoding=\"async\" data-dynamic-svg=\"true\" src=\"https:\/\/www.elledecor.com\/_assets\/design-tokens\/fre\/static\/icons\/social\/pinterest.e8cf655.svg?primary=%2523ffffff\" loading=\"lazy\" data-testid=\"dynamic-svg-base\" height=\"auto\" width=\"auto\" alt=\"pinterest\" class=\"css-4lml0h e1mlxuuw1\"\/><\/a><\/p>\n<p>Marco Curatolo<\/p>\n<p><img draggable=\"true\" alt=\"mini casa a scompartimenti\" title=\"Mini-casa a scompartimenti\" loading=\"lazy\" width=\"2500\" height=\"1667\" decoding=\"async\" data-nimg=\"1\" style=\"color:transparent;width:100%;height:auto;\"   src=\"https:\/\/www.europesays.com\/it\/wp-content\/uploads\/2026\/04\/b3406553-c70b-43c1-be00-b9011d0134c3.jpg\" class=\"css-0 e1g79fud0\"\/><a target=\"_blank\" rel=\"noopener nofollow\" data-theme-key=\"base-link\" href=\"https:\/\/pinterest.com\/pin\/create\/button\/?url=https:\/\/www.elledecor.com\/it\/case\/a70927350\/mini-casa-milano-pareti-scomparsa\/&amp;description=elledecoritalia&amp;media=https:\/\/hips.hearstapps.com\/hmg-prod\/images\/b3406553-c70b-43c1-be00-b9011d0134c3.jpg?resize=1600:*\" class=\"pinterest css-on9hn5 e1socmtw0\"><img decoding=\"async\" data-dynamic-svg=\"true\" src=\"https:\/\/www.elledecor.com\/_assets\/design-tokens\/fre\/static\/icons\/social\/pinterest.e8cf655.svg?primary=%2523ffffff\" loading=\"lazy\" data-testid=\"dynamic-svg-base\" height=\"auto\" width=\"auto\" alt=\"pinterest\" class=\"css-4lml0h e1mlxuuw1\"\/><\/a><\/p>\n<p>Marco Curatolo<\/p>\n<p data-journey-content=\"true\" data-node-id=\"11\" class=\"css-6wxqfj emevuu60\">L&#8217;appartamento si sviluppa intorno a un <strong data-node-id=\"11.1\">grande spazio centrale<\/strong>, in cui convivono zone differenti: la cucina, il living, la sala da pranzo e un corner per gli ospiti. Facendo largo alla convivialit\u00e0, il progetto di restyling ha eliminato qualsiasi ordine gerarchico, attribuendo allo spazio equit\u00e0 e, soprattutto, la grande capacit\u00e0 di trasformarsi all&#8217;evenienza. Per esempio, i fornelli scompaiono dietro pareti scorrevoli realizzare in legno e carta di riso, che corteggiano palesemente il concetto di sh\u014dji giapponese. Da chiuso, il fronte restituisce un volume pulito e continuo; da aperto, rivela uno spazio operativo e lucente. Funzionalit\u00e0 simile per la parete attrezzata che custodisce un letto singolo (ribaltabile in pochi secondi). Cos\u00ec, questa fetta di casa pu\u00f2 diventare un angolo giustissimo per ospitare amici e pareti.<\/p>\n<p><img draggable=\"true\" alt=\"mini casa a scompartimenti\" title=\"Mini-casa a scompartimenti\" loading=\"lazy\" width=\"2500\" height=\"1667\" decoding=\"async\" data-nimg=\"1\" style=\"color:transparent;width:100%;height:auto;\"   src=\"https:\/\/www.europesays.com\/it\/wp-content\/uploads\/2026\/04\/c7571725-0107-4f3f-89ad-33e3d5aa7d64.jpg\" class=\"css-0 e1g79fud0\"\/><a target=\"_blank\" rel=\"noopener nofollow\" data-theme-key=\"base-link\" href=\"https:\/\/pinterest.com\/pin\/create\/button\/?url=https:\/\/www.elledecor.com\/it\/case\/a70927350\/mini-casa-milano-pareti-scomparsa\/&amp;description=elledecoritalia&amp;media=https:\/\/hips.hearstapps.com\/hmg-prod\/images\/c7571725-0107-4f3f-89ad-33e3d5aa7d64.jpg?resize=1600:*\" class=\"pinterest css-on9hn5 e1socmtw0\"><img decoding=\"async\" data-dynamic-svg=\"true\" src=\"https:\/\/www.elledecor.com\/_assets\/design-tokens\/fre\/static\/icons\/social\/pinterest.e8cf655.svg?primary=%2523ffffff\" loading=\"lazy\" data-testid=\"dynamic-svg-base\" height=\"auto\" width=\"auto\" alt=\"pinterest\" class=\"css-4lml0h e1mlxuuw1\"\/><\/a><\/p>\n<p>Marco Curatolo<\/p>\n<p><img draggable=\"true\" alt=\"mini casa a scompartimenti\" title=\"Mini-casa a scompartimenti\" loading=\"lazy\" width=\"2500\" height=\"1667\" decoding=\"async\" data-nimg=\"1\" style=\"color:transparent;width:100%;height:auto;\"   src=\"https:\/\/www.europesays.com\/it\/wp-content\/uploads\/2026\/04\/82443eab-f959-45ad-9e7d-30d529e80c0f.jpg\" class=\"css-0 e1g79fud0\"\/><a target=\"_blank\" rel=\"noopener nofollow\" data-theme-key=\"base-link\" href=\"https:\/\/pinterest.com\/pin\/create\/button\/?url=https:\/\/www.elledecor.com\/it\/case\/a70927350\/mini-casa-milano-pareti-scomparsa\/&amp;description=elledecoritalia&amp;media=https:\/\/hips.hearstapps.com\/hmg-prod\/images\/82443eab-f959-45ad-9e7d-30d529e80c0f.jpg?resize=1600:*\" class=\"pinterest css-on9hn5 e1socmtw0\"><img decoding=\"async\" data-dynamic-svg=\"true\" src=\"https:\/\/www.elledecor.com\/_assets\/design-tokens\/fre\/static\/icons\/social\/pinterest.e8cf655.svg?primary=%2523ffffff\" loading=\"lazy\" data-testid=\"dynamic-svg-base\" height=\"auto\" width=\"auto\" alt=\"pinterest\" class=\"css-4lml0h e1mlxuuw1\"\/><\/a><\/p>\n<p>Marco Curatolo<\/p>\n<p data-journey-content=\"true\" data-node-id=\"18\" class=\"css-6wxqfj emevuu60\">Il fatto che tutto sia facilmente sdoppiabile (o addirittura triplicabile) realizza un appartamento perfetto per la nostra quotidianit\u00e0, talvolta improvvisa. La falegnameria, firmata da <a href=\"https:\/\/www.plinioilgiovane.com\/\" target=\"_blank\" data-vars-ga-outbound-link=\"https:\/\/www.plinioilgiovane.com\/\" data-vars-ga-ux-element=\"Hyperlink\" data-vars-ga-call-to-action=\"Plinio il Giovane Milano,\" data-node-id=\"18.1\" class=\"body-link css-g36lkp emevuu60\" rel=\"nofollow noopener\">Plinio il Giovane Milano,<\/a> ha dato concretezza a un disegno concettuale fatto di librerie, pannelli scorrevoli e strutture integrate. A questo proposito, il progetto lavora sull&#8217;idea di sottrazione. Questa lezione sull&#8217;organizzazione di una superficie piccola con versatilit\u00e0 espandibile \u00e8 anche si concretizza con materiali naturali e superfici in grado di esaltare la luce. Questo \u00e8 l&#8217;espediente chiave della casa che diventa un elemento architettonico a s\u00e9. <\/p>\n<p data-journey-content=\"true\" data-node-id=\"25\" class=\"css-6wxqfj emevuu60\"><a href=\"https:\/\/www.23bassi.com\/\" target=\"_blank\" rel=\"nofollow noopener\" data-vars-ga-outbound-link=\"https:\/\/www.23bassi.com\/\" data-vars-ga-ux-element=\"Hyperlink\" data-vars-ga-call-to-action=\"www.23bassi.com\" data-node-id=\"25.0\" class=\"body-link css-g36lkp emevuu60\">www.23bassi.com<\/a><\/p>\n<p><img src=\"https:\/\/www.europesays.com\/it\/wp-content\/uploads\/2026\/04\/1775379255_953_e84fffd4-6caa-4927-b6a7-ab5791add78d_1694417339.file.png\" alt=\"Headshot of Alessia Musillo\" title=\"Headshot of Alessia Musillo\" width=\"100%\" height=\"100%\" decoding=\"async\" loading=\"lazy\" class=\"css-o0wq4v ev8dhu53\"\/><\/p>\n<p>Alessia Musillo \u00e8 Head of Content di Elledecor.it e Marie Claire Maison Italia digital. Laureata all\u2019Universit\u00e0 Statale di Milano con una tesi custodita presso la Fondazione Treccani di Milano, ha studiato anche Modern Languages presso la University of Strathclyde a Glasgow (UK) e Semiotics presso la University of Tartu (Estonia). Dopo aver collaborato con diverse testate giornalistiche, oggi trasforma l\u2019attualit\u00e0 in racconti scrivendo di citt\u00e0, design e cultura pop per il sito web di Elle Decor Italia. Potete seguirla su Instagram (@alessia__musillo) o leggendo Elledecor.it. I suoi articoli sono viaggi sulle tracce dell\u2019abitare contemporaneo. Il suo mezzo? La parola. \u00a0\u00a0\u00a0\u00a0\u00a0<\/p>\n","protected":false},"excerpt":{"rendered":"&#8220;Una casa a Milano, che potrebbe essere a Tokyo&#8220;, scrivono gli architetti di 23bassi studio. Il titolo di&hellip;\n","protected":false},"author":3,"featured_media":428898,"comment_status":"","ping_status":"","sticky":false,"template":"","format":"standard","meta":{"footnotes":"","_share_on_mastodon":"0"},"categories":[1446],"tags":[1615,1613,1614,1611,1610,5134,1612,203,204,1537,90,89,15327],"class_list":["post-428897","post","type-post","status-publish","format-standard","has-post-thumbnail","category-arte-e-design","tag-arte","tag-arte-e-design","tag-arteedesign","tag-arts","tag-arts-and-design","tag-casa","tag-design","tag-entertainment","tag-intrattenimento","tag-it","tag-italia","tag-italy","tag-mini-casa"],"share_on_mastodon":{"url":"https:\/\/pubeurope.com\/@it\/116351262380489259","error":""},"_links":{"self":[{"href":"https:\/\/www.europesays.com\/it\/wp-json\/wp\/v2\/posts\/428897","targetHints":{"allow":["GET"]}}],"collection":[{"href":"https:\/\/www.europesays.com\/it\/wp-json\/wp\/v2\/posts"}],"about":[{"href":"https:\/\/www.europesays.com\/it\/wp-json\/wp\/v2\/types\/post"}],"author":[{"embeddable":true,"href":"https:\/\/www.europesays.com\/it\/wp-json\/wp\/v2\/users\/3"}],"replies":[{"embeddable":true,"href":"https:\/\/www.europesays.com\/it\/wp-json\/wp\/v2\/comments?post=428897"}],"version-history":[{"count":0,"href":"https:\/\/www.europesays.com\/it\/wp-json\/wp\/v2\/posts\/428897\/revisions"}],"wp:featuredmedia":[{"embeddable":true,"href":"https:\/\/www.europesays.com\/it\/wp-json\/wp\/v2\/media\/428898"}],"wp:attachment":[{"href":"https:\/\/www.europesays.com\/it\/wp-json\/wp\/v2\/media?parent=428897"}],"wp:term":[{"taxonomy":"category","embeddable":true,"href":"https:\/\/www.europesays.com\/it\/wp-json\/wp\/v2\/categories?post=428897"},{"taxonomy":"post_tag","embeddable":true,"href":"https:\/\/www.europesays.com\/it\/wp-json\/wp\/v2\/tags?post=428897"}],"curies":[{"name":"wp","href":"https:\/\/api.w.org\/{rel}","templated":true}]}}