{"id":429369,"date":"2026-04-05T16:21:25","date_gmt":"2026-04-05T16:21:25","guid":{"rendered":"https:\/\/www.europesays.com\/it\/429369\/"},"modified":"2026-04-05T16:21:25","modified_gmt":"2026-04-05T16:21:25","slug":"con-nicolo-doveva-finire-non-siamo-ne-amici-ne-nemici-ora-sono-fidanzata-con-vito-e-vorrei-diventare-mamma","status":"publish","type":"post","link":"https:\/\/www.europesays.com\/it\/429369\/","title":{"rendered":"\u00abCon Nicol\u00f2 doveva finire, non siamo n\u00e9 amici, n\u00e9 nemici. Ora sono fidanzata con Vito e vorrei diventare mamma\u00bb"},"content":{"rendered":"<p>&#13;<br \/>\n                               &#13;<br \/>\n                                                &#13;<br \/>\n                &#13;<\/p>\n<p><strong><a href=\"https:\/\/www.leggo.it\/t\/veronica-ruggeri\" rel=\"nofollow noopener\" target=\"_blank\">Veronica Ruggeri<\/a><\/strong> si racconta a\u00a0<strong><a href=\"https:\/\/www.leggo.it\/t\/verissimo\" rel=\"nofollow noopener\" target=\"_blank\">Verissimo<\/a><\/strong>\u00a0e ripercorre le tappe pi\u00f9 importanti della sua vita, dagli inizi difficili fino all\u2019esperienza a\u00a0Le Iene. Nel corso dell\u2019intervista parla anche della storia finita con <strong><a href=\"https:\/\/www.leggo.it\/t\/nicolo-de-devitiis\" rel=\"nofollow noopener\" target=\"_blank\">Nicol\u00f2 De Devitiis<\/a><\/strong> e del nuovo amore con Vito, con cui oggi guarda al futuro. Sugli esordi in tv e sulla lunga gavetta, Veronica spiega: \u00abSono andata via di casa a 21 anni. I miei genitori avevano paura per il mio futuro perch\u00e9 all&#8217;inizio non andavo in onda a\u00a0Le Iene, dovevo osservare e imparare\u00bb.<\/p>\n<p>&#13;<br \/>\n&#13;<br \/>\nIl nuovo amore&#13;<br \/>\n&#13;<\/p>\n<p>Poi spazio alla vita privata e al desiderio di maternit\u00e0, che oggi sente sempre pi\u00f9 vicino: \u00abMi piacerebbe molto diventare mamma, ci sto pensando. Mi auguro di costruire una famiglia come la mia\u00bb. La iena svela che \u00abC\u2019\u00e8 un fidanzato da quasi un anno e mezzo, <strong>Vito<\/strong>. <strong>Fa il cantautore<\/strong>. Ci siamo conosciuti sei anni fa, si \u00e8 tuffato nei miei capelli, chiedendomi che shampoo usassi. Poi ha visto che ero fidanzata perch\u00e9 mi stavo baciando con il mio ex Nicol\u00f2. Qualche tempo fa, ci siamo rivisti, entrambi single e lui\u00a0mi ha chiesto che balsamo usassi\u00bb.<\/p>\n<p>&#13;<br \/>\n&#13;<br \/>\nLa storia finita con Nicol\u00f2&#13;<br \/>\n&#13;<br \/>\n&#13;<br \/>\n&#13;<\/p>\n<p>Prima di Vito, Veronica era fidanzata con Nicol\u00f2 De Devitiis, collega de Le iene con cui ha trascorso insieme 5 anni. <\/p>\n<p>I due si sono lasciati in rapporti civili. A Verissimo lei\u00a0parla con sincerit\u00e0 della relazione finita: \u00ab\u00c8 stato bello, ma ci siamo lasciati. Dove andare cos\u00ec, era finito tutto. Ora siamo felici entrambi, siamo colleghi e ci rispettiamo. Non siamo n\u00e9 amici, n\u00e9 nemici. Ma non c\u2019entrano i figli o la volont\u00e0 di creare una nuova famiglia\u00bb.                                &#13;<br \/>\n                &#13;<br \/>\n&#13;<br \/>\n                Ultimo aggiornamento: sabato 4 aprile 2026, 20:10&#13;<br \/>\n                <br \/>&#13;<br \/>\n                &#13;<br \/>\n                  &#13;<br \/>\n                    &#13;<br \/>\n                        \u00a9 RIPRODUZIONE RISERVATA&#13;<\/p>\n<p>&#13;<\/p>\n<p>                    &#13;<\/p>\n","protected":false},"excerpt":{"rendered":"&#13; &#13; &#13; &#13; Veronica Ruggeri si racconta a\u00a0Verissimo\u00a0e ripercorre le tappe pi\u00f9 importanti della sua vita, dagli&hellip;\n","protected":false},"author":3,"featured_media":429370,"comment_status":"","ping_status":"","sticky":false,"template":"","format":"standard","meta":{"footnotes":"","_share_on_mastodon":"0"},"categories":[174],"tags":[203,204,1537,90,89,22839,28859],"class_list":["post-429369","post","type-post","status-publish","format-standard","has-post-thumbnail","category-intrattenimento","tag-entertainment","tag-intrattenimento","tag-it","tag-italia","tag-italy","tag-verissimo","tag-veronica-ruggeri"],"share_on_mastodon":{"url":"https:\/\/pubeurope.com\/@it\/116353020068493047","error":""},"_links":{"self":[{"href":"https:\/\/www.europesays.com\/it\/wp-json\/wp\/v2\/posts\/429369","targetHints":{"allow":["GET"]}}],"collection":[{"href":"https:\/\/www.europesays.com\/it\/wp-json\/wp\/v2\/posts"}],"about":[{"href":"https:\/\/www.europesays.com\/it\/wp-json\/wp\/v2\/types\/post"}],"author":[{"embeddable":true,"href":"https:\/\/www.europesays.com\/it\/wp-json\/wp\/v2\/users\/3"}],"replies":[{"embeddable":true,"href":"https:\/\/www.europesays.com\/it\/wp-json\/wp\/v2\/comments?post=429369"}],"version-history":[{"count":0,"href":"https:\/\/www.europesays.com\/it\/wp-json\/wp\/v2\/posts\/429369\/revisions"}],"wp:featuredmedia":[{"embeddable":true,"href":"https:\/\/www.europesays.com\/it\/wp-json\/wp\/v2\/media\/429370"}],"wp:attachment":[{"href":"https:\/\/www.europesays.com\/it\/wp-json\/wp\/v2\/media?parent=429369"}],"wp:term":[{"taxonomy":"category","embeddable":true,"href":"https:\/\/www.europesays.com\/it\/wp-json\/wp\/v2\/categories?post=429369"},{"taxonomy":"post_tag","embeddable":true,"href":"https:\/\/www.europesays.com\/it\/wp-json\/wp\/v2\/tags?post=429369"}],"curies":[{"name":"wp","href":"https:\/\/api.w.org\/{rel}","templated":true}]}}