{"id":429435,"date":"2026-04-05T17:33:15","date_gmt":"2026-04-05T17:33:15","guid":{"rendered":"https:\/\/www.europesays.com\/it\/429435\/"},"modified":"2026-04-05T17:33:15","modified_gmt":"2026-04-05T17:33:15","slug":"mercato-biasin-ho-chiesto-su-bastoni-e-mi-hanno-detto-che-linter","status":"publish","type":"post","link":"https:\/\/www.europesays.com\/it\/429435\/","title":{"rendered":"Mercato, Biasin: &#8220;Ho chiesto su Bastoni e mi hanno detto che l&#8217;Inter&#8230;&#8221;"},"content":{"rendered":"<p>A SportiumFUN, Fabrizio Biasin, giornalista, ha parlato cos\u00ec del futuro di Alessandro Bastoni e del pressing del Barcellona<\/p>\n<p>Intervenuto in live su SportiumFUN, <strong>Fabrizio Biasin<\/strong>, giornalista, ha parlato cos\u00ec <a href=\"https:\/\/www.fcinter1908.it\/social\/frosio-gds-spiega-errore-bastoni-rimprovera-gattuso\/\" rel=\"nofollow noopener\" target=\"_blank\">del futuro di <strong>Alessandro Bastoni<\/strong><\/a> e del pressing del Barcellona:\u00a0&#8220;Ho provato a fare il mio mestiere. Va detto che nel recente passato l&#8217;Inter ha venduto Onana per pi\u00f9 di 50 milioni: l&#8217;idea che l&#8217;Inter possa vendere Bastoni ad una cifra inferiore \u00e8 fantasiosa.<\/p>\n<p>Io ho fatto le mie ricerche e la risposta \u00e8 stata &#8220;l&#8217;Inter non lo vende a 50 milioni&#8221;. Perch\u00e9 non vuole venderlo l&#8217;Inter. Se arriva il Barcellona e porta 80 milioni allora se il giocatore \u00e8 d&#8217;accordo&#8230; Non risulta che Bastoni abbia detto che vuole andare via, questa cosa non \u00e8 agli atti&#8221;.<\/p>\n<p class=\"is-copyright\">\u00a9 RIPRODUZIONE RISERVATA<\/p>\n","protected":false},"excerpt":{"rendered":"A SportiumFUN, Fabrizio Biasin, giornalista, ha parlato cos\u00ec del futuro di Alessandro Bastoni e del pressing del Barcellona&hellip;\n","protected":false},"author":3,"featured_media":429436,"comment_status":"","ping_status":"","sticky":false,"template":"","format":"standard","meta":{"footnotes":"","_share_on_mastodon":"0"},"categories":[1452],"tags":[2535,45078,243372,351,19898,243373,10107,721,1740,350,1537,90,89,1739,245,244],"class_list":["post-429435","post","type-post","status-publish","format-standard","has-post-thumbnail","category-calcio","tag-alessandro","tag-alessandro-bastoni","tag-alessandro-bastoni-pressing","tag-barcellona","tag-bastoni","tag-bastoni-pressing","tag-biasin","tag-calcio","tag-football","tag-inter","tag-it","tag-italia","tag-italy","tag-soccer","tag-sport","tag-sports"],"share_on_mastodon":{"url":"https:\/\/pubeurope.com\/@it\/116353302996243230","error":""},"_links":{"self":[{"href":"https:\/\/www.europesays.com\/it\/wp-json\/wp\/v2\/posts\/429435","targetHints":{"allow":["GET"]}}],"collection":[{"href":"https:\/\/www.europesays.com\/it\/wp-json\/wp\/v2\/posts"}],"about":[{"href":"https:\/\/www.europesays.com\/it\/wp-json\/wp\/v2\/types\/post"}],"author":[{"embeddable":true,"href":"https:\/\/www.europesays.com\/it\/wp-json\/wp\/v2\/users\/3"}],"replies":[{"embeddable":true,"href":"https:\/\/www.europesays.com\/it\/wp-json\/wp\/v2\/comments?post=429435"}],"version-history":[{"count":0,"href":"https:\/\/www.europesays.com\/it\/wp-json\/wp\/v2\/posts\/429435\/revisions"}],"wp:featuredmedia":[{"embeddable":true,"href":"https:\/\/www.europesays.com\/it\/wp-json\/wp\/v2\/media\/429436"}],"wp:attachment":[{"href":"https:\/\/www.europesays.com\/it\/wp-json\/wp\/v2\/media?parent=429435"}],"wp:term":[{"taxonomy":"category","embeddable":true,"href":"https:\/\/www.europesays.com\/it\/wp-json\/wp\/v2\/categories?post=429435"},{"taxonomy":"post_tag","embeddable":true,"href":"https:\/\/www.europesays.com\/it\/wp-json\/wp\/v2\/tags?post=429435"}],"curies":[{"name":"wp","href":"https:\/\/api.w.org\/{rel}","templated":true}]}}