{"id":42960,"date":"2025-08-12T10:48:10","date_gmt":"2025-08-12T10:48:10","guid":{"rendered":"https:\/\/www.europesays.com\/it\/42960\/"},"modified":"2025-08-12T10:48:10","modified_gmt":"2025-08-12T10:48:10","slug":"giulio-base-ecco-il-mio-viaggio-nella-mente-di-giuda-cinema","status":"publish","type":"post","link":"https:\/\/www.europesays.com\/it\/42960\/","title":{"rendered":"Giulio Base, &#8216;ecco il mio viaggio nella mente di Giuda&#8217; &#8211; Cinema"},"content":{"rendered":"<p>Un debole, un infido, un ribelle che vuole la rivoluzione, un uomo che si sente tradito, lo strumento consapevole della volont\u00e0 umana e divina. Sono tanti i volti che la letteratura, il cinema e le altre forme d&#8217;arte hanno dato all&#8217;apostolo che &#8220;vende&#8221; Ges\u00f9 e poi si suicida. Per raccontarlo Giulio Base fa una scelta aperta all&#8217;interpretazione della spettatore nel film Il vangelo di Giuda, supportato da un cast che comprende Giancarlo Giannini (voce narrante del protagonista nella versione italiana, in quella francese \u00e8 Lambert Wilson), Rupert Everett, Tomasz Kot, Paz Vega, Abel Ferrara, Vincenzo Galluzzo (nel ruolo di Ges\u00f9), Ada Roncone e John Savage. Il film \u00e8 al debutto in prima mondiale fuori concorso al Festival di Locarno e sar\u00e0 distribuito prossimamente in sala da Eagle Pictures. &#8220;Avevo gi\u00e0 raccontato alcune storie evangeliche (in fiction come San Pietro, ndr) e non ero rimasto completamente soddisfatto &#8211; spiega all&#8217;ANSA Base, che del film \u00e8 anche sceneggiatore -. Stavolta pi\u00f9 scrivevo e pi\u00f9 pensavo al voler fare un viaggio nella mente di Giuda, sentire veramente il flusso della sua coscienza&#8221;. Un&#8217;idea che nella messa in scena \u00e8 risolta non mostrando mai l&#8217;aspetto del protagonista adulto, prediligendo le riprese in soggettiva, per un racconto affidato ai suoi pensieri ma senza la sua partecipazione ai dialoghi (in aramaico e comunque stringati, per tutti i personaggi). <br \/>\u00a0\u00a0\u00a0 Per il film, prodotto da Agnus Dei, Minerva Pictures con Rai Cinema in coproduzione con Agresywna Banda e con il contributo di Calabria Film Commission, Base, laureato in lettere moderne e teologia, si \u00e8 liberamente ispirato ai vangeli (compreso quello apocrifo di Giuda) e ha letto o riletto in fase di preparazione oltre 100 testi, letterari e non sul tema, da Borges a Berto. Da l\u00ec sono arrivati gli input anche per l&#8217;invenzione cinematografica, che prevale nella parte sulle origini di Giuda, raccontato come figlio di una prostituta, cresciuto in un bordello, diventato omicida da bambino per sottrarsi agli abusi. <br \/>\u00a0\u00a0\u00a0 Da adulto, diventato a sua volta tenutario del postribolo, decide di abbandonare tutto per seguire Ges\u00f9 quando il giovane e misterioso &#8216;guaritore&#8217; salva dalla lapidazione la sorella di Giuda, Maria Maddalena, anche lei prostituta. Tuttavia i sogni, i desideri e le aspettative di Giuda su Ges\u00f9 si scontrano con realt\u00e0 sempre difficili da comprendere, fino alla scelta pi\u00f9 violenta. &#8220;Quello che volevo in qualche modo rappresentare \u00e8 che Giuda ci siamo tutti noi. Quante volte sbagliamo, quante volte siamo impuri, quante volte nel bene o nel male tradiamo. Il tradimento non \u00e8 soltanto quello fisico, d&#8217;amicizia o di relazione, \u00e8 anche un tradire se stessi, sbagliare nelle scelte&#8221;, sottolinea il regista. <br \/>\u00a0\u00a0\u00a0 Base, che \u00e8 reduce dall&#8217;uscita in sala a luglio tra critiche e giudizi contrastanti, di Albatross (incentrato su Almerigo Grilz, militante neofascista diventato reporter di guerra, morto in Mozambico nel 1987), nella sua carriera ha affrontato pi\u00f9 volte il racconto, per la tv, di figure religiose, da Padre Pio a Giovanni Paolo II. &#8220;Erano film che ho fatto con grande gioia ma non venivano da una mia spinta interiore. Questo nasce dalle mie domande su Giuda. \u00c8 una figura che mi ha sempre intenerito&#8221;, perch\u00e9 se nelle Sacre Scritture &#8220;c&#8217;era un disegno, Giuda ne era parte e quindi per certi versi \u00e8 incolpevole&#8221;. <br \/>\u00a0\u00a0\u00a0 Un impegno da regista mentre \u00e8 nel pieno della preparazione anche del Torino Film Festival di cui \u00e8 direttore artistico, ruolo in cui ha esordito nel 2024 e che ha portato negli ultimi mesi varie polemiche, gi\u00e0 respinte dal cineasta, per lo sforamento del budget e la nomina come consulente della moglie di Base, Tiziana Rocca, produttrice, organizzatrice di eventi e, fra gli altri, direttrice del Taormina Film Festival. &#8220;Era inevitabile che la mia nomina portasse anche delle polemiche, non piace a tutti Ges\u00f9, figurati se posso piacere a tutti io &#8211; scherza -. Per\u00f2 forse sono da psicanalizzare in questo senso, perch\u00e9 la mia prima risposta alle critiche, ai titoli brutali, \u00e8 una risata, non me la prendo. Poi lo spirito critico ben venga, \u00e8 impossibile fare contenti tutti&#8221;.  <br \/>\u00a0 \u00a0<br \/>\u00a0\u00a0\u00a0<\/p>\n<p class=\"article-copyright\">\n<p>Riproduzione riservata \u00a9 Copyright ANSA<\/p>\n","protected":false},"excerpt":{"rendered":"Un debole, un infido, un ribelle che vuole la rivoluzione, un uomo che si sente tradito, lo strumento&hellip;\n","protected":false},"author":3,"featured_media":42961,"comment_status":"","ping_status":"","sticky":false,"template":"","format":"standard","meta":{"footnotes":""},"categories":[1442],"tags":[38154,15069,2389,203,451,38151,454,20576,20537,38152,15259,204,1537,90,89,34889,1521,2379,38153,15273,5994,1652,13637],"class_list":{"0":"post-42960","1":"post","2":"type-post","3":"status-publish","4":"format-standard","5":"has-post-thumbnail","7":"category-film","8":"tag-apostolo","9":"tag-aspettativa","10":"tag-cast","11":"tag-entertainment","12":"tag-evento","13":"tag-fare","14":"tag-film","15":"tag-film-festival","16":"tag-gesu","17":"tag-giancarlo-giannini","18":"tag-giulio-base","19":"tag-intrattenimento","20":"tag-it","21":"tag-italia","22":"tag-italy","23":"tag-locarno","24":"tag-movies","25":"tag-personaggio","26":"tag-postribolo","27":"tag-tiziana-rocca","28":"tag-tradimento","29":"tag-viaggio","30":"tag-volto"},"share_on_mastodon":{"url":"","error":""},"_links":{"self":[{"href":"https:\/\/www.europesays.com\/it\/wp-json\/wp\/v2\/posts\/42960","targetHints":{"allow":["GET"]}}],"collection":[{"href":"https:\/\/www.europesays.com\/it\/wp-json\/wp\/v2\/posts"}],"about":[{"href":"https:\/\/www.europesays.com\/it\/wp-json\/wp\/v2\/types\/post"}],"author":[{"embeddable":true,"href":"https:\/\/www.europesays.com\/it\/wp-json\/wp\/v2\/users\/3"}],"replies":[{"embeddable":true,"href":"https:\/\/www.europesays.com\/it\/wp-json\/wp\/v2\/comments?post=42960"}],"version-history":[{"count":0,"href":"https:\/\/www.europesays.com\/it\/wp-json\/wp\/v2\/posts\/42960\/revisions"}],"wp:featuredmedia":[{"embeddable":true,"href":"https:\/\/www.europesays.com\/it\/wp-json\/wp\/v2\/media\/42961"}],"wp:attachment":[{"href":"https:\/\/www.europesays.com\/it\/wp-json\/wp\/v2\/media?parent=42960"}],"wp:term":[{"taxonomy":"category","embeddable":true,"href":"https:\/\/www.europesays.com\/it\/wp-json\/wp\/v2\/categories?post=42960"},{"taxonomy":"post_tag","embeddable":true,"href":"https:\/\/www.europesays.com\/it\/wp-json\/wp\/v2\/tags?post=42960"}],"curies":[{"name":"wp","href":"https:\/\/api.w.org\/{rel}","templated":true}]}}