{"id":429908,"date":"2026-04-06T01:13:14","date_gmt":"2026-04-06T01:13:14","guid":{"rendered":"https:\/\/www.europesays.com\/it\/429908\/"},"modified":"2026-04-06T01:13:14","modified_gmt":"2026-04-06T01:13:14","slug":"lijnders-bernardo-silva-non-tornera-a-manchester-dopo-il-mondiale","status":"publish","type":"post","link":"https:\/\/www.europesays.com\/it\/429908\/","title":{"rendered":"Lijnders: &#8220;Bernardo Silva non torner\u00e0 a Manchester dopo il Mondiale&#8221;"},"content":{"rendered":"<p>                                Il vice di Pep Guardiola, squalificato nel 4-0 sul Liverpool in FA Cup: &#8220;Spero che Bernardo si goda le ultime sei settimane al City, uno come lui non si pu\u00f2 sostituire&#8230;&#8221;. Il portoghese, 31 anni, dal 2017 coi Citizens ha vinto tutto. Sulle sue tracce anche Psg, Bar\u00e7a, Usa e Arabia<\/p>\n<p>                    5 aprile &#8211; 23:35  &#8211; MANCHESTER (INGHILTERRA)<\/p>\n<p class=\"paragraph\" spellcheck=\"true\">Bernardo Silva a fine stagione lascer\u00e0 il Manchester City. La conferma arriva dalle parole di Pep Lijnders, numero due di Pep Guardiola che in conferenza stampa dopo il 4-0 sul Liverpool in FA Cup si \u00e8 lasciato sfuggire che il 31enne portoghese in scadenza di contratto il 30 giugno non torner\u00e0 a Manchester dopo il Mondiale. \u201cOgni bella storia arriva alla fine &#8211; ha raccontato Lijnders, in conferenza stampa perch\u00e9 Guardiola \u00e8 squalificato -. Spero che Bernardo si goda le ultime 6 settimane, che abbia un bel finale perch\u00e9 se lo merita. E si merita tutta l\u2019attenzione possibile\u201d. Ecco reso pubblico quello che all\u2019Etihad Campus tutti sapevano, ecco svelato perch\u00e9 il portoghese \u00e8 sul radar di tutte le squadre d\u2019Europa, Juve compresa.\u00a0<\/p>\n<p>        INSOSTITUIBILE\u2014 \u00a0<\/p>\n<p class=\"paragraph\" spellcheck=\"true\">Silva era arrivato a Manchester nell\u2019estate 2017 proveniente dal Monaco, alla fine della prima stagione inglese di Guardiola. Col City ha vinto tutto, trasformandosi istantaneamente in uno degli insostituibili. Perch\u00e9 in campo \u00e8 capace di fare qualsiasi cosa, non solo a livello di ruoli ma anche di intelligenza. Come vede il gioco Bernardo, cresciuto nel Benfica e esploso al Monaco, non lo vede nessuno. \u00c8 uno dei motivi per cui Pep stravede per lui e ha sempre detto di considerarlo tra i migliori che abbia mai allenato. Quest\u2019anno lo ha trasformato in capitano, per sua stessa scelta e non per voto comune come succedeva negli anni passati. E Bernardo \u00e8 salito a un livello clamoroso, accumulando minuti e giocate decisive, facendo il leader in campo e aiutando la squadra a crescere. \u201cNon ci sono molti giocatori che capiscono cosa serve alla partita come lui &#8211; era stato l\u2019elogio di Lijnders a Silva prima di anticipare che queste sono le sue ultime settimane al City -. Bernardo capisce che la sua missione \u00e8 giocare bene e far giocare bene la squadra. \u00c8 uno di quei giocatori che ti accorgi quanto \u00e8 importante quando non c\u2019\u00e8. Non si pu\u00f2 rimpiazzare, perch\u00e9 uno con le sue caratteristiche non esiste. \u00c8 unico: per come controlla le partite, per come \u00e8 leader, per come si muove, per come vede le soluzioni in campo. Se lo perdi, devi cercare qualcuno che possa aiutare a far crescere la squadra e che si inserisca tra i titolari, ma in realt\u00e0 devi sperare che i tuoi giovani della Academy e quelli che hai gi\u00e0 preso continuino a crescere. Uno come lui non si pu\u00f2 sostituire: si vede quanto ci manca gi\u00e0 se salta una partita, figuriamoci una stagione intera\u201d.<\/p>\n<p><a class=\"is-partner-link\" href=\"https:\/\/abbonamenti.gazzetta.it\/gall-promo-130anni-gazzetta\/?pwcmp=cta&amp;forceBrowser=true\" rel=\"nofollow noopener\" target=\"_blank\">Festeggia i 130 anni de La Gazzetta dello Sport! Abbonati a G ALL a solo 1,30\u20ac\/mese. Valida per pochi giorni!<\/a><\/p>\n<p>        e ora?\u2014 \u00a0<\/p>\n<p class=\"paragraph\" spellcheck=\"true\">Mentre Hugo Viana, il direttore sportivo del City, dovr\u00e0 capire come rimpiazzare Bernardo l\u2019anno prossimo, lui si preoccuper\u00e0 di aiutare Guardiola a vincere quella FA Cup di cui ha conquistato la semifinale per l\u2019ottavo anno di fila. E magari completare la difficilissima rimonta sull\u2019Arsenal per prendersi la settima Premier in nove anni di City. Poi sar\u00e0 addio, con le grandi d\u2019Europa che gi\u00e0 pensano a come poterselo permettere. Silva \u00e8 a libro paga del City per 10 milioni di euro netti a stagione pi\u00f9 2,5 di bonus in questo 2025-26 e per la prossima parte della sua carriera vuole una sfida ad alto livello, come lo \u00e8 stato il City. La Juve ha gi\u00e0 avviato i contatti col suo agente Jorge Mendes, prospettando un triennale con opzione per una quarta stagione e uno stipendio di almeno 7-8 milioni di euro a stagione, anche se il pupillo di Guardiola in agosto compir\u00e0 32 anni. I bianconeri non saranno gli unici: in gennaio il portoghese era stato accostato al Barcellona, in passato era stato tentato dal Psg e un giocatore del genere farebbe comodo anche ai campioni d\u2019Europa in carica. Ci sono anche le pi\u00f9 redditizie opzioni Saudi League e MLS, magari con Messi all\u2019Inter Miami. Il Bernardo Silva di cui parlano al Manchester City, per\u00f2, \u00e8 ancora uno dei giocatori chiave per una grande d\u2019Europa. Com\u2019\u00e8 il City, a cui il portoghese \u00e8 pronto a dire addio dopo nove stagioni. Qualunque squadra scelga per la sua prossima avventura, promette di diventare immediatamente un insostituibile. Perch\u00e9 come Bernardo in giro ce ne sono davvero pochi. Parola di Pep Guardiola.<\/p>\n<p class=\"is-copyright\">\u00a9 RIPRODUZIONE RISERVATA<\/p>\n","protected":false},"excerpt":{"rendered":"Il vice di Pep Guardiola, squalificato nel 4-0 sul Liverpool in FA Cup: &#8220;Spero che Bernardo si goda&hellip;\n","protected":false},"author":3,"featured_media":429909,"comment_status":"","ping_status":"","sticky":false,"template":"","format":"standard","meta":{"footnotes":"","_share_on_mastodon":"0"},"categories":[1452],"tags":[2983,4240,2478,36829,243516,243517,178963,721,921,820,877,932,3081,4299,7882,724,3085,2097,1740,1889,3412,243518,243519,243520,8631,243521,200196,1537,90,89,565,381,243515,6110,3978,243522,5364,13564,157411,35185,13201,8910,31549,1739,245,244,1857,577,907,62597,7068],"class_list":["post-429908","post","type-post","status-publish","format-standard","has-post-thumbnail","category-calcio","tag-addio","tag-aiutare","tag-arriva","tag-bernardo","tag-bernardo-goda","tag-bernardo-goda-ultime","tag-bernardo-silva","tag-calcio","tag-campo","tag-city","tag-conferenza","tag-conferenza-stampa","tag-crescere","tag-cup","tag-devi","tag-euro","tag-europa","tag-far","tag-football","tag-giocare","tag-giocatori","tag-goda","tag-goda-ultime","tag-goda-ultime-settimane","tag-guardiola","tag-guardiola-squalificato","tag-insostituibile","tag-it","tag-italia","tag-italy","tag-juve","tag-leader","tag-lijnders","tag-livello","tag-liverpool","tag-liverpool-cup","tag-manchester","tag-manchester-city","tag-pep","tag-pep-guardiola","tag-portoghese","tag-settimane","tag-silva","tag-soccer","tag-sport","tag-sports","tag-squadra","tag-stagione","tag-ultime","tag-ultime-settimane","tag-vede"],"share_on_mastodon":{"url":"","error":"Validation failed: Text character limit of 500 exceeded"},"_links":{"self":[{"href":"https:\/\/www.europesays.com\/it\/wp-json\/wp\/v2\/posts\/429908","targetHints":{"allow":["GET"]}}],"collection":[{"href":"https:\/\/www.europesays.com\/it\/wp-json\/wp\/v2\/posts"}],"about":[{"href":"https:\/\/www.europesays.com\/it\/wp-json\/wp\/v2\/types\/post"}],"author":[{"embeddable":true,"href":"https:\/\/www.europesays.com\/it\/wp-json\/wp\/v2\/users\/3"}],"replies":[{"embeddable":true,"href":"https:\/\/www.europesays.com\/it\/wp-json\/wp\/v2\/comments?post=429908"}],"version-history":[{"count":0,"href":"https:\/\/www.europesays.com\/it\/wp-json\/wp\/v2\/posts\/429908\/revisions"}],"wp:featuredmedia":[{"embeddable":true,"href":"https:\/\/www.europesays.com\/it\/wp-json\/wp\/v2\/media\/429909"}],"wp:attachment":[{"href":"https:\/\/www.europesays.com\/it\/wp-json\/wp\/v2\/media?parent=429908"}],"wp:term":[{"taxonomy":"category","embeddable":true,"href":"https:\/\/www.europesays.com\/it\/wp-json\/wp\/v2\/categories?post=429908"},{"taxonomy":"post_tag","embeddable":true,"href":"https:\/\/www.europesays.com\/it\/wp-json\/wp\/v2\/tags?post=429908"}],"curies":[{"name":"wp","href":"https:\/\/api.w.org\/{rel}","templated":true}]}}