{"id":430041,"date":"2026-04-06T03:56:15","date_gmt":"2026-04-06T03:56:15","guid":{"rendered":"https:\/\/www.europesays.com\/it\/430041\/"},"modified":"2026-04-06T03:56:15","modified_gmt":"2026-04-06T03:56:15","slug":"bergomi-linter-deve-avere-cinque-gare-da-vincere-e-il-calendario","status":"publish","type":"post","link":"https:\/\/www.europesays.com\/it\/430041\/","title":{"rendered":"Bergomi: &#8220;L&#8217;Inter deve avere cinque gare da vincere e il calendario&#8230;&#8221;"},"content":{"rendered":"<p>Il commento dell&#8217;ex capitano nerazzurro dopo la larga vittoria nerazzurra nei confronti della Roma di Gasperini<\/p>\n<p><strong>Beppe<\/strong>\u00a0<strong>Bergomi<\/strong>, su <strong>Skysport<\/strong>, ha parlato della vittoria per 5-2 <a href=\"https:\/\/www.fcinter1908.it\/cronaca-live\/serie-a-inter-roma-live\/\" rel=\"nofollow noopener\" target=\"_blank\"><strong>dell&#8217;Inter<\/strong><\/a>sulla Roma. \u00abEpifania di Lautaro? Abbiamo detto quanto \u00e8 importante avere un giocatore di personalit\u00e0 e di qualit\u00e0 su smarcamenti e movimenti. Poi continuo a dire che lavora bene nelle due fasi. Il primo gol ha sbloccato la partita, il secondo gol ha indirizzato la gara\u00bb, ha detto subito dopo il ritorno alla vittoria dei nerazzurri.<\/p>\n<p><strong>-L&#8217;Inter si \u00e8 tolta la polvere del timore di dosso?\u00a0<\/strong><\/p>\n<p>Sicuramente importante questa vittoria e voglio parlar della prestazione di Thuram. Al di l\u00e0 del gol, quante volte ha aperto sull&#8217;esterno per portare via l&#8217;uomo, per fare spazio, \u00e8 da sottolineare su tutte le prestazioni. Come quella di Lautaro e poi l&#8217;importanza di avere Calhanoglu. Emotivamente il suo gol ha cambiato la partita in meglio per l&#8217;Inter che ha approcciato bene e la Roma \u00e8 calata nel secondo tempo.\u00a0<\/p>\n<p>L&#8217;ex capitano nerazzurro ha analizzato il gol di <strong>Lautaro, quello che ha sbloccato la partita<\/strong>: \u00abLa posizione di Dimarco, porta via Mancini. La ricerca continua delle marcature ad uomo di tutto il campo, permette a Lautaro di smarcarsi. Sul secondo gol non la colpisce bene, non lo fa per scavalcare il portiere o per alzare la palla, poi posso sbagliarmi\u00bb.\u00a0\u00a0<\/p>\n<p><strong>-Importante avere leader che pensano positivamente, infonde ottimismo ai compagni anche se la squadra \u00e8 preda della tenebra della paura, come \u00e8 successo all&#8217;Italia&#8230;<\/strong><\/p>\n<p>Non lo conosco, vedo quello che fa sul campo, la gestione, l&#8217;aiuto ai compagni, quello che fa senza palla, un aspetto fondamentale. Diventa importante quindi. Non so se \u00e8 un campionato chiuso o aperto ma all&#8217;Inter servono sempre cinque partite da vincere nella propria testa e avendo un calendario particolare non lo so. Questa squadra non deve stare in leggerezza, deve vivere questo momento cos\u00ec com&#8217;\u00e8, poi vediamo se va in tranquillit\u00e0 e domenica va a Como quindi vediamo&#8230;<\/p>\n<p class=\"is-copyright\">\u00a9 RIPRODUZIONE RISERVATA<\/p>\n","protected":false},"excerpt":{"rendered":"Il commento dell&#8217;ex capitano nerazzurro dopo la larga vittoria nerazzurra nei confronti della Roma di Gasperini Beppe\u00a0Bergomi, su&hellip;\n","protected":false},"author":3,"featured_media":430042,"comment_status":"","ping_status":"","sticky":false,"template":"","format":"standard","meta":{"footnotes":"","_share_on_mastodon":"0"},"categories":[1452],"tags":[12672,7858,721,8597,921,8230,66008,631,4021,1740,1976,48,350,1537,90,89,5826,8392,3171,1290,987,133445,1272,1739,245,244,2224],"class_list":["post-430041","post","type-post","status-publish","format-standard","has-post-thumbnail","category-calcio","tag-aperto","tag-bergomi","tag-calcio","tag-calendario","tag-campo","tag-capitano","tag-capitano-nerazzurro","tag-cinque","tag-compagni","tag-football","tag-gol","tag-importante","tag-inter","tag-it","tag-italia","tag-italy","tag-lautaro","tag-nerazzurro","tag-palla","tag-partita","tag-roma","tag-sbloccato","tag-so","tag-soccer","tag-sport","tag-sports","tag-vittoria"],"share_on_mastodon":{"url":"https:\/\/pubeurope.com\/@it\/116355752619180439","error":""},"_links":{"self":[{"href":"https:\/\/www.europesays.com\/it\/wp-json\/wp\/v2\/posts\/430041","targetHints":{"allow":["GET"]}}],"collection":[{"href":"https:\/\/www.europesays.com\/it\/wp-json\/wp\/v2\/posts"}],"about":[{"href":"https:\/\/www.europesays.com\/it\/wp-json\/wp\/v2\/types\/post"}],"author":[{"embeddable":true,"href":"https:\/\/www.europesays.com\/it\/wp-json\/wp\/v2\/users\/3"}],"replies":[{"embeddable":true,"href":"https:\/\/www.europesays.com\/it\/wp-json\/wp\/v2\/comments?post=430041"}],"version-history":[{"count":0,"href":"https:\/\/www.europesays.com\/it\/wp-json\/wp\/v2\/posts\/430041\/revisions"}],"wp:featuredmedia":[{"embeddable":true,"href":"https:\/\/www.europesays.com\/it\/wp-json\/wp\/v2\/media\/430042"}],"wp:attachment":[{"href":"https:\/\/www.europesays.com\/it\/wp-json\/wp\/v2\/media?parent=430041"}],"wp:term":[{"taxonomy":"category","embeddable":true,"href":"https:\/\/www.europesays.com\/it\/wp-json\/wp\/v2\/categories?post=430041"},{"taxonomy":"post_tag","embeddable":true,"href":"https:\/\/www.europesays.com\/it\/wp-json\/wp\/v2\/tags?post=430041"}],"curies":[{"name":"wp","href":"https:\/\/api.w.org\/{rel}","templated":true}]}}