{"id":430307,"date":"2026-04-06T09:16:12","date_gmt":"2026-04-06T09:16:12","guid":{"rendered":"https:\/\/www.europesays.com\/it\/430307\/"},"modified":"2026-04-06T09:16:12","modified_gmt":"2026-04-06T09:16:12","slug":"dormiro-nello-stesso-hotel-scaroni-puo-crescere-romele-ha-la-testa-giusta","status":"publish","type":"post","link":"https:\/\/www.europesays.com\/it\/430307\/","title":{"rendered":"dormir\u00f2 nello stesso hotel. Scaroni pu\u00f2 crescere, Romele ha la testa giusta&#8221;"},"content":{"rendered":"<p data-start=\"174\" data-end=\"585\">A quasi trent\u2019anni dal trionfo all\u2019Amstel Gold Race del 1996, <strong>Stefano Zanini<\/strong>, raggiunto in Belgio a conclusione del Giro delle Fiandre, ha ripercorso i momenti pi\u00f9 significativi della sua carriera: una vittoria iconica, la versatilit\u00e0 nelle grandi Classiche e il passaggio, quasi naturale, al ruolo di direttore sportivo. Oggi, con l\u2019esperienza maturata in gruppo e in ammiraglia, guarda anche al futuro dei giovani corridori e agli obiettivi dell\u2019Astana Qazaqstan Team.<\/p>\n<p data-start=\"592\" data-end=\"701\"><strong data-start=\"592\" data-end=\"699\">Domenica 19 si correr\u00e0 l\u2019Amstel Gold Race: tu l\u2019hai vinta nel 1996. \u00c8 stato l\u2019apice della tua carriera?<br \/><\/strong>\u201cDirei di s\u00ec. \u00c8 stata la prima grande corsa in linea del mio palmar\u00e8s. Domenica sar\u00f2 l\u00ec a festeggiare con gli amici: sabato pedaleremo insieme e poi la sera andremo all\u2019Hotel Malpertuus per celebrare, visto che trent\u2019anni fa dormivo proprio l\u00ec.\u201d<\/p>\n<p data-start=\"955\" data-end=\"1254\"><strong data-start=\"955\" data-end=\"1252\">Sei stato sul podio alla Milano-Sanremo e al Giro delle Fiandre, oltre a entrare nei primi cinque alla Parigi-Roubaix e al Giro di Lombardia. Una versatilit\u00e0 rara: cosa ti \u00e8 mancato per vincere una Monumento?<br \/><\/strong>\u201cNon saprei esattamente. Sicuramente qualcosa rispetto a chi le ha vinte mi \u00e8 mancato, ma bisogna anche considerare che correvo in un\u2019epoca con grandi campioni.\u201d<\/p>\n<p data-start=\"1424\" data-end=\"1523\"><strong data-start=\"1424\" data-end=\"1521\">Cosa ha significato per te indossare la Maglia Rosa al Giro d\u2019Italia?<br \/><\/strong>\u201cL\u2019ho indossata solo un giorno in gara, ma due contando il giorno di riposo (ride, ndr). \u00c8 stato bellissimo: sono momenti che ripagano di tanti sacrifici.\u201d<\/p>\n<p data-start=\"1675\" data-end=\"1801\"><strong data-start=\"1675\" data-end=\"1799\">Subito dopo il ritiro hai iniziato la carriera da direttore sportivo: quando hai capito che sarebbe stata la tua strada?<br \/><\/strong>\u201c\u00c8 stata una consapevolezza che \u00e8 cresciuta pian piano durante la carriera. Avrei voluto correre ancora un paio d\u2019anni, ma i team cercavano corridori pi\u00f9 giovani: avevo 38 anni e non sono riuscito a trovare un contratto. Peccato, perch\u00e9 secondo me un corridore esperto pu\u00f2 fare la differenza. Negli anni successivi lo si \u00e8 visto con atleti come Tosatto e Bennati, punti di riferimento fondamentali per i giovani.\u201d<\/p>\n<p data-start=\"2223\" data-end=\"2312\"><strong data-start=\"2223\" data-end=\"2310\">Quali sono gli obiettivi per quest\u2019anno dell\u2019Astana Qazaqstan Team?<br \/><\/strong>\u201cVincere il maggior numero possibile di gare. Abbiamo costruito un calendario mirato per ottenere il massimo risultato in ogni corsa.\u201d<\/p>\n<p data-start=\"2455\" data-end=\"2528\"><strong data-start=\"2455\" data-end=\"2526\">Quali sono le prospettive di Alessandro Romele?<br \/><\/strong>\u201cSta crescendo molto bene. Gi\u00e0 rispetto allo scorso anno ha fatto un salto di qualit\u00e0 importante. Ha iniziato bene la stagione in Australia, grazie anche a un ottimo inverno. \u00c8 un corridore con margini di crescita, ha la testa giusta e si impegna molto, senza lasciare nulla al caso.\u201d<\/p>\n<p data-start=\"2821\" data-end=\"2909\"><strong data-start=\"2821\" data-end=\"2907\">Christian Scaroni \u00e8 cresciuto gradualmente: dove pu\u00f2 arrivare?<br \/><\/strong>\u201cSta gi\u00e0 dimostrando di poter vincere gare importanti e secondo me pu\u00f2 migliorare ancora. \u00c8 molto pignolo e questa caratteristica lo aiuta tantissimo.\u201d<\/p>\n","protected":false},"excerpt":{"rendered":"A quasi trent\u2019anni dal trionfo all\u2019Amstel Gold Race del 1996, Stefano Zanini, raggiunto in Belgio a conclusione del&hellip;\n","protected":false},"author":3,"featured_media":430308,"comment_status":"","ping_status":"","sticky":false,"template":"","format":"standard","meta":{"footnotes":"","_share_on_mastodon":"0"},"categories":[1456],"tags":[242774,1824,1825,12229,1537,90,89,104552,245,244,45386],"class_list":["post-430307","post","type-post","status-publish","format-standard","has-post-thumbnail","category-ciclismo","tag-alessandro-romele","tag-ciclismo","tag-cycling","tag-daniele-bennati","tag-it","tag-italia","tag-italy","tag-matteo-tosatto","tag-sport","tag-sports","tag-stefano-zanini"],"share_on_mastodon":{"url":"https:\/\/pubeurope.com\/@it\/116357010808018348","error":""},"_links":{"self":[{"href":"https:\/\/www.europesays.com\/it\/wp-json\/wp\/v2\/posts\/430307","targetHints":{"allow":["GET"]}}],"collection":[{"href":"https:\/\/www.europesays.com\/it\/wp-json\/wp\/v2\/posts"}],"about":[{"href":"https:\/\/www.europesays.com\/it\/wp-json\/wp\/v2\/types\/post"}],"author":[{"embeddable":true,"href":"https:\/\/www.europesays.com\/it\/wp-json\/wp\/v2\/users\/3"}],"replies":[{"embeddable":true,"href":"https:\/\/www.europesays.com\/it\/wp-json\/wp\/v2\/comments?post=430307"}],"version-history":[{"count":0,"href":"https:\/\/www.europesays.com\/it\/wp-json\/wp\/v2\/posts\/430307\/revisions"}],"wp:featuredmedia":[{"embeddable":true,"href":"https:\/\/www.europesays.com\/it\/wp-json\/wp\/v2\/media\/430308"}],"wp:attachment":[{"href":"https:\/\/www.europesays.com\/it\/wp-json\/wp\/v2\/media?parent=430307"}],"wp:term":[{"taxonomy":"category","embeddable":true,"href":"https:\/\/www.europesays.com\/it\/wp-json\/wp\/v2\/categories?post=430307"},{"taxonomy":"post_tag","embeddable":true,"href":"https:\/\/www.europesays.com\/it\/wp-json\/wp\/v2\/tags?post=430307"}],"curies":[{"name":"wp","href":"https:\/\/api.w.org\/{rel}","templated":true}]}}