{"id":430353,"date":"2026-04-06T09:57:12","date_gmt":"2026-04-06T09:57:12","guid":{"rendered":"https:\/\/www.europesays.com\/it\/430353\/"},"modified":"2026-04-06T09:57:12","modified_gmt":"2026-04-06T09:57:12","slug":"dal-28-aprile-cambia-tutto-sui-caricatori-dove-non-li-troverete-piu","status":"publish","type":"post","link":"https:\/\/www.europesays.com\/it\/430353\/","title":{"rendered":"Dal 28 aprile cambia tutto sui caricatori: dove non li troverete pi\u00f9"},"content":{"rendered":"<p>Dal 28 aprile 2026 ogni <strong>laptop <\/strong>venduto <strong>nell\u2019Unione Europea <\/strong>dovr\u00e0 obbligatoriamente montare una porta USB-C come unica interfaccia di ricarica via cavo. Nessuna eccezione sar\u00e0 pi\u00f9 consentita, neanche per i connettori proprietari come il MagSafe di Apple o altri sistemi storici.La misura deriva dalla Direttiva UE 2022\/2380, entrata in vigore nel dicembre 2022. Bruxelles aveva gi\u00e0 imposto l\u2019USB-C per smartphone, tablet e altri dispositivi dal 28 dicembre 2024, concedendo pi\u00f9 tempo ai laptop per la maggiore complessit\u00e0 tecnica della ricarica ad alta potenza.L\u2019obiettivo \u00e8 porre fine alla \u201cgiungla\u201d di caricatori incompatibili (mini-USB, Lightning, MagSafe, barrel jack, ecc.) che da anni accumulano rifiuti nei cassetti dei consumatori europei.<\/p>\n<p>La direttiva non vieta di vendere il <strong>laptop <\/strong>con caricatore incluso, ma obbliga i produttori a rendere disponibile anche la versione senza alimentatore. In pratica, come gi\u00e0 avvenuto con gli smartphone, la maggior parte delle aziende eliminer\u00e0 il caricatore dalla scatola per ridurre costi di produzione, packaging e logistica, vendendolo come accessorio a pagamento.Per i consumatori questo significa un potenziale risparmio se possiedono gi\u00e0 un caricatore USB-C potente (almeno 65-100 Watt), ma un costo extra significativo (spesso 40-50 euro o pi\u00f9) per chi parte da zero.La norma impone inoltre lo standard USB Power Delivery per tutti i dispositivi che superano i 15 Watt, garantendo l\u2019interoperabilit\u00e0 tra caricatori di marche diverse.<\/p>\n<p>La confezione dovr\u00e0 indicare chiaramente le prestazioni di ricarica e se l\u2019alimentatore \u00e8 incluso.Rimangono escluse dalla regola unica i notebook da gaming pi\u00f9 potenti (oltre 240 Watt), che continueranno probabilmente a usare un sistema ibrido con porta USB-C per l\u2019uso leggero e connettore proprietario per le sessioni ad alta intensit\u00e0.In sintesi, dal 28 aprile 2026 l\u2019era dei caricatori proprietari per i laptop in Europa finisce ufficialmente.<\/p>\n","protected":false},"excerpt":{"rendered":"Dal 28 aprile 2026 ogni laptop venduto nell\u2019Unione Europea dovr\u00e0 obbligatoriamente montare una porta USB-C come unica interfaccia&hellip;\n","protected":false},"author":3,"featured_media":430354,"comment_status":"","ping_status":"","sticky":false,"template":"","format":"standard","meta":{"footnotes":"","_share_on_mastodon":"0"},"categories":[173],"tags":[1537,90,89,48607,195,198,199,197,200,201,194,196],"class_list":["post-430353","post","type-post","status-publish","format-standard","has-post-thumbnail","category-scienza-e-tecnologia","tag-it","tag-italia","tag-italy","tag-laptop","tag-science","tag-science-and-technology","tag-scienceandtechnology","tag-scienza","tag-scienza-e-tecnologia","tag-scienzaetecnologia","tag-technology","tag-tecnologia"],"share_on_mastodon":{"url":"https:\/\/pubeurope.com\/@it\/116357172206802647","error":""},"_links":{"self":[{"href":"https:\/\/www.europesays.com\/it\/wp-json\/wp\/v2\/posts\/430353","targetHints":{"allow":["GET"]}}],"collection":[{"href":"https:\/\/www.europesays.com\/it\/wp-json\/wp\/v2\/posts"}],"about":[{"href":"https:\/\/www.europesays.com\/it\/wp-json\/wp\/v2\/types\/post"}],"author":[{"embeddable":true,"href":"https:\/\/www.europesays.com\/it\/wp-json\/wp\/v2\/users\/3"}],"replies":[{"embeddable":true,"href":"https:\/\/www.europesays.com\/it\/wp-json\/wp\/v2\/comments?post=430353"}],"version-history":[{"count":0,"href":"https:\/\/www.europesays.com\/it\/wp-json\/wp\/v2\/posts\/430353\/revisions"}],"wp:featuredmedia":[{"embeddable":true,"href":"https:\/\/www.europesays.com\/it\/wp-json\/wp\/v2\/media\/430354"}],"wp:attachment":[{"href":"https:\/\/www.europesays.com\/it\/wp-json\/wp\/v2\/media?parent=430353"}],"wp:term":[{"taxonomy":"category","embeddable":true,"href":"https:\/\/www.europesays.com\/it\/wp-json\/wp\/v2\/categories?post=430353"},{"taxonomy":"post_tag","embeddable":true,"href":"https:\/\/www.europesays.com\/it\/wp-json\/wp\/v2\/tags?post=430353"}],"curies":[{"name":"wp","href":"https:\/\/api.w.org\/{rel}","templated":true}]}}