{"id":430579,"date":"2026-04-06T13:03:16","date_gmt":"2026-04-06T13:03:16","guid":{"rendered":"https:\/\/www.europesays.com\/it\/430579\/"},"modified":"2026-04-06T13:03:16","modified_gmt":"2026-04-06T13:03:16","slug":"roma-con-gasperini-non-e-cambiato-niente-tensioni-errori-di-mercato-cosi-la-squadra-resta-fragile-e-piena-di-dubbi","status":"publish","type":"post","link":"https:\/\/www.europesays.com\/it\/430579\/","title":{"rendered":"Roma, con Gasperini non \u00e8 cambiato niente. Tensioni, errori di mercato: cos\u00ec la squadra resta fragile e piena di dubbi"},"content":{"rendered":"<p>    di<br \/>\n    Davide Stoppini<\/p>\n<p class=\"summary-art is-line-h-12\">La disfatta con l&#8217;Inter mette a nudo i problemi: la Roma non ha fatto il salto di qualit\u00e0 e la Champions resta lontana. E il gioco di Gasperini non \u00e8 sostenibile se gambe e testa non reggono<\/p>\n<p class=\"chapter-paragraph\">Un anno fa, giusto di questi tempi, la Roma trionfava a San Siro contro l\u2019Inter: riguardare il tabellino, ricontrollare la formazione allora allenata da Claudio Ranieri,<a href=\"https:\/\/www.corriere.it\/sport\/calcio\/serie-a\/partita\/inter-roma\/2456438\/cronaca\" title=\"Inter-Roma, 34\u00aa giornata del campionato di serie A 2024-25, la cronaca\" target=\"_blank\" rel=\"nofollow noopener\"> l\u2019attacco era formato da Dovbyk e Shomurodov,<\/a> non esattamente i due pi\u00f9 grandi rimpianti tra quelli che ieri sera non c\u2019erano, nella disfatta giallorossa<a href=\"https:\/\/www.corriere.it\/sport\/calcio\/serie-a\/26_aprile_05\/inter-roma-risultato-b53730cd-3011-4b0c-b236-e20fcae32xlk.shtml\" title=\"Inter-Roma 5-2: gol di Lautaro (doppietta), Calhanoglu, Thuram e Barella, show dei nerazzurri e scudetto pi\u00f9 vicino\" rel=\"nofollow noopener\" target=\"_blank\"> contro l&#8217;Inter<\/a>. Disfatta che ha scatenato le reazioni dei tifosi: \u00abIndegni\u00bb, tra i commenti pi\u00f9 urbani che vagano per i social. Ma tanto cos\u00ec funziona, in casa Roma. Cos\u00ec \u00e8 funzionato fin dalla scorsa estate: una stagione intera a parlare di chi non c\u2019\u00e8, settimane e mesi infiniti a raccontarsi degli acquisti che non sono arrivati che se fosse l\u2019unico vero problema.<\/p>\n<p>    Il record di sconfitte<\/p>\n<p class=\"chapter-paragraph\">E poi a sette giornate dalla fine ti ritrovi ogni anno sempre allo stesso punto, come un gioco dell\u2019oca assai noioso. La verit\u00e0 \u00e8 che questa Roma sta fallendo in campo, nelle partite<b>. Certo, il mercato <a href=\"https:\/\/www.corriere.it\/sport\/26_marzo_21\/crisi-roma-gasperini-ranieri-massara-futuro-vertice-friedkin-5b4bb5c6-6880-4d9b-bf9c-573715a8cxlk.shtml\" title=\"Crisi Roma: Gasperini, Ranieri e Massara, la triade si divider\u00e0 a fine stagione. Vertice con Friedkin\" target=\"_blank\" rel=\"nofollow noopener\">non avr\u00e0 dato a Gasp tutti i giocatori che voleva<\/a><\/b> (che poi, quale allenatore in serie A ottiene tutto ci\u00f2 che vorrebbe?). Ma undici sconfitte in campionato (stagionali si arriva a 15) non si vedevano dal 2012-13, quando la panchina se la divisero Zeman e Andreazzoli. Una stagione allora considerata disastrosa. Qui, anche qui, siamo a un passo dal fallimento. Forse anche meno di un passo. <b>Fuori dalla Coppa Italia per mano del Torino, <a href=\"https:\/\/www.corriere.it\/sport\/calcio\/europa-league\/26_marzo_19\/roma-bologna-risultato-a245d71e-870e-4020-a167-9d94bd2d6xlk.shtml\" title=\"Roma-Bologna di Europa League 3-4, che show all&#039;Olimpico. Cambiaghi al 111&#039; fa volare Italiano ai quarti\" target=\"_blank\" rel=\"nofollow noopener\">dall\u2019Europa League mandata a casa dal Bologna<\/a>, in campionato la narrazione <\/b>vuole l\u2019obiettivo Champions ma la realt\u00e0 dice di una squadra che oggi lotta per un posto tra Europa League e Conference.    &#13;<br \/>\n&#13;<br \/>\n&#13;<br \/>\n&#13;<br \/>\n&#13;<br \/>\n&#13;<br \/>\n&#13;<br \/>\n&#13;<br \/>\n&#13;<br \/>\n&#13;<br \/>\n&#13;<br \/>\n&#13;<br \/>\n&#13;<br \/>\n&#13;<br \/>\n&#13;<br \/>\n&#13;<br \/>\n&#13;<br \/>\n&#13;<br \/>\n&#13;<br \/>\n&#13;<br \/>\n&#13;<br \/>\n&#13;<br \/>\n&#13;<br \/>\n&#13;<br \/>\n&#13;<br \/>\n&#13;<br \/>\n&#13;<br \/>\n&#13;<br \/>\n&#13;<br \/>\n&#13;<br \/>\n&#13;<br \/>\n&#13;<br \/>\n&#13;<br \/>\n&#13;<br \/>\n&#13;<br \/>\n&#13;<br \/>\n&#13;<br \/>\n&#13;<br \/>\n&#13;<br \/>\n&#13;<br \/>\n&#13;<br \/>\n&#13;<br \/>\n&#13;<br \/>\n&#13;<br \/>\n&#13;<br \/>\n&#13;<br \/>\n&#13;<br \/>\n&#13;<br \/>\n&#13;<br \/>\n&#13;<br \/>\n&#13;<br \/>\n&#13;<br \/>\n&#13;\n<\/p>\n<p>    Gasperini: il confronto con Ranieri, De Rossi e Mourinho<\/p>\n<p class=\"chapter-paragraph\">Gasperini ha 54 punti dopo 31 giornate. Ranieri un anno fa ne aveva 53 e all\u2019ultima giornata arriv\u00f2 a giocarsi il quarto posto. E poi, a ritroso: De Rossi post Mourinho 55, lo stesso Mou 56 e 54, addirittura Fonseca 54. Siamo in linea con tutta l\u2019era Friedkin: il salto di qualit\u00e0, se atteso dalla panchina, non c\u2019\u00e8 stato. E s\u00ec che era atteso. Oggi la Roma \u00e8 diventata una squadra fragile, rispetto alla prima parte di stagione.<a href=\"https:\/\/www.corriere.it\/sport\/calcio\/serie-a\/26_marzo_01\/roma-juventus-risultato-7a3d70a1-e244-43a0-94b4-5d9161afbxlk.shtml\" title=\"Roma-Juventus 3-3: Gasperini si illude, Gatti al 93&#039; regala il pareggio a Spalletti\" target=\"_blank\" rel=\"nofollow noopener\"> Annichilita dal 3-3 di Gatti in Roma-Juventus dell\u20191 marzo, <\/a>da allora 4 punti in 5 partite di campionato, 9 gol subiti, un\u2019eliminazione sanguinosa dall\u2019Europa. E soprattutto, la sensazione in ogni partita che la testa e le gambe\u00a0\u2014 pi\u00f9 la prima delle seconde\u00a0\u2014 non riescano pi\u00f9 a sostenere il gioco aggressivo chiesto da Gasperini. Gioco senza un piano B, che diventa facilmente attaccabile se la condizione psicofisica non ti sostiene.\u00a0<\/p>\n<p>        <img decoding=\"async\" class=\"is_full_image\" loading=\"lazy\" alt=\"Roma\u00e2\u0080\u0099s head coach Gian Piero Gasperini during the Serie A soccer match between Inter and Roma at the San Siro  Stadium in Milan , north Italy - Sunday , April 05 , 2026. Sport - Soccer . (Photo by Spada\/LaPresse)\" src=\"https:\/\/www.europesays.com\/it\/wp-content\/uploads\/2026\/04\/69d36d5306546.jpeg\" data-full-src=\"https:\/\/www.europesays.com\/it\/wp-content\/uploads\/2026\/04\/69d36d5306546.jpeg\"\/><\/p>\n<p>    La tensione fra tecnico e dirigenti si \u00e8 riversata in campo<\/p>\n<p class=\"chapter-paragraph\"><b>Resta un dubbio, in fondo ai numeri e alle riflessioni.<\/b> Che il continuo stressare le situazioni e i rapporti interni (quelli con Ranieri e Massara sono pessimi), il continuo riferimento ai giocatori non arrivati \u2014 l\u2019ultimo giusto sabato, \u00abavremmo potuto migliorare di pi\u00f9 la rosa quest\u2019anno\u00bb\u00a0\u2014 non abbia finito per logorare anche i giocatori e condizionare in negativo sul piano dei risultati. Un dubbio, non una certezza. Ma del resto, questa Roma certezze non ne ha. Non le ha sul futuro dell\u2019allenatore, del resto \u00e8 lo stesso tecnico a seminare dubbi un giorno s\u00ec e l\u2019altro pure. E non pu\u00f2 averle su nessun giocatore: senza Champions, sar\u00e0 caccia grossa alle plusvalenze e viaggio veloce verso l\u2019ennesimo anno zero, il prossimo. Il gioco dell\u2019oca, appunto.<\/p>\n<p class=\"is-last-update\" datetime=\"2026-04-06T10:49:12+02:00\">6 aprile 2026 ( modifica il 6 aprile 2026 | 10:49)<\/p>\n<p class=\"is-copyright\">\n            \u00a9 RIPRODUZIONE RISERVATA\n        <\/p>\n","protected":false},"excerpt":{"rendered":"di Davide Stoppini La disfatta con l&#8217;Inter mette a nudo i problemi: la Roma non ha fatto il&hellip;\n","protected":false},"author":3,"featured_media":430580,"comment_status":"","ping_status":"","sticky":false,"template":"","format":"standard","meta":{"footnotes":"","_share_on_mastodon":"0"},"categories":[176],"tags":[1960,2540,583,1856,921,1969,42,277,9508,93408,7757,1341,3085,39015,18821,4704,5301,3412,2024,28513,1911,1975,350,1537,90,89,1980,1412,6048,23450,3484,4283,68,975,1292,4963,30414,1434,11318,987,245,244,1857,577],"class_list":["post-430579","post","type-post","status-publish","format-standard","has-post-thumbnail","category-sport","tag-allenatore","tag-arrivati","tag-atteso","tag-campionato","tag-campo","tag-champions","tag-continuo","tag-de","tag-de-rossi","tag-disfatta","tag-dubbi","tag-dubbio","tag-europa","tag-europa-league","tag-fragile","tag-gambe","tag-gasperini","tag-giocatori","tag-gioco","tag-gioco-oca","tag-giornate","tag-giusto","tag-inter","tag-it","tag-italia","tag-italy","tag-league","tag-mercato","tag-mourinho","tag-oca","tag-panchina","tag-partite","tag-passo","tag-piano","tag-punti","tag-qualita","tag-ranieri","tag-resta","tag-resto","tag-roma","tag-sport","tag-sports","tag-squadra","tag-stagione"],"share_on_mastodon":{"url":"","error":"Validation failed: Text character limit of 500 exceeded"},"_links":{"self":[{"href":"https:\/\/www.europesays.com\/it\/wp-json\/wp\/v2\/posts\/430579","targetHints":{"allow":["GET"]}}],"collection":[{"href":"https:\/\/www.europesays.com\/it\/wp-json\/wp\/v2\/posts"}],"about":[{"href":"https:\/\/www.europesays.com\/it\/wp-json\/wp\/v2\/types\/post"}],"author":[{"embeddable":true,"href":"https:\/\/www.europesays.com\/it\/wp-json\/wp\/v2\/users\/3"}],"replies":[{"embeddable":true,"href":"https:\/\/www.europesays.com\/it\/wp-json\/wp\/v2\/comments?post=430579"}],"version-history":[{"count":0,"href":"https:\/\/www.europesays.com\/it\/wp-json\/wp\/v2\/posts\/430579\/revisions"}],"wp:featuredmedia":[{"embeddable":true,"href":"https:\/\/www.europesays.com\/it\/wp-json\/wp\/v2\/media\/430580"}],"wp:attachment":[{"href":"https:\/\/www.europesays.com\/it\/wp-json\/wp\/v2\/media?parent=430579"}],"wp:term":[{"taxonomy":"category","embeddable":true,"href":"https:\/\/www.europesays.com\/it\/wp-json\/wp\/v2\/categories?post=430579"},{"taxonomy":"post_tag","embeddable":true,"href":"https:\/\/www.europesays.com\/it\/wp-json\/wp\/v2\/tags?post=430579"}],"curies":[{"name":"wp","href":"https:\/\/api.w.org\/{rel}","templated":true}]}}