{"id":43120,"date":"2025-08-12T12:35:11","date_gmt":"2025-08-12T12:35:11","guid":{"rendered":"https:\/\/www.europesays.com\/it\/43120\/"},"modified":"2025-08-12T12:35:11","modified_gmt":"2025-08-12T12:35:11","slug":"al-suo-concerto-anche-una-proposta-di-matrimonio","status":"publish","type":"post","link":"https:\/\/www.europesays.com\/it\/43120\/","title":{"rendered":"al suo concerto anche una proposta di matrimonio"},"content":{"rendered":"<p>\u201cAvere vent&#8217;anni o cento non cambia poi mica tanto se non riesci a vivere la vita com\u2019\u00e8\u201d: quanta semplicit\u00e0 e verit\u00e0 nelle parole di Brunori Sas, che ci ricorda come la musica sia capace di generare emozioni, ma anche riflessioni su ci\u00f2 che siamo e su dove ci dirigiamo o dovremmo andare per stare meglio. Per raccontare un suo concerto basterebbe trascrivere frammenti dei suoi testi, cos\u00ec carichi di significato, piccoli e immensi, capaci di farci osservare la vita e il mondo con occhi critici, disillusi ma allo stesso tempo incantati. Il secondo evento in cartellone del Festival il Mito, alla Live Arena dello Sport Village, ha portato ieri sera il grande cantautorato sul palco, perch\u00e9 ogni tanto fa davvero bene celebrare queste perle musicali sempre pi\u00f9 rare. C\u2019era un pubblico variegato e sorprendentemente caratterizzato dalla presenza di tantissimi giovani.<\/p>\n<p>\u201cIl mio \u00e8 un pubblico geriatrico &#8211; scherza Brunori sul palco &#8211; anche se le vostre facce mi suggeriscono che siete giovani. Ma lo siete soltanto fuori, perch\u00e9 se siete venuti ad ascoltarmi vuol dire che siete vecchi dentro. Non capisco come mai, a questa et\u00e0, non andiate ad ascoltare Sfera Ebbasta\u201d. L\u2019ironia di Brunori mostra in realt\u00e0 una grande soddisfazione, quella di constatare che, nonostante tutto, c\u2019\u00e8 una consistente fetta di nuova generazione che ama quel cantautorato vecchia scuola capace di adattarsi al contemporaneo, generando le medesime emozioni che i nostri genitori provavano quando andavano a vedere Francesco De Gregori, Lucio Dalla, Lucio Battisti o Pino Daniele.<\/p>\n<p>Cos\u00ec, attraverso una carrellata di canzoni che alternano energia e dolcezza, Brunori Sas e la sua piccola orchestra di musicisti, che sono prima di tutto \u201camici\u201d, costruisce uno spettacolo che privilegia il contatto confidenziale e sobrio tra artista e pubblico: un viaggio che, come lui stesso ha chiarito all\u2019inizio, si configura come percorso che parte dallo sguardo inevitabile sul mondo contemporaneo, che non \u00e8 il migliore dei mondi possibili. &#8220;Ma dal disincanto e tramite il canto &#8211; dice &#8211; potremo trovare un nuovo incanto\u201d.<\/p>\n<p>Ad un certo punto c\u2019\u00e8 chi approfitta dell\u2019occasione per fare una proposta di matrimonio. Brunori prepara il terreno scherzandoci s\u00f9 prima di cantare \u201cPer due che come noi\u201d. Si siede al pianoforte e avverte: \u201cOra diventiamo romantici. Quindi, se avete certe intenzioni, questo \u00e8 il momento\u201d. E infatti, pochi minuti dopo, al termine della canzone, la gente rumoreggia e applaude: la proposta di matrimonio arriva tra lacrime e baci appassionati.<\/p>\n<p>AgrigentoNotizie \u00e8 anche su Whatsapp. <a href=\"https:\/\/whatsapp.com\/channel\/0029VaJI2foCcW4jbdpPdz22\" rel=\"nofollow noopener\" target=\"_blank\">Seguici sul nostro canale<\/a>.<\/p>\n","protected":false},"excerpt":{"rendered":"\u201cAvere vent&#8217;anni o cento non cambia poi mica tanto se non riesci a vivere la vita com\u2019\u00e8\u201d: quanta&hellip;\n","protected":false},"author":3,"featured_media":43121,"comment_status":"","ping_status":"","sticky":false,"template":"","format":"standard","meta":{"footnotes":""},"categories":[1443],"tags":[2943,203,204,1537,90,89,1538,1539],"class_list":{"0":"post-43120","1":"post","2":"type-post","3":"status-publish","4":"format-standard","5":"has-post-thumbnail","7":"category-musica","8":"tag-concerti","9":"tag-entertainment","10":"tag-intrattenimento","11":"tag-it","12":"tag-italia","13":"tag-italy","14":"tag-music","15":"tag-musica"},"share_on_mastodon":{"url":"","error":""},"_links":{"self":[{"href":"https:\/\/www.europesays.com\/it\/wp-json\/wp\/v2\/posts\/43120","targetHints":{"allow":["GET"]}}],"collection":[{"href":"https:\/\/www.europesays.com\/it\/wp-json\/wp\/v2\/posts"}],"about":[{"href":"https:\/\/www.europesays.com\/it\/wp-json\/wp\/v2\/types\/post"}],"author":[{"embeddable":true,"href":"https:\/\/www.europesays.com\/it\/wp-json\/wp\/v2\/users\/3"}],"replies":[{"embeddable":true,"href":"https:\/\/www.europesays.com\/it\/wp-json\/wp\/v2\/comments?post=43120"}],"version-history":[{"count":0,"href":"https:\/\/www.europesays.com\/it\/wp-json\/wp\/v2\/posts\/43120\/revisions"}],"wp:featuredmedia":[{"embeddable":true,"href":"https:\/\/www.europesays.com\/it\/wp-json\/wp\/v2\/media\/43121"}],"wp:attachment":[{"href":"https:\/\/www.europesays.com\/it\/wp-json\/wp\/v2\/media?parent=43120"}],"wp:term":[{"taxonomy":"category","embeddable":true,"href":"https:\/\/www.europesays.com\/it\/wp-json\/wp\/v2\/categories?post=43120"},{"taxonomy":"post_tag","embeddable":true,"href":"https:\/\/www.europesays.com\/it\/wp-json\/wp\/v2\/tags?post=43120"}],"curies":[{"name":"wp","href":"https:\/\/api.w.org\/{rel}","templated":true}]}}