{"id":431459,"date":"2026-04-07T02:41:21","date_gmt":"2026-04-07T02:41:21","guid":{"rendered":"https:\/\/www.europesays.com\/it\/431459\/"},"modified":"2026-04-07T02:41:21","modified_gmt":"2026-04-07T02:41:21","slug":"adani-lo-mette-alle-strette-thuram-tu-sei-pericolosissimo-perche","status":"publish","type":"post","link":"https:\/\/www.europesays.com\/it\/431459\/","title":{"rendered":"Adani lo mette alle strette, Thuram: &#8220;Tu sei pericolosissimo perch\u00e9&#8230;&#8221;"},"content":{"rendered":"<p>La risposta dell&#8217;attaccante nerazzurro \u00e8 tutta un programma<\/p>\n<p>Nel post partita di <strong>Inter-Roma<\/strong>, <strong>Marcus Thuram<\/strong> ha risposto alle domande in diretta con lo studio della Nuova Domenica Sportiva. Lele Adani ha subito una curiosit\u00e0 per l&#8217;attaccante nerazzurro, tornato al gol: &#8220;Volevo chiederti una cosa. Voi giocate nel 3-5-2 in questo sistema dove tu e <strong>Lautaro<\/strong> giocate un po&#8217; a tutto campo e vi cambiate di posizione. Se il sistema di gioco dovesse cambiare, mi sbaglio se ti dico che a te piace poco andare sulla fascia sinistra, anche se lo hai fatto al Monchengladbach? Ti piace di pi\u00f9 lavorare come punta mobile sulla parte centrale invece che andare a sinistra&#8221;, ha azzardato il giornalista sportivo.<\/p>\n<p>La primissima risposta di <strong>Marcus Thuram<\/strong> alla curiosit\u00e0 di <strong>Lele Adani<\/strong> \u00e8 un sorriso che dice tutto. L&#8217;attaccante francese ha replicato all&#8217;inviato, parlando di Adani: &#8220;Lui \u00e8 pericolosissimo perch\u00e9 capisce tanto di calcio&#8221;. In seguito ha risposto all&#8217;interrogativo calcistico: &#8220;S\u00ec, ma \u00e8 vero che anche a Lauti piace, a volte ci scambiamo, a volte vado a sinistra e lui rimane dentro, facciamo met\u00e0 e met\u00e0. Cosa manca per essere nei top 5 europei? Tantissimo lavoro, essere pi\u00f9 cinico davanti la porta come <strong>Lautaro<\/strong>. Vero che sono cresciuto giocando sulla fascia, ma questa cosa da numero 9 Lautaro ce l&#8217;ha nel sangue, io devo impararlo e ci devo lavorare ogni giorno&#8221;.<\/p>\n<p class=\"is-copyright\">\u00a9 RIPRODUZIONE RISERVATA<\/p>\n","protected":false},"excerpt":{"rendered":"La risposta dell&#8217;attaccante nerazzurro \u00e8 tutta un programma Nel post partita di Inter-Roma, Marcus Thuram ha risposto alle&hellip;\n","protected":false},"author":3,"featured_media":431460,"comment_status":"","ping_status":"","sticky":false,"template":"","format":"standard","meta":{"footnotes":"","_share_on_mastodon":"0"},"categories":[1452],"tags":[53691,32,562,39123,721,1679,1891,3074,1740,27658,1537,90,89,5826,55705,73719,4958,315,1739,245,244,33591],"class_list":["post-431459","post","type-post","status-publish","format-standard","has-post-thumbnail","category-calcio","tag-adani","tag-andare","tag-attaccante","tag-attaccante-nerazzurro","tag-calcio","tag-curiosita","tag-devo","tag-fascia","tag-football","tag-giocate","tag-it","tag-italia","tag-italy","tag-lautaro","tag-marcus","tag-marcus-thuram","tag-piace","tag-sinistra","tag-soccer","tag-sport","tag-sports","tag-thuram"],"share_on_mastodon":{"url":"https:\/\/pubeurope.com\/@it\/116361120243086405","error":""},"_links":{"self":[{"href":"https:\/\/www.europesays.com\/it\/wp-json\/wp\/v2\/posts\/431459","targetHints":{"allow":["GET"]}}],"collection":[{"href":"https:\/\/www.europesays.com\/it\/wp-json\/wp\/v2\/posts"}],"about":[{"href":"https:\/\/www.europesays.com\/it\/wp-json\/wp\/v2\/types\/post"}],"author":[{"embeddable":true,"href":"https:\/\/www.europesays.com\/it\/wp-json\/wp\/v2\/users\/3"}],"replies":[{"embeddable":true,"href":"https:\/\/www.europesays.com\/it\/wp-json\/wp\/v2\/comments?post=431459"}],"version-history":[{"count":0,"href":"https:\/\/www.europesays.com\/it\/wp-json\/wp\/v2\/posts\/431459\/revisions"}],"wp:featuredmedia":[{"embeddable":true,"href":"https:\/\/www.europesays.com\/it\/wp-json\/wp\/v2\/media\/431460"}],"wp:attachment":[{"href":"https:\/\/www.europesays.com\/it\/wp-json\/wp\/v2\/media?parent=431459"}],"wp:term":[{"taxonomy":"category","embeddable":true,"href":"https:\/\/www.europesays.com\/it\/wp-json\/wp\/v2\/categories?post=431459"},{"taxonomy":"post_tag","embeddable":true,"href":"https:\/\/www.europesays.com\/it\/wp-json\/wp\/v2\/tags?post=431459"}],"curies":[{"name":"wp","href":"https:\/\/api.w.org\/{rel}","templated":true}]}}