{"id":432270,"date":"2026-04-07T15:39:19","date_gmt":"2026-04-07T15:39:19","guid":{"rendered":"https:\/\/www.europesays.com\/it\/432270\/"},"modified":"2026-04-07T15:39:19","modified_gmt":"2026-04-07T15:39:19","slug":"guerra-iran-usa-linformativa-di-crosetto-in-parlamento","status":"publish","type":"post","link":"https:\/\/www.europesays.com\/it\/432270\/","title":{"rendered":"Guerra Iran Usa, l&#8217;informativa di Crosetto in Parlamento"},"content":{"rendered":"<p>Il ministro della Difesa alla Camera dopo lo stop a Sigonella per i bombardieri diretti in Iran: &#8220;L&#8217;applicazione degli accordi con l&#8217;America \u00e8 sempre stata caratterizzata da un&#8217;assoluta, coerente continuit\u00e0 da oltre 75 anni. Nessun governo, di nessun colore politico ha mai disatteso i trattati internazionali&#8221;. E chiede unit\u00e0 alle opposizioni: &#8220;C&#8217;\u00e8 da difendersi di fronte alla follia che sembra aver preso il mondo&#8221;, dice, citando la bomba atomica<\/p>\n<p>Il ministro della Difesa, Guido Crosetto, ha parlato alla Camera dell&#8217;uso delle basi militari nel territorio italiano da parte delle forze armate statunitensi, dopo lo stop a Sigonella per i bombardieri diretti in Iran (<a data-intcmp=\"skytg24_foglia articolo_interlink_text\" href=\"https:\/\/tg24.sky.it\/mondo\/2026\/04\/07\/guerra-iran-usa-israele-diretta\" rel=\"nofollow noopener\" target=\"_blank\">TUTTI GLI AGGIORNAMENTI LIVE SUL CONFLITTO<\/a>). Il ministro ha subito evidenziato che &#8220;rispettare gli accordi non significa essere in guerra&#8221; e alle opposizioni dice: &#8220;No rotture isteriche o infantili.\u00a0In questo momento il nostro Paese ha bisogno di unit\u00e0, almeno nel settore pi\u00f9 difficile che stiamo affrontando&#8221;. Per Crosetto, adesso bisogna &#8220;difendersi di fronte alla follia che sembra aver preso il mondo, in cui la ricerca di armi sempre pi\u00f9 sofisticate, la ricerca della bomba atomica per dirimere le controversie internazionali, la volont\u00e0 di distruggere altri Paesi come l&#8217;Iran nei confronti di Israele, sembrano essere all&#8217;ordine del giorno&#8221;.<\/p>\n<p>\t\t \t&#8220;Nessun governo ha mai messo in discussione accordi con Usa&#8221;<\/p>\n<p>&#8220;Rispettare GLI accordi non vuol dire essere coinvolti in una guerra. Noi siamo parte della Nato, non siamo in guerra con l&#8217;Iran. Sappiamo far rispettare i trattati&#8221;, ha detto il ministro in apertura della sua informativa. Poi ha ricordato che &#8220;l&#8217;applicazione degli accordi sull&#8217;uso delle basi militari americane in Italia \u00e8 sempre stata caratterizzata da un&#8217;assoluta, coerente continuit\u00e0 da oltre 75 anni. Nessun governo, di nessun colore politico ha mai disatteso, messo in discussione o anche solo ventilato l&#8217;ipotesi di non attuare i trattati internazionali fra Italia e Stati Uniti. Non lo dico in modo polemico. Nessun governo, giustamente, ha mai messo in discussione questi accordi. Ne ha preso atto e li ha applicati&#8221;.\u00a0<\/p>\n<p>&#8220;Non possiamo assecondare rotture isteriche&#8221;<\/p>\n<p>Sul clima teso di polemica che circonda il tema, Crosetto ha chiarito: &#8220;Noi non possiamo assecondare rotture isteriche n\u00e9 subordinazione infantile, perch\u00e9 la strada in cui ci muoviamo, \u00e8 quella della legge, dei trattati internazionali e della Costituzione&#8221;. Ricordando come il governo abbia &#8220;preso le distanze da ci\u00f2 che non condividiamo&#8221;, dice di non pensare &#8220;che gli Stati Uniti siano Biden, Trump o Clinton, cos\u00ec come l&#8217;Italia non \u00e8 Meloni, Conte o Draghi, sono due Nazioni da sempre alleate. All&#8217;interno di questo, ci\u00f2 che accade nelle basi \u00e8 fissato da una legge, da ci\u00f2 che ha deciso il Parlamento&#8221;.<\/p>\n<p>L\u2019informativa<\/p>\n<p>Dopo l&#8217;intervento del ministro Crosetto si \u00e8 aperta la discussione, con 7 minuti di tempo a disposizione di ogni gruppo parlamentare. Il titolare della Difesa non riferir\u00e0 anche al Senato in mancanza di una richiesta formale dei senatori, e perch\u00e9 la sua disponibilit\u00e0 era stata annunciata dopo che la conferenza dei capigruppo di Palazzo Madama era gi\u00e0 stata convocata. In ogni caso Crosetto sar\u00e0 al Senato gioved\u00ec alle 15 per il question time e, oltre a lui, interverr\u00e0 il ministro dell&#8217;Economia Giancarlo Giorgetti.<\/p>\n<p>\t\t\t<a class=\"c-inline-card j-inline-card c-inline-card--with-image\" href=\"https:\/\/tg24.sky.it\/mondo\/2026\/04\/07\/guerra-iran-trump\" rel=\"follow nofollow noopener\" data-intcmp=\"skytg24_articolo_approfondimenti_inline\" target=\"_blank\"><\/p>\n<p>\t\t\t         <img decoding=\"async\" crossorigin=\"anonymous\" alt=\"\" src=\"https:\/\/www.europesays.com\/it\/wp-content\/uploads\/2026\/04\/Trump.jpeg\"  loading=\"lazy\"  bad-src=\"https:\/\/www.europesays.com\/it\/wp-content\/uploads\/2026\/04\/Trump.jpeg\"\/><\/p>\n<p>\n\t\t\t         Vedi anche<br \/>\n\t\t\t         Iran, Trump: intera civilt\u00e0 morir\u00e0 stanotte, non vorrei ma \u00e8 probabile\n\t\t\t      <\/p>\n<p>\t\t\t<\/a><\/p>\n<p>\t\t \tPd: &#8220;Crosetto\u00a0riferisce su altri governi, perch\u00e9 su basi non fate votare l&#8217;Aula?&#8221;<\/p>\n<p>La\u00a0capogruppo del Pd Chiara Braga ha accusato Crosetto di aver parlato troppo di\u00a0&#8220;quanto fatto dai governi precedenti&#8221;, mentre &#8220;Trump dichiarava che un&#8217;intera civilt\u00e0 morir\u00e0&#8221;. Al ministro della Difesa chiede:\u00a0&#8220;Cosa sa oggi del rischio nucleare? Le sembra normale parlarne con tale leggerezza? Il governo dovrebbe dire che non concederemo l&#8217;uso delle basi militari per una guerra che non condividiamo, perch\u00e9 non avete coraggio di far votare l&#8217;Aula?&#8221;.\u00a0<\/p>\n<p>M5s: &#8220;Guerra contro diritto internazionale sta destabilizzando il mondo&#8221;<\/p>\n<p>I toni sono simili a quelli del capogruppo del M5s alla Camera Riccardo Ricciardi. &#8220;Lei ha parlato del 2018, del 2020&#8230;.La differenza rispetto al 2018 \u00e8 che oggi c&#8217;\u00e8 Trump che ha detto che una civilt\u00e0 sta per morire e che, insieme al genocida Netanyahu, ha scatenato inferno a Gaza. C&#8217;\u00e8 una sottile differenza tra il 2018 e oggi. C&#8217;\u00e8 una guerra contro il diritto internazionale che sta destabilizzando tutto il mondo. Ci deve essere una differenza rispetto al 2018&#8221;, ha detto. Poi un attacco alla premier: &#8220;Meloni va nel Golfo per trattare sul petrolio? Ma a chi la date a bere? Andasse a parlare con Trump del petrolio&#8221;.\u00a0<\/p>\n<p>FI: &#8220;Non appropriate le minacce di Trump&#8221;<\/p>\n<p>Dalle file della maggioranza,\u00a0il deputato di Forza Italia Andrea Orsini \u00e8 intervenuto dicendo che &#8220;questa non \u00e8 la nostra guerra e non intendiamo parteciparvi in alcun modo&#8221;. Orsini ha definito &#8220;non appropriati&#8221; i toni usati da Trump (&#8220;il leader della pi\u00f9 grande e potente democrazia del pianeta&#8221;), parlando di &#8220;atteggiamenti insultanti che rischiano di aggravare dinamiche gi\u00e0 molto pericolose&#8221;. Senza &#8220;nulla concedere al regime iraniano, tra i pi\u00f9 sanguinari del pianeta&#8221;, ha quindi rimarcato l&#8217;impegno dell&#8217;Italia per una soluzione diplomatica.<\/p>\n<p>\t\t\t<a class=\"c-inline-card j-inline-card c-inline-card--with-image\" href=\"https:\/\/tg24.sky.it\/mondo\/2026\/04\/05\/meloni-visita-paesi-golfo\" rel=\"follow nofollow noopener\" data-intcmp=\"skytg24_articolo_approfondimenti_inline\" target=\"_blank\"><\/p>\n<p>\t\t\t         <img decoding=\"async\" crossorigin=\"anonymous\" alt=\"\" src=\"https:\/\/www.europesays.com\/it\/wp-content\/uploads\/2026\/04\/meloni-ansa.jpg\"  loading=\"lazy\"  bad-src=\"https:\/\/www.europesays.com\/it\/wp-content\/uploads\/2026\/04\/meloni-ansa.jpg\"\/><\/p>\n<p>\n\t\t\t         Leggi anche<br \/>\n\t\t\t         Energia e governo, Meloni nel Golfo e proposta per tassa extraprofitti\n\t\t\t      <\/p>\n<p>\t\t\t<\/a><\/p>\n<p>\t\t \tLa base di Sigonella<\/p>\n<p>Quanto a Sigonella, in un\u2019intervista de Il Corriere della Sera a Crosetto \u00e8 stato chiesto se negher\u00e0 in Parlamento che in altri casi sia stato concesso l&#8217;uso della base. &#8220;Lo negher\u00f2 certamente &#8211; ha risposto il ministro &#8211; perch\u00e9 \u00e8 falso, ma non credo esista sospetto perch\u00e9 non \u00e8 un tema gestito dalla politica ma militare&#8221;.<\/p>\n<p>Crosetto: &#8220;Nessuno \u00e8 in grado di influenzare Trump&#8221;<\/p>\n<p>Poi, alla domanda se ci sia un modo per fermare il presidente degli Stati Uniti Donald Trump, Crosetto ha replicato: &#8220;\u00c8 il leader di una nazione sovrana e nessuno dall&#8217;esterno \u00e8 in grado di influenzarlo&#8221;, dovrebbe avere &#8220;collaboratori pi\u00f9 coraggiosi. Uno dei problemi di questa presidenza \u00e8 che nessuno osa contraddire il Capo&#8221;. E sull&#8217;uscita degli Usa dalla Nato: &#8220;Non credo e non pu\u00f2 farlo. Gli servirebbe il voto del Congresso e dubito che sarebbe favorevole. Potrebbe invece decidere di ritirare i soldati dall&#8217;Europa. E questo ci renderebbe pi\u00f9 deboli, meno difesi&#8221;.<\/p>\n<p>\t\t\t<a class=\"c-inline-card j-inline-card c-inline-card--with-image\" href=\"https:\/\/tg24.sky.it\/mondo\/approfondimenti\/base-sigonella-craxi\" rel=\"follow nofollow noopener\" data-intcmp=\"skytg24_articolo_approfondimenti_inline\" target=\"_blank\"><\/p>\n<p>\t\t\t         <img decoding=\"async\" crossorigin=\"anonymous\" alt=\"\" src=\"https:\/\/www.europesays.com\/it\/wp-content\/uploads\/2026\/04\/01_ansa_sigonella_1985.JPG\"  loading=\"lazy\"  bad-src=\"https:\/\/www.europesays.com\/it\/wp-content\/uploads\/2026\/04\/01_ansa_sigonella_1985.JPG\"\/><\/p>\n<p>\n\t\t\t         Approfondimento<br \/>\n\t\t\t         La Crisi di Sigonella, quando Craxi disse no a Reagan: la storia\n\t\t\t      <\/p>\n<p>\t\t\t<\/a><\/p>\n<p>\t            TAG:<\/p>\n","protected":false},"excerpt":{"rendered":"Il ministro della Difesa alla Camera dopo lo stop a Sigonella per i bombardieri diretti in Iran: &#8220;L&#8217;applicazione&hellip;\n","protected":false},"author":3,"featured_media":432271,"comment_status":"","ping_status":"","sticky":false,"template":"","format":"standard","meta":{"footnotes":"","_share_on_mastodon":"0"},"categories":[79],"tags":[44542,14,93,94,369,5279,77,40161,764,1537,90,89,7,15,11,84,91,12,85,92],"class_list":["post-432270","post","type-post","status-publish","format-standard","has-post-thumbnail","category-italia","tag-camera-dei-deputati","tag-cronaca","tag-cronaca-italiana","tag-cronacaitaliana","tag-digitall","tag-governo-meloni","tag-guerra","tag-guido-crosetto","tag-iran","tag-it","tag-italia","tag-italy","tag-news","tag-notizie","tag-ultime-notizie","tag-ultime-notizie-e-news-di-oggi","tag-ultime-notizie-italia","tag-ultimenotizie","tag-ultimenotizieenewsdioggi","tag-ultimenotizieitalia"],"share_on_mastodon":{"url":"https:\/\/pubeurope.com\/@it\/116364179255875368","error":""},"_links":{"self":[{"href":"https:\/\/www.europesays.com\/it\/wp-json\/wp\/v2\/posts\/432270","targetHints":{"allow":["GET"]}}],"collection":[{"href":"https:\/\/www.europesays.com\/it\/wp-json\/wp\/v2\/posts"}],"about":[{"href":"https:\/\/www.europesays.com\/it\/wp-json\/wp\/v2\/types\/post"}],"author":[{"embeddable":true,"href":"https:\/\/www.europesays.com\/it\/wp-json\/wp\/v2\/users\/3"}],"replies":[{"embeddable":true,"href":"https:\/\/www.europesays.com\/it\/wp-json\/wp\/v2\/comments?post=432270"}],"version-history":[{"count":0,"href":"https:\/\/www.europesays.com\/it\/wp-json\/wp\/v2\/posts\/432270\/revisions"}],"wp:featuredmedia":[{"embeddable":true,"href":"https:\/\/www.europesays.com\/it\/wp-json\/wp\/v2\/media\/432271"}],"wp:attachment":[{"href":"https:\/\/www.europesays.com\/it\/wp-json\/wp\/v2\/media?parent=432270"}],"wp:term":[{"taxonomy":"category","embeddable":true,"href":"https:\/\/www.europesays.com\/it\/wp-json\/wp\/v2\/categories?post=432270"},{"taxonomy":"post_tag","embeddable":true,"href":"https:\/\/www.europesays.com\/it\/wp-json\/wp\/v2\/tags?post=432270"}],"curies":[{"name":"wp","href":"https:\/\/api.w.org\/{rel}","templated":true}]}}