{"id":432316,"date":"2026-04-07T16:25:14","date_gmt":"2026-04-07T16:25:14","guid":{"rendered":"https:\/\/www.europesays.com\/it\/432316\/"},"modified":"2026-04-07T16:25:14","modified_gmt":"2026-04-07T16:25:14","slug":"assolutamente-devastata-lady-gaga-cancella-allultimo-il-concerto-di-montreal","status":"publish","type":"post","link":"https:\/\/www.europesays.com\/it\/432316\/","title":{"rendered":"\u201cAssolutamente devastata\u201d: Lady Gaga cancella all\u2019ultimo il concerto di Montreal"},"content":{"rendered":"<p>Preoccupazione per i fan di<strong> Lady Gaga<\/strong>. La popstar ha infatti <strong>cancellato<\/strong> all\u2019ultimo momento <strong>il concerto<\/strong> previsto per il 6 aprile, terza e ultima data nella citt\u00e0 canadese. La decisione \u00e8 arrivata a <strong>poche ore dall\u2019inizio<\/strong> dello spettacolo al Bell Centre, lasciando il pubblico sorpreso dopo il successo delle due serate precedenti. L\u2019annuncio \u00e8 stato diffuso direttamente <strong>dall\u2019artista<\/strong> attraverso i social, interrompendo bruscamente l\u2019attesa per quello che avrebbe dovuto essere il <strong>gran finale<\/strong> della sua permanenza in Canada. Un epilogo inatteso, soprattutto considerando l\u2019entusiasmo generato dalle prime due esibizioni, accolte calorosamente dai fan.<\/p>\n<p> Le sue condizioni di salute<\/p>\n<p>Dietro la cancellazione c\u2019\u00e8 un <strong>problema di salute<\/strong> che l\u2019artista stava affrontando gi\u00e0 da alcuni giorni. Nonostante i tentativi di recuperare e salire comunque sul palco, la situazione non \u00e8 migliorata, rendendo inevitabile lo stop. Nel messaggio condiviso su Instagram, ha spiegato apertamente le sue condizioni: &#8220;Ciao a tutti. Mi dispiace tantissimo dovervi comunicare che non potr\u00f2 esibirmi stasera e devo annullare lo spettacolo. Da qualche giorno combatto contro un\u2019infezione respiratoria e sto facendo tutto il possibile per riposare e riprendermi, ma la situazione \u00e8 peggiorata&#8221;. Una scelta sofferta, maturata anche su <strong>consiglio medico<\/strong>, come ha chiarito la stessa cantante: &#8220;Il mio medico mi ha fortemente sconsigliato di esibirmi oggi e, a dire il vero, non credo di potervi offrire la qualit\u00e0 di una performance che meritate&#8221;. Parole che evidenziano non solo la gravit\u00e0 del momento, ma anche il rispetto dell\u2019artista nei confronti del proprio pubblico.<\/p>\n<p> \u201cSono devastata\u201d<\/p>\n<p>Il cuore del messaggio \u00e8 stato per\u00f2 <strong>dedicato ai fan<\/strong>, ai quali Lady Gaga ha rivolto parole di profondo dispiacere. La cantante non ha nascosto la <strong>propria amarezza<\/strong> per la cancellazione, consapevole dell\u2019attesa e dell\u2019impegno di chi aveva organizzato la serata per assistere al concerto. &#8220;So quanto sia deludente questa notizia e mi dispiace davvero tanto di avervi deluso&#8221;, ha scritto. &#8220;Chiedo scusa a tutti coloro che avevano programmato di venire a sostenermi&#8221;. Ha poi ribadito il proprio stato d\u2019animo con parole ancora pi\u00f9 dirette e sentite: &#8220;Sono assolutamente devastata e mi dispiace moltissimo&#8221;. Un messaggio sincero che ha rapidamente fatto il giro dei social, raccogliendo il sostegno e la comprensione di molti fan.<\/p>\n<p> Il legame con Montreal<\/p>\n<p>Nonostante la cancellazione, Lady Gaga ha voluto sottolineare quanto siano stati importanti i momenti vissuti nei giorni precedenti nella citt\u00e0 canadese. Le due esibizioni gi\u00e0 tenute hanno lasciato un segno profondo, sia per lei che per il pubblico. &#8220;Essere a Montreal e esibirmi per voi gioved\u00ec e venerd\u00ec \u00e8 stato magico e profondamente significativo&#8221;, ha dichiarato, evidenziando il forte legame creato con i fan locali. Un rapporto che rende ancora pi\u00f9 amaro non aver potuto concludere la serie di concerti come previsto. Rivolgendosi direttamente a chi avrebbe dovuto partecipare all\u2019ultima data, ha aggiunto: &#8220;A tutti coloro che sarebbero dovuti venire stasera, sono profondamente addolorata e mi dispiace moltissimo&#8221;.<\/p>\n<p> Il tour verso il gran finale<\/p>\n<p>La cancellazione arriva in una<strong> fase cruciale<\/strong> del \u201cMayhem Ball Tour\u201d, il lungo tour mondiale che ha accompagnato Lady Gaga negli ultimi mesi. Dopo aver attraversato diverse citt\u00e0 tra Stati Uniti, Europa e Australia, la tourn\u00e9e si avvia ora verso la sua conclusione. Le prossime tappe porteranno l\u2019artista a esibirsi negli Stati Uniti, prima del gran finale previsto il 13 aprile al Madison Square Garden di New York. Un <strong>appuntamento simbolico <\/strong>che segner\u00e0 la chiusura di un tour di grande successo, nonostante gli imprevisti lungo il percorso.<\/p>\n<p> Incognita sul recupero della data<\/p>\n<p>Resta al momento incerto il destino del concerto annullato a Montreal. Non sono state fornite <strong>indicazioni ufficiali<\/strong> su un eventuale recupero, lasciando i fan in attesa di aggiornamenti.\n<\/p>\n<p> Nel frattempo, l\u2019attenzione resta concentrata sulle <strong>condizioni di salute<\/strong> della cantante e sulla possibilit\u00e0 che possa tornare sul palco per gli ultimi appuntamenti del tour. La priorit\u00e0, per ora, resta il <strong>recupero completo<\/strong>, con l\u2019obiettivo di chiudere la tourn\u00e9e nelle migliori condizioni possibili.<\/p>\n","protected":false},"excerpt":{"rendered":"Preoccupazione per i fan di Lady Gaga. La popstar ha infatti cancellato all\u2019ultimo momento il concerto previsto per&hellip;\n","protected":false},"author":3,"featured_media":31388,"comment_status":"","ping_status":"","sticky":false,"template":"","format":"standard","meta":{"footnotes":"","_share_on_mastodon":"0"},"categories":[1443],"tags":[18247,1569,203,204,1537,90,89,29308,1538,1539],"class_list":["post-432316","post","type-post","status-publish","format-standard","has-post-thumbnail","category-musica","tag-annullamento","tag-concerto","tag-entertainment","tag-intrattenimento","tag-it","tag-italia","tag-italy","tag-lady-gaga","tag-music","tag-musica"],"share_on_mastodon":{"url":"https:\/\/pubeurope.com\/@it\/116364360117634913","error":""},"_links":{"self":[{"href":"https:\/\/www.europesays.com\/it\/wp-json\/wp\/v2\/posts\/432316","targetHints":{"allow":["GET"]}}],"collection":[{"href":"https:\/\/www.europesays.com\/it\/wp-json\/wp\/v2\/posts"}],"about":[{"href":"https:\/\/www.europesays.com\/it\/wp-json\/wp\/v2\/types\/post"}],"author":[{"embeddable":true,"href":"https:\/\/www.europesays.com\/it\/wp-json\/wp\/v2\/users\/3"}],"replies":[{"embeddable":true,"href":"https:\/\/www.europesays.com\/it\/wp-json\/wp\/v2\/comments?post=432316"}],"version-history":[{"count":0,"href":"https:\/\/www.europesays.com\/it\/wp-json\/wp\/v2\/posts\/432316\/revisions"}],"wp:featuredmedia":[{"embeddable":true,"href":"https:\/\/www.europesays.com\/it\/wp-json\/wp\/v2\/media\/31388"}],"wp:attachment":[{"href":"https:\/\/www.europesays.com\/it\/wp-json\/wp\/v2\/media?parent=432316"}],"wp:term":[{"taxonomy":"category","embeddable":true,"href":"https:\/\/www.europesays.com\/it\/wp-json\/wp\/v2\/categories?post=432316"},{"taxonomy":"post_tag","embeddable":true,"href":"https:\/\/www.europesays.com\/it\/wp-json\/wp\/v2\/tags?post=432316"}],"curies":[{"name":"wp","href":"https:\/\/api.w.org\/{rel}","templated":true}]}}