{"id":432338,"date":"2026-04-07T16:48:22","date_gmt":"2026-04-07T16:48:22","guid":{"rendered":"https:\/\/www.europesays.com\/it\/432338\/"},"modified":"2026-04-07T16:48:22","modified_gmt":"2026-04-07T16:48:22","slug":"capuano-quando-a-como-fischieranno-tutti-fieri-bastoni-immagino-che","status":"publish","type":"post","link":"https:\/\/www.europesays.com\/it\/432338\/","title":{"rendered":"Capuano: &#8220;Quando a Como fischieranno tutti fieri Bastoni immagino che&#8230;&#8221;"},"content":{"rendered":"<p>Giovanni Capuano si proietta verso Como-Inter. Come successo in Coppa Italia, Alessandro Bastoni \u00e8 atteso da un&#8217;altra serata complicata<\/p>\n<p>Giovanni Capuano si proietta verso Como-Inter. Come successo in Coppa Italia, Alessandro Bastoni \u00e8 atteso da un&#8217;altra serata complicata, con tutto lo stadio che prevedibilmente lo fischier\u00e0. Eppure ieri, \u00e8 accaduto un episodio che ha riguardato proprio il Como. Ma ovviamente tutti zitti: <a href=\"https:\/\/www.golssip.it\/gossip\/calcio\/capuano-stuzzica-i-tifosi-del-como-bastoni\/\" rel=\"nofollow noopener\" target=\"_blank\">CONTINUA A LEGGERE<\/a><\/p>\n<p class=\"is-copyright\">\u00a9 RIPRODUZIONE RISERVATA<\/p>\n","protected":false},"excerpt":{"rendered":"Giovanni Capuano si proietta verso Como-Inter. Come successo in Coppa Italia, Alessandro Bastoni \u00e8 atteso da un&#8217;altra serata&hellip;\n","protected":false},"author":3,"featured_media":106912,"comment_status":"","ping_status":"","sticky":false,"template":"","format":"standard","meta":{"footnotes":"","_share_on_mastodon":"0"},"categories":[1452],"tags":[2535,45078,19898,721,25364,3705,1740,1537,90,89,1739,245,244],"class_list":["post-432338","post","type-post","status-publish","format-standard","has-post-thumbnail","category-calcio","tag-alessandro","tag-alessandro-bastoni","tag-bastoni","tag-calcio","tag-capuano","tag-como","tag-football","tag-it","tag-italia","tag-italy","tag-soccer","tag-sport","tag-sports"],"share_on_mastodon":{"url":"https:\/\/pubeurope.com\/@it\/116364450706337148","error":""},"_links":{"self":[{"href":"https:\/\/www.europesays.com\/it\/wp-json\/wp\/v2\/posts\/432338","targetHints":{"allow":["GET"]}}],"collection":[{"href":"https:\/\/www.europesays.com\/it\/wp-json\/wp\/v2\/posts"}],"about":[{"href":"https:\/\/www.europesays.com\/it\/wp-json\/wp\/v2\/types\/post"}],"author":[{"embeddable":true,"href":"https:\/\/www.europesays.com\/it\/wp-json\/wp\/v2\/users\/3"}],"replies":[{"embeddable":true,"href":"https:\/\/www.europesays.com\/it\/wp-json\/wp\/v2\/comments?post=432338"}],"version-history":[{"count":0,"href":"https:\/\/www.europesays.com\/it\/wp-json\/wp\/v2\/posts\/432338\/revisions"}],"wp:featuredmedia":[{"embeddable":true,"href":"https:\/\/www.europesays.com\/it\/wp-json\/wp\/v2\/media\/106912"}],"wp:attachment":[{"href":"https:\/\/www.europesays.com\/it\/wp-json\/wp\/v2\/media?parent=432338"}],"wp:term":[{"taxonomy":"category","embeddable":true,"href":"https:\/\/www.europesays.com\/it\/wp-json\/wp\/v2\/categories?post=432338"},{"taxonomy":"post_tag","embeddable":true,"href":"https:\/\/www.europesays.com\/it\/wp-json\/wp\/v2\/tags?post=432338"}],"curies":[{"name":"wp","href":"https:\/\/api.w.org\/{rel}","templated":true}]}}