{"id":432398,"date":"2026-04-07T17:42:14","date_gmt":"2026-04-07T17:42:14","guid":{"rendered":"https:\/\/www.europesays.com\/it\/432398\/"},"modified":"2026-04-07T17:42:14","modified_gmt":"2026-04-07T17:42:14","slug":"sabatini-bordata-su-adani-da-cronista-e-stato-cacciato-dopo-che","status":"publish","type":"post","link":"https:\/\/www.europesays.com\/it\/432398\/","title":{"rendered":"Sabatini, bordata su Adani: &#8220;Da cronista: \u00e8 stato cacciato dopo che&#8230;&#8221;"},"content":{"rendered":"<p>Il riferimento all&#8217;ex difensore nerazzurro da parte del giornalista nel corso dell&#8217;ultima puntata del podcast Numer1<\/p>\n<p>Il duello dialettico a distanza tra Sabatini, Zazzaroni e Cruciani da un lato e Adani, <a href=\"https:\/\/www.fcinter1908.it\/ultimora\/zazzaroni-adani-cassano-guerra-leccaculo\/\" rel=\"nofollow noopener\" target=\"_blank\">Cassano<\/a> e Ventola dall&#8217;altro, \u00e8 senza esclusione di colpi. Proprio Sandro Sabatini ha parlato dell&#8217;ex difensore nel corso dell&#8217;ultima puntata del podcast Numer1. Questa la sua stoccata:<\/p>\n<p>&#8220;Parlando da cronista e senza alcuna malizia, Adani ha tentato anche di fare l&#8217;allenatore, \u00e8 stato vice di Baldini, dopo 10 giornate sono stati mandati via entrambi&#8221;. Cagni: &#8220;E dopo andai io al loro posto&#8221;. Sabatini: &#8220;L\u00ec per\u00f2 la carriera da allenatore \u00e8 finita&#8221;. Cagni: &#8220;Ha capito che non era il suo mestiere, non \u00e8 obbligatorio fare l&#8217;allenatore&#8221;<\/p>\n<p class=\"is-copyright\">\u00a9 RIPRODUZIONE RISERVATA<\/p>\n","protected":false},"excerpt":{"rendered":"Il riferimento all&#8217;ex difensore nerazzurro da parte del giornalista nel corso dell&#8217;ultima puntata del podcast Numer1 Il duello&hellip;\n","protected":false},"author":3,"featured_media":324620,"comment_status":"","ping_status":"","sticky":false,"template":"","format":"standard","meta":{"footnotes":"","_share_on_mastodon":"0"},"categories":[1452],"tags":[53691,1960,244777,721,790,139667,139668,31115,1740,1537,90,89,29431,1739,245,244],"class_list":["post-432398","post","type-post","status-publish","format-standard","has-post-thumbnail","category-calcio","tag-adani","tag-allenatore","tag-cagni","tag-calcio","tag-corso","tag-corso-ultima","tag-corso-ultima-puntata","tag-cronista","tag-football","tag-it","tag-italia","tag-italy","tag-sabatini","tag-soccer","tag-sport","tag-sports"],"share_on_mastodon":{"url":"https:\/\/pubeurope.com\/@it\/116364663116773284","error":""},"_links":{"self":[{"href":"https:\/\/www.europesays.com\/it\/wp-json\/wp\/v2\/posts\/432398","targetHints":{"allow":["GET"]}}],"collection":[{"href":"https:\/\/www.europesays.com\/it\/wp-json\/wp\/v2\/posts"}],"about":[{"href":"https:\/\/www.europesays.com\/it\/wp-json\/wp\/v2\/types\/post"}],"author":[{"embeddable":true,"href":"https:\/\/www.europesays.com\/it\/wp-json\/wp\/v2\/users\/3"}],"replies":[{"embeddable":true,"href":"https:\/\/www.europesays.com\/it\/wp-json\/wp\/v2\/comments?post=432398"}],"version-history":[{"count":0,"href":"https:\/\/www.europesays.com\/it\/wp-json\/wp\/v2\/posts\/432398\/revisions"}],"wp:featuredmedia":[{"embeddable":true,"href":"https:\/\/www.europesays.com\/it\/wp-json\/wp\/v2\/media\/324620"}],"wp:attachment":[{"href":"https:\/\/www.europesays.com\/it\/wp-json\/wp\/v2\/media?parent=432398"}],"wp:term":[{"taxonomy":"category","embeddable":true,"href":"https:\/\/www.europesays.com\/it\/wp-json\/wp\/v2\/categories?post=432398"},{"taxonomy":"post_tag","embeddable":true,"href":"https:\/\/www.europesays.com\/it\/wp-json\/wp\/v2\/tags?post=432398"}],"curies":[{"name":"wp","href":"https:\/\/api.w.org\/{rel}","templated":true}]}}