{"id":432519,"date":"2026-04-07T19:16:13","date_gmt":"2026-04-07T19:16:13","guid":{"rendered":"https:\/\/www.europesays.com\/it\/432519\/"},"modified":"2026-04-07T19:16:13","modified_gmt":"2026-04-07T19:16:13","slug":"lei-psicologa-lui-dirigente-medico-in-pensione","status":"publish","type":"post","link":"https:\/\/www.europesays.com\/it\/432519\/","title":{"rendered":"lei psicologa, lui dirigente medico in pensione"},"content":{"rendered":"<p>Sarzana, 7 aprile 2026 \u2013\u00a0E\u2019 profondo il cordoglio in Veneto per la morte dei due coniugi deceduti in un incidente stradale accaduto nel territorio comunale di<strong> Sarzana<\/strong>, sul viadotto che attraversa il fiume Magra, al confine con il <strong>Comune di Arcola<\/strong>. Il loro scooter si \u00e8 schiantato contro un\u2019auto. Per le due persone, <strong>Cinzia Iadarola<\/strong>, 63 anni, e <strong>Daniele Fracon<\/strong>, 74, ogni tentativo di rianimazione \u00e8 stato vano. Troppo gravi le ferite riportate nello scontro con la macchina, una monovolume. Un incidente frontale per il quale adesso si indaga sulla dinamica.\u00a0Procede la polizia stradale.<\/p>\n<p>Approfondisci:<\/p>\n<p><a href=\"https:\/\/www.lanazione.it\/sarzana\/cronaca\/incidente-tgx3kehi\" class=\"ArticleEmbed_article__embed__content__Jzqnz\" rel=\"nofollow noopener\" target=\"_blank\">Marito e moglie muoiono nel giorno di Pasqua, sbalzati dalla moto e finiti contro un\u2019auto<img alt=\"Marito e moglie muoiono nel giorno di Pasqua, sbalzati dalla moto e finiti contro un\u2019auto\" loading=\"lazy\" width=\"140\" height=\"78\" decoding=\"async\" data-nimg=\"1\" style=\"color:transparent\"  src=\"https:\/\/www.europesays.com\/it\/wp-content\/uploads\/2026\/04\/paviapress32c97c9d7bdb491f9cf8b9df09e736027dsc0362jpg-94309612.webp.webp\"\/><\/a><br \/>\nChi erano le vittime <\/p>\n<p>I due abitavano a <strong>Oderzo<\/strong>, in provincia di Treviso. Ed erano due professionisti conosciuti. Daniele Fracon era stato un dirigente medico di ortopedia all\u2019ospedale di Oderzo. Era in pensione da qualche tempo. Cinzia Iadarola era una psicologa e aveva il suo studio in citt\u00e0. Tanti amici e conoscenti adesso si stringono alla famiglia. Per una tragedia immensa, accaduta nel giorno di Pasqua. Mentre la coppia <strong>era in Liguria<\/strong> per qualche giorno di relax. Molto amanti dei viaggi, avevano visitato tanti Paesi. E si cerca di capire adesso cosa \u00e8 accaduto. Su cosa abbia provocato l\u2019incidente. Il viadotto, nel pomeriggio di Pasqua, \u00e8 rimasto chiuso a lungo per consentire i soccorsi e i rilievi.\u00a0<\/p>\n<p>Approfondisci:<\/p>\n<p><a href=\"https:\/\/www.lanazione.it\/cronaca\/pronto-soccorso-medici-ok1s6zyi\" class=\"ArticleEmbed_article__embed__content__Jzqnz\" rel=\"nofollow noopener\" target=\"_blank\">Assalto ai pronto soccorso, l\u2019offerta dei medici: \u201cAndiamo noi nelle case di comunit\u00e0\u201d<img alt=\"Assalto ai pronto soccorso, l\u2019offerta dei medici: \u201cAndiamo noi nelle case di comunit\u00e0\u201d\" loading=\"lazy\" width=\"140\" height=\"78\" decoding=\"async\" data-nimg=\"1\" style=\"color:transparent\"  src=\"https:\/\/www.europesays.com\/it\/wp-content\/uploads\/2026\/04\/pronto-soccorso-dell-ospedale-di-cisanello-pisa-foto-di-enrico-mattia-del-punta.webp.webp\"\/><\/a><br \/>\nInchiesta per omicidio stradale <\/p>\n<p>Daniele Fracon era andato in pensione <strong>nel 2017<\/strong>. E nella sua carriera aveva operato anche all\u2019estero, partecipando a una missione per supporto sanitario in Medio Oriente durante la prima guerra del Golfo. E\u2019 ricordato anche per aver dato impulso <strong>al reparto di ortopedia<\/strong> dell\u2019ospedale di Oderzo, contribuendo alla sua nascita, come spiega il Corriere del Veneto.\u00a0<\/p>\n<p> <img alt=\"Ponte sulla Magra unisce i comuni di Sarzana e Arcola\" loading=\"lazy\" width=\"3888\" height=\"1960\" decoding=\"async\" data-nimg=\"1\" style=\"color:transparent;max-width:100%;height:auto\"   src=\"https:\/\/www.europesays.com\/it\/wp-content\/uploads\/2026\/04\/ponte-sulla-magra-unisce-i-comuni-di-sarzana-e-arcola.webp.webp\"\/><\/p>\n<p>Ponte sulla Magra unisce i comuni di Sarzana e Arcola<\/p>\n<p>Intanto restano gravi in ospedale le condizioni dell\u2019automobilista che era a bordo del mezzo che si \u00e8 scontrato con lo scooter della coppia. A procedere per le indagini \u00e8 la procura della Spezia, che proceder\u00e0 per omicidio stradale.\u00a0<\/p>\n","protected":false},"excerpt":{"rendered":"Sarzana, 7 aprile 2026 \u2013\u00a0E\u2019 profondo il cordoglio in Veneto per la morte dei due coniugi deceduti in&hellip;\n","protected":false},"author":3,"featured_media":432520,"comment_status":"","ping_status":"","sticky":false,"template":"","format":"standard","meta":{"footnotes":"","_share_on_mastodon":"0"},"categories":[79],"tags":[19090,12007,14,93,94,3163,2283,1537,90,89,452,770,7,15,9841,9070,198374,9500,11,84,91,12,85,92],"class_list":["post-432519","post","type-post","status-publish","format-standard","has-post-thumbnail","category-italia","tag-cinzia","tag-coniugi","tag-cronaca","tag-cronaca-italiana","tag-cronacaitaliana","tag-daniele","tag-dirigente","tag-it","tag-italia","tag-italy","tag-medico","tag-morti","tag-news","tag-notizie","tag-pensione","tag-psicologa","tag-sarzana","tag-tragedia","tag-ultime-notizie","tag-ultime-notizie-e-news-di-oggi","tag-ultime-notizie-italia","tag-ultimenotizie","tag-ultimenotizieenewsdioggi","tag-ultimenotizieitalia"],"share_on_mastodon":{"url":"https:\/\/pubeurope.com\/@it\/116365032606564961","error":""},"_links":{"self":[{"href":"https:\/\/www.europesays.com\/it\/wp-json\/wp\/v2\/posts\/432519","targetHints":{"allow":["GET"]}}],"collection":[{"href":"https:\/\/www.europesays.com\/it\/wp-json\/wp\/v2\/posts"}],"about":[{"href":"https:\/\/www.europesays.com\/it\/wp-json\/wp\/v2\/types\/post"}],"author":[{"embeddable":true,"href":"https:\/\/www.europesays.com\/it\/wp-json\/wp\/v2\/users\/3"}],"replies":[{"embeddable":true,"href":"https:\/\/www.europesays.com\/it\/wp-json\/wp\/v2\/comments?post=432519"}],"version-history":[{"count":0,"href":"https:\/\/www.europesays.com\/it\/wp-json\/wp\/v2\/posts\/432519\/revisions"}],"wp:featuredmedia":[{"embeddable":true,"href":"https:\/\/www.europesays.com\/it\/wp-json\/wp\/v2\/media\/432520"}],"wp:attachment":[{"href":"https:\/\/www.europesays.com\/it\/wp-json\/wp\/v2\/media?parent=432519"}],"wp:term":[{"taxonomy":"category","embeddable":true,"href":"https:\/\/www.europesays.com\/it\/wp-json\/wp\/v2\/categories?post=432519"},{"taxonomy":"post_tag","embeddable":true,"href":"https:\/\/www.europesays.com\/it\/wp-json\/wp\/v2\/tags?post=432519"}],"curies":[{"name":"wp","href":"https:\/\/api.w.org\/{rel}","templated":true}]}}