{"id":43287,"date":"2025-08-12T14:19:14","date_gmt":"2025-08-12T14:19:14","guid":{"rendered":"https:\/\/www.europesays.com\/it\/43287\/"},"modified":"2025-08-12T14:19:14","modified_gmt":"2025-08-12T14:19:14","slug":"il-vestito-magenta-di-amal-clooney-per-la-moda-estate-2025","status":"publish","type":"post","link":"https:\/\/www.europesays.com\/it\/43287\/","title":{"rendered":"Il vestito magenta di Amal Clooney per la moda Estate 2025"},"content":{"rendered":"<p data-journey-content=\"true\" data-node-id=\"0\" class=\"css-i9p093 emevuu60\">Nella carrellata di summer looks che declinano marini\u00e8re e borsette tress\u00e9, shorts e <a href=\"https:\/\/www.elle.com\/it\/moda\/street-style\/a65588482\/infradito-birkenstock-argento-myrta-merlino-estate-2025\/\" target=\"_blank\" data-vars-ga-outbound-link=\"https:\/\/www.elle.com\/it\/moda\/street-style\/a65588482\/infradito-birkenstock-argento-myrta-merlino-estate-2025\/\" data-vars-ga-ux-element=\"Hyperlink\" data-vars-ga-call-to-action=\"ciabattine\" data-node-id=\"0.5\" class=\"body-link css-103hk4r emevuu60\" rel=\"nofollow noopener\">ciabattine<\/a>, spicca il glamour di chi al tacco 12 non rinuncia (quasi) mai. Cos\u00ec come all\u2019eleganza siderale di <a href=\"https:\/\/www.elle.com\/it\/moda\/street-style\/a65580173\/amal-clooney-vestito-paillettes-george-clooney-estate-2025-italia-cena-foto\/\" target=\"_blank\" data-vars-ga-outbound-link=\"https:\/\/www.elle.com\/it\/moda\/street-style\/a65580173\/amal-clooney-vestito-paillettes-george-clooney-estate-2025-italia-cena-foto\/\" data-vars-ga-ux-element=\"Hyperlink\" data-vars-ga-call-to-action=\"un abito brulicante di paillettes\" data-node-id=\"0.7\" class=\"body-link css-103hk4r emevuu60\" rel=\"nofollow noopener\">un abito brulicante di paillettes<\/a> che balugina nella notte di Laglio e dintorni, dando sostanza chic alle paparazzate vista lago. Avvocatessa, giurista, filantropa, diva defilata eppure fulgida, naturalmente dotata di ottimi geni che le hanno donato un physique da top,<strong data-node-id=\"0.11\"> Amal Clooney <\/strong>\u00e8 l\u2019elegante certezza dell\u2019estate italiana. Uscite col contagocce ma ad effetto; ovviamente in coppia al solido George che, anche lui, sfodera un suit sbottonato dopo l\u2019altro, dando masterclass di stile d\u00e9contract\u00e9. Inarrivabile, tuttavia, quello della moglie che colpisce ancora nel segno di un sexy e impeccabile partywear. Nella terza (o forse quarta?) uscita sul lago di Como \u2013 dopo il soggiorno newyorchese della coppia, causa l\u2019impegno dell\u2019attore nell\u2019adattamento teatrale del suo Good Night, and Good Luck, risultato tra i maggiori successi al botteghino nella storia di Broadway \u2013 eccola apparire come un sogno vivido d\u2019estate inoltrata. Rose strette tra le dita assieme ad una clutch dorata, la chioma bruna tenuta a bada con nonchalance dagli occhiali da sole e lui, <strong data-node-id=\"0.21\">il vestito magenta di Amal Clooney pronto a rubare la scena con spacco vertiginoso e scollatura drap\u00e9e<\/strong>, ossia a cappuccio da regina delle notti al lago quale \u00e8. Seduttivo e raffinato, glam e prezioso, l\u2019abito in chiffon \u00e8 asimmetrico, con una manica cascante a mo\u2019 di foulard su di un lato e balze ondeggianti sul finale ad aprirsi l\u00ec; sullo stacco di coscia, per un\u2019alchimia divistica che si vedrebbe bene anche sul tappeto rosso di qualche <a href=\"https:\/\/www.elle.com\/it\/showbiz\/cinema\/a65471880\/festival-di-venezia-2025-programma-film-ospiti\/\" target=\"_blank\" data-vars-ga-outbound-link=\"https:\/\/www.elle.com\/it\/showbiz\/cinema\/a65471880\/festival-di-venezia-2025-programma-film-ospiti\/\" data-vars-ga-ux-element=\"Hyperlink\" data-vars-ga-call-to-action=\"imminente festival\" data-node-id=\"0.25\" class=\"body-link css-103hk4r emevuu60\" rel=\"nofollow noopener\">imminente festival<\/a>. Il tocco in pi\u00f9? Gli accessori matchy-matchy, tra orecchini pendenti con diamanti, pochette e sandali vertigo Tati firmati Aquazzura in un oro incredibilmente funzionante con il magenta scuro dell\u2019abito. E del resto, si sa, la classe non \u00e8 acqua e anche la passerella di legno che conduce alla terraferma nelle mani di Amal si fa pedana di un d\u00e9fil\u00e9 iper-glamour. La coppia, che ha recentemente ospitato sul Lago di Como un gruppo di filantropi per un <a href=\"https:\/\/www.elle.com\/it\/showbiz\/celebrities\/a65650661\/george-clooney-moglie-amal-gala-lago-di-como-vip-foto-video-news\/\" target=\"_blank\" data-vars-ga-outbound-link=\"https:\/\/www.elle.com\/it\/showbiz\/celebrities\/a65650661\/george-clooney-moglie-amal-gala-lago-di-como-vip-foto-video-news\/\" data-vars-ga-ux-element=\"Hyperlink\" data-vars-ga-call-to-action=\"evento della Clooney Foundation for Justice\" data-node-id=\"0.31\" class=\"body-link css-103hk4r emevuu60\" rel=\"nofollow noopener\">evento della Clooney Foundation for Justice<\/a>, ha ufficialmente inaugurato la stagione italiana a Villa Oleandra e chiss\u00e0 quante sorprese sartoriali ci potr\u00e0 ancora riservare. <\/p>\n<p>Come indossare il vestito magenta di Amal Clooney per le sere dell\u2019Estate 2025? <\/p>\n<p data-journey-content=\"true\" data-node-id=\"5\" class=\"css-i9p093 emevuu60\">Dalle 19 in poi. Vietato (o quasi) indossarlo prima. <strong data-node-id=\"5.1\">Il vestito magenta di Amal Clooney<\/strong> si sfodera per cocktail party e cene di peso, con glossa di clutch e pochette, su altezze rasoterra o vertigo come opzionato dall\u2019avvocata libanese. Per una virata alla comodit\u00e0 ma pur sempre chic, si pu\u00f2 rimediare su <a href=\"https:\/\/www.elle.com\/it\/moda\/tendenze\/a64927676\/sandali-bassi-infradito-tendenza-estate-2025\/\" target=\"_blank\" data-vars-ga-outbound-link=\"https:\/\/www.elle.com\/it\/moda\/tendenze\/a64927676\/sandali-bassi-infradito-tendenza-estate-2025\/\" data-vars-ga-ux-element=\"Hyperlink\" data-vars-ga-call-to-action=\"sandali flat\" data-node-id=\"5.5\" class=\"body-link css-103hk4r emevuu60\" rel=\"nofollow noopener\">sandali flat<\/a> e preziosi, meglio se metallizzati in oro o argento per una doppia presa sul glamour e un riflesso di luce ad innervare il look. Proprio sulle calzature, in effetti, ci si pu\u00f2 sbizzarrire di pi\u00f9, tra mules che saranno prerogativa anche di stagione fredda, lace-up che abbracciano la caviglia con eleganza, o \u2013 e per cedere al <a href=\"https:\/\/www.elle.com\/it\/moda\/ultime-notizie\/a65590085\/infradito-sandali-bassi-storia-trend-moda-estate-2025\/\" target=\"_blank\" data-vars-ga-outbound-link=\"https:\/\/www.elle.com\/it\/moda\/ultime-notizie\/a65590085\/infradito-sandali-bassi-storia-trend-moda-estate-2025\/\" data-vars-ga-ux-element=\"Hyperlink\" data-vars-ga-call-to-action=\"vero tormentone dell\u2019Estate 2025\" data-node-id=\"5.11\" class=\"body-link css-103hk4r emevuu60\" rel=\"nofollow noopener\">vero tormentone dell\u2019Estate 2025<\/a> \u2013 infradito rigorosamente col tacco e magari impreziosite da un dettaglio gioiello. A proposito, bene, benissimo gli orecchini dichiarazione come quelli di Amal e dosare con cautela il resto dei bijoux. D\u2019altronde, con un abito cos\u00ec, baster\u00e0 davvero poco a rubare la scena e, come sosteneva fermamente l\u2019inarrivabile Coco Chanel, sempre meglio togliere che aggiungere. <\/p>\n<p>Dove acquistare il vestito magenta come quello di Amal Clooney <\/p>\n<p>Abito midi con spacco, The Andamane <\/p>\n<p><a target=\"_blank\" rel=\"nofollow noopener\" data-theme-key=\"product-image-wrapper\" href=\"https:\/\/www.yoox.com\/it\/15389901LR\/item?utm_source=google&amp;utm_medium=cpc&amp;utm_campaign=GOO%3AYOX%3AEU%3AIT%3AOO%3AITA%3ASEAU%3APLA%3ASLR%3AMXO%3ANEW%3AWM%3ADESIGNER_ALL%3ALV0%3ALV1%3ALV2%3AXXX%3A1784%3AEMPTY%3A&amp;utm_id=21139323985&amp;utm_term=IT-15389901LR-4-AI25&amp;vtp00=GOOGLE&amp;vtp01=SEAU&amp;vtp02=162770317080&amp;vtp03=pla-2471412251472&amp;vtp04=g&amp;vtp05=m&amp;vtp06=694924966055&amp;vtp07=pla&amp;gad_source=1&amp;gad_campaignid=21139323985&amp;gbraid=0AAAAADup2nOE371tM8sbxpUkXkjQVW3Bm&amp;gclid=Cj0KCQjwqebEBhD9ARIsAFZMbfysKT1_6BgQXySbT35kWLGzwTzpmnAD5VenFjfNaWVu-0BNu-_prWIaAj45EALw_wcB#cod10=15389901LR&amp;sizeId=4\" aria-label=\"Compra su YOOX per Abito midi con spacco, The Andamane \" data-href=\"https:\/\/www.yoox.com\/it\/15389901LR\/item?utm_source=google&amp;utm_medium=cpc&amp;utm_campaign=GOO%3AYOX%3AEU%3AIT%3AOO%3AITA%3ASEAU%3APLA%3ASLR%3AMXO%3ANEW%3AWM%3ADESIGNER_ALL%3ALV0%3ALV1%3ALV2%3AXXX%3A1784%3AEMPTY%3A&amp;utm_id=21139323985&amp;utm_term=IT-15389901LR-4-AI25&amp;vtp00=GOOGLE&amp;vtp01=SEAU&amp;vtp02=162770317080&amp;vtp03=pla-2471412251472&amp;vtp04=g&amp;vtp05=m&amp;vtp06=694924966055&amp;vtp07=pla&amp;gad_source=1&amp;gad_campaignid=21139323985&amp;gbraid=0AAAAADup2nOE371tM8sbxpUkXkjQVW3Bm&amp;gclid=Cj0KCQjwqebEBhD9ARIsAFZMbfysKT1_6BgQXySbT35kWLGzwTzpmnAD5VenFjfNaWVu-0BNu-_prWIaAj45EALw_wcB#cod10=15389901LR&amp;sizeId=4\" data-product-url=\"https:\/\/www.yoox.com\/it\/15389901LR\/item?utm_source=google&amp;utm_medium=cpc&amp;utm_campaign=GOO%3AYOX%3AEU%3AIT%3AOO%3AITA%3ASEAU%3APLA%3ASLR%3AMXO%3ANEW%3AWM%3ADESIGNER_ALL%3ALV0%3ALV1%3ALV2%3AXXX%3A1784%3AEMPTY%3A&amp;utm_id=21139323985&amp;utm_term=IT-15389901LR-4-AI25&amp;vtp00=GOOGLE&amp;vtp01=SEAU&amp;vtp02=162770317080&amp;vtp03=pla-2471412251472&amp;vtp04=g&amp;vtp05=m&amp;vtp06=694924966055&amp;vtp07=pla&amp;gad_source=1&amp;gad_campaignid=21139323985&amp;gbraid=0AAAAADup2nOE371tM8sbxpUkXkjQVW3Bm&amp;gclid=Cj0KCQjwqebEBhD9ARIsAFZMbfysKT1_6BgQXySbT35kWLGzwTzpmnAD5VenFjfNaWVu-0BNu-_prWIaAj45EALw_wcB#cod10=15389901LR&amp;sizeId=4\" data-affiliate=\"true\" data-affiliate-url=\"https:\/\/www.yoox.com\/it\/15389901LR\/item?utm_source=google&amp;utm_medium=cpc&amp;utm_campaign=GOO%3AYOX%3AEU%3AIT%3AOO%3AITA%3ASEAU%3APLA%3ASLR%3AMXO%3ANEW%3AWM%3ADESIGNER_ALL%3ALV0%3ALV1%3ALV2%3AXXX%3A1784%3AEMPTY%3A&amp;utm_id=21139323985&amp;utm_term=IT-15389901LR-4-AI25&amp;vtp00=GOOGLE&amp;vtp01=SEAU&amp;vtp02=162770317080&amp;vtp03=pla-2471412251472&amp;vtp04=g&amp;vtp05=m&amp;vtp06=694924966055&amp;vtp07=pla&amp;gad_source=1&amp;gad_campaignid=21139323985&amp;gbraid=0AAAAADup2nOE371tM8sbxpUkXkjQVW3Bm&amp;gclid=Cj0KCQjwqebEBhD9ARIsAFZMbfysKT1_6BgQXySbT35kWLGzwTzpmnAD5VenFjfNaWVu-0BNu-_prWIaAj45EALw_wcB#cod10=15389901LR&amp;sizeId=4\" data-affiliate-network=\"{&quot;site_id&quot;:&quot;315b2bba-c4a8-446d-9237-6e6750390ee7&quot;,&quot;metadata&quot;:{&quot;trackonomics&quot;:{&quot;network_name&quot;:null}},&quot;network&quot;:{&quot;name&quot;:&quot;Trackonomics&quot;},&quot;product_metadata&quot;:{&quot;315b2bba-c4a8-446d-9237-6e6750390ee7&quot;:{&quot;network_name&quot;:null,&quot;link&quot;:&quot;https:\/\/www.yoox.com\/it\/15389901LR\/item?utm_source=google&amp;utm_medium=cpc&amp;utm_campaign=GOO%3AYOX%3AEU%3AIT%3AOO%3AITA%3ASEAU%3APLA%3ASLR%3AMXO%3ANEW%3AWM%3ADESIGNER_ALL%3ALV0%3ALV1%3ALV2%3AXXX%3A1784%3AEMPTY%3A&amp;utm_id=21139323985&amp;utm_term=IT-15389901LR-4-AI25&amp;vtp00=GOOGLE&amp;vtp01=SEAU&amp;vtp02=162770317080&amp;vtp03=pla-2471412251472&amp;vtp04=g&amp;vtp05=m&amp;vtp06=694924966055&amp;vtp07=pla&amp;gad_source=1&amp;gad_campaignid=21139323985&amp;gbraid=0AAAAADup2nOE371tM8sbxpUkXkjQVW3Bm&amp;gclid=Cj0KCQjwqebEBhD9ARIsAFZMbfysKT1_6BgQXySbT35kWLGzwTzpmnAD5VenFjfNaWVu-0BNu-_prWIaAj45EALw_wcB#cod10=15389901LR&amp;sizeId=4&quot;}},&quot;afflink_redirect&quot;:&quot;\/_p\/afflink\/xAWg\/yoox-abito-midi-con-spacco-the&quot;}\" data-vars-ga-call-to-action=\"Compra su YOOX\" data-vars-ga-media-role=\"\" data-vars-ga-media-type=\"Single Product Embed\" data-vars-ga-outbound-link=\"https:\/\/www.yoox.com\/it\/15389901LR\/item?utm_source=google&amp;utm_medium=cpc&amp;utm_campaign=GOO%3AYOX%3AEU%3AIT%3AOO%3AITA%3ASEAU%3APLA%3ASLR%3AMXO%3ANEW%3AWM%3ADESIGNER_ALL%3ALV0%3ALV1%3ALV2%3AXXX%3A1784%3AEMPTY%3A&amp;utm_id=21139323985&amp;utm_term=IT-15389901LR-4-AI25&amp;vtp00=GOOGLE&amp;vtp01=SEAU&amp;vtp02=162770317080&amp;vtp03=pla-2471412251472&amp;vtp04=g&amp;vtp05=m&amp;vtp06=694924966055&amp;vtp07=pla&amp;gad_source=1&amp;gad_campaignid=21139323985&amp;gbraid=0AAAAADup2nOE371tM8sbxpUkXkjQVW3Bm&amp;gclid=Cj0KCQjwqebEBhD9ARIsAFZMbfysKT1_6BgQXySbT35kWLGzwTzpmnAD5VenFjfNaWVu-0BNu-_prWIaAj45EALw_wcB#cod10=15389901LR&amp;sizeId=4\" data-vars-ga-product-id=\"9b98513a-4a9f-4a4a-a7fa-97b492b4de75\" data-vars-ga-product-price=\"159,00\u00a0\u20ac\" data-vars-ga-product-retailer-id=\"c845d8f5-b8da-409c-9945-ddd7c375c8ab\" data-vars-ga-link-treatment=\"(not set) | (not set)\" class=\"product-image-link ebgq4gw2 e1b8bpvs0 css-g6od0w e1c1bym14\" data-><img  alt=\"Abito midi con spacco, The Andamane \" title=\"Abito midi con spacco, The Andamane \" src=\"https:\/\/www.europesays.com\/it\/wp-content\/uploads\/2025\/08\/1754972905-15389901lr-14-f-689ac2b6e7a7d.jpg\" width=\"387\" height=\"490\" decoding=\"async\" loading=\"lazy\"\/><\/a><\/p>\n<p>Abito in seta con gonna asimmetrica, Reformation <\/p>\n<p><a target=\"_blank\" rel=\"nofollow noopener\" data-theme-key=\"product-image-wrapper\" href=\"https:\/\/www.thereformation.com\/products\/scotia-silk-dress\/1318122HTE.html?utm_campaign=%7Bcampaign%7D&amp;gad_source=1&amp;gad_campaignid=22303294938&amp;gbraid=0AAAAABnwCwcxaNbgIQefxXDjXqucGKexq&amp;gclid=Cj0KCQjwqebEBhD9ARIsAFZMbfwo_ODk9ijzoCQxdFvJ7_5n9AnKN_xi3bB_jgT3bx3K5yyLi9vx5nIaAvWUEALw_wcB\" aria-label=\"Compra su The Reformation per Abito in seta con gonna asimmetrica, Reformation \" data-href=\"https:\/\/www.thereformation.com\/products\/scotia-silk-dress\/1318122HTE.html?utm_campaign=%7Bcampaign%7D&amp;gad_source=1&amp;gad_campaignid=22303294938&amp;gbraid=0AAAAABnwCwcxaNbgIQefxXDjXqucGKexq&amp;gclid=Cj0KCQjwqebEBhD9ARIsAFZMbfwo_ODk9ijzoCQxdFvJ7_5n9AnKN_xi3bB_jgT3bx3K5yyLi9vx5nIaAvWUEALw_wcB\" data-product-url=\"https:\/\/www.thereformation.com\/products\/scotia-silk-dress\/1318122HTE.html?utm_campaign=%7Bcampaign%7D&amp;gad_source=1&amp;gad_campaignid=22303294938&amp;gbraid=0AAAAABnwCwcxaNbgIQefxXDjXqucGKexq&amp;gclid=Cj0KCQjwqebEBhD9ARIsAFZMbfwo_ODk9ijzoCQxdFvJ7_5n9AnKN_xi3bB_jgT3bx3K5yyLi9vx5nIaAvWUEALw_wcB\" data-affiliate=\"false\" data-affiliate-network=\"\" data-vars-ga-call-to-action=\"Compra su The Reformation\" data-vars-ga-media-role=\"\" data-vars-ga-media-type=\"Single Product Embed\" data-vars-ga-outbound-link=\"https:\/\/www.thereformation.com\/products\/scotia-silk-dress\/1318122HTE.html?utm_campaign=%7Bcampaign%7D&amp;gad_source=1&amp;gad_campaignid=22303294938&amp;gbraid=0AAAAABnwCwcxaNbgIQefxXDjXqucGKexq&amp;gclid=Cj0KCQjwqebEBhD9ARIsAFZMbfwo_ODk9ijzoCQxdFvJ7_5n9AnKN_xi3bB_jgT3bx3K5yyLi9vx5nIaAvWUEALw_wcB\" data-vars-ga-product-id=\"186993d2-3c6b-4db3-838d-a4c39e6cd2e9\" data-vars-ga-product-price=\"398,00\u00a0\u20ac\" data-vars-ga-product-retailer-id=\"057f391a-b1f9-4e53-b4ba-a1448d4056d5\" data-vars-ga-link-treatment=\"(not set) | (not set)\" class=\"product-image-link ebgq4gw2 e1b8bpvs0 css-g6od0w e1c1bym14\" data-><img  alt=\"Abito in seta con gonna asimmetrica, Reformation \" title=\"Abito in seta con gonna asimmetrica, Reformation \" src=\"https:\/\/www.europesays.com\/it\/wp-content\/uploads\/2025\/08\/1754972964-1318122-1-689ac2f6cc571.jpg\" width=\"1000\" height=\"1333\" decoding=\"async\" loading=\"lazy\"\/><\/a><\/p>\n<p>Abito con scollatura drappeggiata, Mango <\/p>\n<p><a target=\"_blank\" rel=\"nofollow noopener\" data-theme-key=\"product-image-wrapper\" href=\"https:\/\/www.zalando.it\/mango-abito-da-sera-violet-m9121c7m6-i11.html?ssku=M9121C7M6-I11000L000&amp;lang=it&amp;otid=default&amp;wmc=SEM390_NB_GO._8690582122_680648580_34341989185.&amp;opc=2211&amp;mpp=google%7Cv1%7C%7Cpla-18283950120%7C%7C1008699%7C%7Cg%7Cm%7C%7C149792249252%7C%7Cpla%7CM9121C7M6-I11000L000%7C18283950120%7C1%7C&amp;gclsrc=aw.ds&amp;gad_source=1&amp;gad_campaignid=680648580&amp;gbraid=0AAAAADM14zfxb_HULUpCHrbD3kAabQOd4&amp;gclid=Cj0KCQjwqebEBhD9ARIsAFZMbfxJdgSG54B0MefPg3N7l5Sn3zUH0n_fjUbK7s4LoL6OZVSP7Gubt6IaApG6EALw_wcB\" aria-label=\"Compra su Zalando per Abito con scollatura drappeggiata, Mango \" data-href=\"https:\/\/www.zalando.it\/mango-abito-da-sera-violet-m9121c7m6-i11.html?ssku=M9121C7M6-I11000L000&amp;lang=it&amp;otid=default&amp;wmc=SEM390_NB_GO._8690582122_680648580_34341989185.&amp;opc=2211&amp;mpp=google%7Cv1%7C%7Cpla-18283950120%7C%7C1008699%7C%7Cg%7Cm%7C%7C149792249252%7C%7Cpla%7CM9121C7M6-I11000L000%7C18283950120%7C1%7C&amp;gclsrc=aw.ds&amp;gad_source=1&amp;gad_campaignid=680648580&amp;gbraid=0AAAAADM14zfxb_HULUpCHrbD3kAabQOd4&amp;gclid=Cj0KCQjwqebEBhD9ARIsAFZMbfxJdgSG54B0MefPg3N7l5Sn3zUH0n_fjUbK7s4LoL6OZVSP7Gubt6IaApG6EALw_wcB\" data-product-url=\"https:\/\/www.zalando.it\/mango-abito-da-sera-violet-m9121c7m6-i11.html?ssku=M9121C7M6-I11000L000&amp;lang=it&amp;otid=default&amp;wmc=SEM390_NB_GO._8690582122_680648580_34341989185.&amp;opc=2211&amp;mpp=google%7Cv1%7C%7Cpla-18283950120%7C%7C1008699%7C%7Cg%7Cm%7C%7C149792249252%7C%7Cpla%7CM9121C7M6-I11000L000%7C18283950120%7C1%7C&amp;gclsrc=aw.ds&amp;gad_source=1&amp;gad_campaignid=680648580&amp;gbraid=0AAAAADM14zfxb_HULUpCHrbD3kAabQOd4&amp;gclid=Cj0KCQjwqebEBhD9ARIsAFZMbfxJdgSG54B0MefPg3N7l5Sn3zUH0n_fjUbK7s4LoL6OZVSP7Gubt6IaApG6EALw_wcB\" data-affiliate=\"false\" data-affiliate-network=\"\" data-vars-ga-call-to-action=\"Compra su Zalando\" data-vars-ga-media-role=\"\" data-vars-ga-media-type=\"Single Product Embed\" data-vars-ga-outbound-link=\"https:\/\/www.zalando.it\/mango-abito-da-sera-violet-m9121c7m6-i11.html?ssku=M9121C7M6-I11000L000&amp;lang=it&amp;otid=default&amp;wmc=SEM390_NB_GO._8690582122_680648580_34341989185.&amp;opc=2211&amp;mpp=google%7Cv1%7C%7Cpla-18283950120%7C%7C1008699%7C%7Cg%7Cm%7C%7C149792249252%7C%7Cpla%7CM9121C7M6-I11000L000%7C18283950120%7C1%7C&amp;gclsrc=aw.ds&amp;gad_source=1&amp;gad_campaignid=680648580&amp;gbraid=0AAAAADM14zfxb_HULUpCHrbD3kAabQOd4&amp;gclid=Cj0KCQjwqebEBhD9ARIsAFZMbfxJdgSG54B0MefPg3N7l5Sn3zUH0n_fjUbK7s4LoL6OZVSP7Gubt6IaApG6EALw_wcB\" data-vars-ga-product-id=\"ebd0707b-0744-45fb-aed3-8f047e46ac3f\" data-vars-ga-product-price=\"45,99\u00a0\u20ac\" data-vars-ga-product-retailer-id=\"1344fe83-2010-4b8b-8298-e0997d5e978a\" data-vars-ga-link-treatment=\"sale | (not set)\" class=\"product-image-link ebgq4gw2 e1b8bpvs0 css-g6od0w e1c1bym14\" data-><img  alt=\"Abito con scollatura drappeggiata, Mango \" title=\"Abito con scollatura drappeggiata, Mango \" src=\"https:\/\/www.europesays.com\/it\/wp-content\/uploads\/2025\/08\/1754973035-af7385a19b4f4116b70689ac3415e361.jpg\" width=\"762\" height=\"1100\" decoding=\"async\" loading=\"lazy\"\/><\/a>Related StoriesGLI ESSENZIALI<img src=\"https:\/\/www.europesays.com\/it\/wp-content\/uploads\/2025\/08\/1755008352_590_dock-bay-telo-mare-asciugatura-rapida-senza-sabbia-685e1f0c95e57.png\" alt=\"dock &amp; bay telo mare asciugatura rapida, senza sabbia\" title=\"Dock &amp; Bay Telo Mare - Asciugatura Rapida, Senza Sabbia \" width=\"498\" height=\"494\" decoding=\"async\" loading=\"lazy\"\/>courtesy photo<img src=\"https:\/\/www.europesays.com\/it\/wp-content\/uploads\/2025\/08\/1755008353_840_anker-621-power-bank-ricarica-rapida-con-connettore-lightning-integrato-685e1e3c894b0.png\" alt=\"anker 621 power bank ricarica rapida con connettore lightning integrato\" title=\"Anker 621 Power Bank Ricarica Rapida con connettore Lightning integrato\" width=\"528\" height=\"478\" decoding=\"async\" loading=\"lazy\"\/>courtesy photo<img src=\"https:\/\/www.europesays.com\/it\/wp-content\/uploads\/2025\/08\/1755008353_360_guida-paesi-mediterraneo-685e1d5af166b.png\" alt=\"mediterraneo. the passenger. per esploratori del mondo\" title=\"Mediterraneo. The passenger. Per esploratori del mondo\" width=\"498\" height=\"572\" decoding=\"async\" loading=\"lazy\"\/>courtesy photo<img src=\"https:\/\/www.europesays.com\/it\/wp-content\/uploads\/2025\/08\/1755008354_235_3-67a098cb4f8fb.png\" alt=\"shopping\" title=\"shopping\" width=\"600\" height=\"600\" decoding=\"async\" loading=\"lazy\"\/><\/p>\n","protected":false},"excerpt":{"rendered":"Nella carrellata di summer looks che declinano marini\u00e8re e borsette tress\u00e9, shorts e ciabattine, spicca il glamour di&hellip;\n","protected":false},"author":3,"featured_media":43288,"comment_status":"","ping_status":"","sticky":false,"template":"","format":"standard","meta":{"footnotes":""},"categories":[1451],"tags":[1621,1620,203,204,1537,90,89,5140,1780],"class_list":{"0":"post-43287","1":"post","2":"type-post","3":"status-publish","4":"format-standard","5":"has-post-thumbnail","7":"category-celebrita","8":"tag-celebrita","9":"tag-celebrities","10":"tag-entertainment","11":"tag-intrattenimento","12":"tag-it","13":"tag-italia","14":"tag-italy","15":"tag-shopping","16":"tag-traffico"},"share_on_mastodon":{"url":"","error":""},"_links":{"self":[{"href":"https:\/\/www.europesays.com\/it\/wp-json\/wp\/v2\/posts\/43287","targetHints":{"allow":["GET"]}}],"collection":[{"href":"https:\/\/www.europesays.com\/it\/wp-json\/wp\/v2\/posts"}],"about":[{"href":"https:\/\/www.europesays.com\/it\/wp-json\/wp\/v2\/types\/post"}],"author":[{"embeddable":true,"href":"https:\/\/www.europesays.com\/it\/wp-json\/wp\/v2\/users\/3"}],"replies":[{"embeddable":true,"href":"https:\/\/www.europesays.com\/it\/wp-json\/wp\/v2\/comments?post=43287"}],"version-history":[{"count":0,"href":"https:\/\/www.europesays.com\/it\/wp-json\/wp\/v2\/posts\/43287\/revisions"}],"wp:featuredmedia":[{"embeddable":true,"href":"https:\/\/www.europesays.com\/it\/wp-json\/wp\/v2\/media\/43288"}],"wp:attachment":[{"href":"https:\/\/www.europesays.com\/it\/wp-json\/wp\/v2\/media?parent=43287"}],"wp:term":[{"taxonomy":"category","embeddable":true,"href":"https:\/\/www.europesays.com\/it\/wp-json\/wp\/v2\/categories?post=43287"},{"taxonomy":"post_tag","embeddable":true,"href":"https:\/\/www.europesays.com\/it\/wp-json\/wp\/v2\/tags?post=43287"}],"curies":[{"name":"wp","href":"https:\/\/api.w.org\/{rel}","templated":true}]}}