{"id":432880,"date":"2026-04-08T00:35:16","date_gmt":"2026-04-08T00:35:16","guid":{"rendered":"https:\/\/www.europesays.com\/it\/432880\/"},"modified":"2026-04-08T00:35:16","modified_gmt":"2026-04-08T00:35:16","slug":"sinner-quando-gioca-a-montecarlo-cerundolo-o-machac-agli-ottavi-data-tabellone-montepremi-e-dove-vederlo-in-tv-anche-in-chiaro-il-messaggero","status":"publish","type":"post","link":"https:\/\/www.europesays.com\/it\/432880\/","title":{"rendered":"Sinner, quando gioca a Montecarlo? Cerundolo o Machac agli ottavi: data, tabellone, montepremi e dove vederlo in tv (anche in chiaro) &#8211; Il Messaggero"},"content":{"rendered":"<ol>\n<li><a href=\"https:\/\/news.google.com\/rss\/articles\/CBMivAFBVV95cUxOdjlEQV9kcHdzM3NiWXRDSTFvT0xTZWJ4Ty1RY1cyd1VNTE1OYWZERDlISEVNSkNaRlF3WWRWX3hkdmtVYm9RelBxXy1DMEQxS1ZaVXFfQVU2MlluWFpnSy1kOHR3bThKc3ZLRUNWdXRpQjZ2emxtN2NEX0ZwOUtRVVlxWUYwbU9GSTZyRnFZbmVONXFMNGUyOGc2TDB4VF9zaDdmdmU3Q3dNMnlCZldXRW1UV1NobWFvZjVubw?oc=5\" target=\"_blank\" rel=\"nofollow noopener\">Sinner, quando gioca a Montecarlo? Cerundolo o Machac agli ottavi: data, tabellone, montepremi e dove vederlo in tv (anche in chiaro)<\/a>&nbsp;&nbsp;Il Messaggero<\/li>\n<li><a href=\"https:\/\/news.google.com\/rss\/articles\/CBMipgFBVV95cUxQMV9jbks0NUZfd29RZkhnUlFQVy0yYlZvT2lKT3dMblBObWFFSWVMRjNJU3R5aHJxd2FINnFUUE1ydzhGZm5wcG1FZFRmdWs0bmNQUXhzSlVtZHVXTU52NUlZQzQ1SkZOMzJxZXhPNFNQQUd2ajgxWlBDMUJ5R3JJcTNZMTdDckpYZDZxR0psMUd0MWZrMGg3aHI3TllVdjZsdzRmRGh3?oc=5\" target=\"_blank\" rel=\"nofollow noopener\">Sinner, esordio vincente a Montecarlo: Humbert battuto 6-3, 6-0. Tutto facile anche per Alcaraz<\/a>&nbsp;&nbsp;la Repubblica<\/li>\n<li><a href=\"https:\/\/news.google.com\/rss\/articles\/CBMi6AFBVV95cUxNWE9TeXFVRXRJWXBkT1lOUks2cWJ2Wjlzanp2TzlMYko4U2swSXdiTmRIVlRrcjJxcEZKLWk0MFNfbFVGQ3k0eWI5ZTlGT0JCUWJzMkVPQkc4VkM2OXNPVmFoZ3ZGTS13dkZvSjMxU2l1ZU9fSzY0cG9OV29YSWtzVm9aaDNEZ1piMEFhbkFrempIT05yODcwZWRkRUdsdVhHWVVZNGV1UzFfQ3ZVQUE2QkNCdl9wN0I3Nnp5c2ZFN0h3NXpaZnl3TFFPMHcwSmZpVDJOSnA0OEJIZkkxQ0pmMkREa2k0bE1G0gHuAUFVX3lxTE1aeEVjUHdjRUZ2cmhOZXBoQzNwNmRuSmpLRVBWTzBhWEJLUDhKX2xsekJwcWUzdlRrT3JFelhSeU1PcDNITlhVYnR4Ync1OVM2Z3FrbVlRcGdpWmdabnZJZWFvYUV6ejdWbkw3dWdGMDlneG1jbk4zcjZWTkJjVHE2ZjU4M2hSel80TGlXX0ZYdU1hN1hQSDBSTUhzZWh6aklvUVBKb2U1R0l0aEN5QmJoaGxER0NsZl9iV0M0SFlwTTdiWVlrVC1vYzlTUFc3UkppYnNOcjNIb09NZnJNdFpEUnBhaF9UMGg2VG44cUE?oc=5\" target=\"_blank\" rel=\"nofollow noopener\">Tennis: a Montecarlo Sinner parte forte, ma &#8216;l&#8217;obiettivo \u00e8 Parigi&#8217;<\/a>&nbsp;&nbsp;ANSA<\/li>\n<li><a href=\"https:\/\/news.google.com\/rss\/articles\/CBMivwFBVV95cUxPTXZFUmdYZXYxaThaWUZILS1mV2R5ZklYRnozckRWdEJqVVdTQmZLME95cnlDREpLZlkxNmdjSGl3SmRPSTVieUdsMlp3ci1iMnNrVVNnOHVoR3cwQ2JqWDFDenhoT3Q1dnh1Q3F0Vk9oMnVKU2Z1UUxoQy1LN2hOX3NFNWxkVEI0dUV0MXlLWXIxQ3pSWXBCemh3S09VQmhPcFNwSC1ENlpmc1hSNGpaTjJUbEk0Zkh3VXV3WldRcw?oc=5\" target=\"_blank\" rel=\"nofollow noopener\">Il debutto sulla terra di Sinner: &#8220;Devo cambiare il mio stile di gioco&#8221;. Il suo secondo set per\u00f2 \u00e8 gi\u00e0 mostruoso<\/a>&nbsp;&nbsp;Il Fatto Quotidiano<\/li>\n<li><a href=\"https:\/\/news.google.com\/rss\/articles\/CBMi2AFBVV95cUxQME9kOVMtUjIxcWw1Z0otNURwTU1ybFlUSXRlYW1QbWR5SjZDUzR0N1lwSm5kRW16SGRXb3RXekJzejlVdW1YWTVUOHZkaG1yUDlTNkJwX2dMalh0QWF5ZzhDWnlzd2hfc19kOThBbVN4VlBMZkNIU09VY3dBWHJXalA2bm1KcVdKZzNwQ0JIQ3Y0QW5fX3EwdXY2aHN0cXRTTWJfTkZlRU1PQVRnUFRZWHBzdXNwcmJmRjVDNUI3ak1uVC1wMVVDTF9vWnZEeVRUVlFMRU5EUXTSAd4BQVVfeXFMTkxxMERIdjBvOGd6OWotREhJNUNsalp1VUdvWWc2azF6ZjdobFViWEdjRlZ5NmV4MDBBb3FHNnRZTnFobnA2Zl9ZVzVnVnUxQWU3Q3hVS0VSUE5GUTZIM01zVU1HNzVKck5JWUtJU09yM0h2SVQtTndPcVZFb2VmZlpfN25tTnpZSGw0dUIteEFZbUJPX0hOUW1BdEVzaXRPZF9jdExCZURETE5aWnFPTDVib3dnRnE4V1ZrNFhOTXI2Q29tTXFjZXdsRjlnME9teTI2enY5NVN5RnNodVpB?oc=5\" target=\"_blank\" rel=\"nofollow noopener\">Sinner pu\u00f2 tornare n. 1 del mondo gi\u00e0 a Montecarlo: le combinazioni e il confronto con Alcaraz<\/a>&nbsp;&nbsp;Corriere della Sera<\/li>\n<\/ol>\n","protected":false},"excerpt":{"rendered":"Sinner, quando gioca a Montecarlo? Cerundolo o Machac agli ottavi: data, tabellone, montepremi e dove vederlo in tv&hellip;\n","protected":false},"author":3,"featured_media":432881,"comment_status":"","ping_status":"","sticky":false,"template":"","format":"standard","meta":{"footnotes":"","_share_on_mastodon":"0"},"categories":[176],"tags":[157218,47639,1537,90,89,1717,49956,366,245,244],"class_list":["post-432880","post","type-post","status-publish","format-standard","has-post-thumbnail","category-sport","tag-atp-montecarlo","tag-dove-vederlo","tag-it","tag-italia","tag-italy","tag-jannik-sinner","tag-quando-gioca","tag-sinner","tag-sport","tag-sports"],"share_on_mastodon":{"url":"https:\/\/pubeurope.com\/@it\/116366286819587062","error":""},"_links":{"self":[{"href":"https:\/\/www.europesays.com\/it\/wp-json\/wp\/v2\/posts\/432880","targetHints":{"allow":["GET"]}}],"collection":[{"href":"https:\/\/www.europesays.com\/it\/wp-json\/wp\/v2\/posts"}],"about":[{"href":"https:\/\/www.europesays.com\/it\/wp-json\/wp\/v2\/types\/post"}],"author":[{"embeddable":true,"href":"https:\/\/www.europesays.com\/it\/wp-json\/wp\/v2\/users\/3"}],"replies":[{"embeddable":true,"href":"https:\/\/www.europesays.com\/it\/wp-json\/wp\/v2\/comments?post=432880"}],"version-history":[{"count":0,"href":"https:\/\/www.europesays.com\/it\/wp-json\/wp\/v2\/posts\/432880\/revisions"}],"wp:featuredmedia":[{"embeddable":true,"href":"https:\/\/www.europesays.com\/it\/wp-json\/wp\/v2\/media\/432881"}],"wp:attachment":[{"href":"https:\/\/www.europesays.com\/it\/wp-json\/wp\/v2\/media?parent=432880"}],"wp:term":[{"taxonomy":"category","embeddable":true,"href":"https:\/\/www.europesays.com\/it\/wp-json\/wp\/v2\/categories?post=432880"},{"taxonomy":"post_tag","embeddable":true,"href":"https:\/\/www.europesays.com\/it\/wp-json\/wp\/v2\/tags?post=432880"}],"curies":[{"name":"wp","href":"https:\/\/api.w.org\/{rel}","templated":true}]}}