{"id":432886,"date":"2026-04-08T00:39:17","date_gmt":"2026-04-08T00:39:17","guid":{"rendered":"https:\/\/www.europesays.com\/it\/432886\/"},"modified":"2026-04-08T00:39:17","modified_gmt":"2026-04-08T00:39:17","slug":"jaguar-land-rover-e-chery-fanno-rinascere-la-freelander","status":"publish","type":"post","link":"https:\/\/www.europesays.com\/it\/432886\/","title":{"rendered":"Jaguar Land Rover e Chery fanno rinascere la Freelander"},"content":{"rendered":"<p>La collaborazione tra <strong>Jaguar Land Rover<\/strong> e <strong>Chery<\/strong> non \u00e8 certo una novit\u00e0. Le due aziende lavorano insieme da oltre un decennio attraverso la joint venture Chery-Jaguar Land Rover, con cui producono e vendono modelli destinati esclusivamente al mercato cinese.<\/p>\n<p>L\u2019alleanza ha permesso al gruppo britannico di rafforzare la propria presenza nel pi\u00f9 grande mercato automobilistico del mondo. Allo stesso modo, ha consentito a Chery di entrare in possesso a vario titolo di una serie di tecnologie sviluppate proprio da JLR che sono proposte, in versione adattata, su alcuni modelli del gruppo di <strong>Wuhu<\/strong>.<\/p>\n<p>Da modello a brand<\/p>\n<p>Dopo oltre 10 anni di collaborazione, oggi Chery e Jaguar Land Rover hanno annunciato la nascita di un nuovo marchio, pensato specificamente per l\u2019era dell\u2019elettrificazione. Un brand nuovo di zecca ma con un forte legame con la tradizione: <strong>Freelander<\/strong>.\u00a0<\/p>\n<p>        <img decoding=\"async\" src=\"https:\/\/www.europesays.com\/it\/wp-content\/uploads\/2025\/07\/16x9-tr.png\" alt=\"Freelander Concept 97\" width=\"16\" height=\"9\" loading=\"lazy\"\/><\/p>\n<p>Foto di: Freelander<\/p>\n<p>Il ritorno del nome Freelander, quindi, non va interpretato come una semplice operazione nostalgia. Il SUV prodotto tra la fine degli <strong>Anni \u201990<\/strong> e il <strong>2015<\/strong> \u00e8 stato uno dei modelli pi\u00f9 importanti per la crescita globale di Land Rover e ha permesso alla Casa di affacciarsi in un segmento di mercato inedito, successivamente presidiato dalla <strong>Discovery Sport<\/strong>. Ora con Freelander si d\u00e0 il via a un&#8217;operazione diversa, che punta a intercettare un pubblico differente, pi\u00f9 attento alla tecnologia e alle <strong>nuove forme di mobilit\u00e0<\/strong>.<\/p>\n<p>In questo senso, Freelander nasce come marchio separato sia dalla gamma Land Rover sia dal portafoglio tradizionale di Chery, con l\u2019obiettivo di posizionarsi in una fascia pi\u00f9 accessibile ma comunque ricca di contenuti tecnologici.<\/p>\n<p>        <img decoding=\"async\" src=\"https:\/\/www.europesays.com\/it\/wp-content\/uploads\/2025\/07\/16x9-tr.png\" alt=\"Freelander Concept 97\" width=\"16\" height=\"9\" loading=\"lazy\"\/><\/p>\n<p>Foto di: Freelander<\/p>\n<p>Chi fa cosa<\/p>\n<p>Sul progetto Freelander <a href=\"https:\/\/insideevs.it\/news\/716383\/jlr-piattaforma-chery-auto-elettriche\/\" data-inline-widget=\"internal-links\" data-type-id=\"0\" data-params=\"%7B%22article_edition_id%22%3A%22716383%22%2C%22section%22%3A%221%22%2C%22alias%22%3A%22jlr-piattaforma-chery-auto-elettriche%22%7D\" rel=\"nofollow noopener\" target=\"_blank\">Jaguar Land Rover<\/a> e <a href=\"https:\/\/insideevs.it\/news\/776283\/chery-batteria-stato-solido-1500-km-autonomia\/\" data-inline-widget=\"internal-links\" data-type-id=\"0\" data-params=\"%7B%22article_edition_id%22%3A%22776283%22%2C%22section%22%3A%221%22%2C%22alias%22%3A%22chery-batteria-stato-solido-1500-km-autonomia%22%7D\" rel=\"nofollow noopener\" target=\"_blank\">Chery<\/a> hanno gi\u00e0 definito i ruoli. JLR mette sul piatto il proprio know-how su design e impostazione generale, mentre Chery contribuisce con piattaforme di nuova generazione, architetture elettrificate e capacit\u00e0 produttiva.\u00a0<\/p>\n<p>I primi modelli a marchio Freelander saranno SUV elettrificati, sia <strong>completamente elettrici<\/strong> sia <strong>ibridi plug-in<\/strong>, sviluppati principalmente per il mercato cinese. Il debutto \u00e8 atteso tra il <strong>2026<\/strong> e il <strong>2027<\/strong>, con un primo modello che dovrebbe collocarsi nel segmento dei SUV di medie o grandi dimensioni. Nonostante il focus iniziale sul mercato locale, non \u00e8 escluso che in una fase successiva questi modelli possano essere esportati anche in altri Paesi, <strong>Europa<\/strong> compresa.\u00a0<\/p>\n<p>                            <a href=\"http:\/\/insideevs.it\/photos\/923765\/freelander-concept-97\/#8448340_freelander-concept-97\" class=\"msnt-photo-thumb-gallery-main-photo-box\" itemprop=\"image\" itemscope=\"\" itemtype=\"https:\/\/schema.org\/ImageObject\" data-url=\"\/photos\/923765\/freelander-concept-97\/#8448340_freelander-concept-97\" data-thumb=\"\" data-caption=\"\" data-src=\"\" data-sub-html=\"Freelander Concept 97\" data-entity-id=\"8448340\" data-download-url=\"\" rel=\"nofollow noopener\" target=\"_blank\"><\/p>\n<p>                                    <img decoding=\"async\" src=\"https:\/\/www.europesays.com\/it\/wp-content\/uploads\/2025\/07\/16x9-tr.png\" loading=\"lazy\" alt=\"Freelander Concept 97\" width=\"16\" height=\"9\"\/><\/p>\n<p>                            <\/a><\/p>\n<p>                                    7                                <\/p>\n","protected":false},"excerpt":{"rendered":"La collaborazione tra Jaguar Land Rover e Chery non \u00e8 certo una novit\u00e0. Le due aziende lavorano insieme&hellip;\n","protected":false},"author":3,"featured_media":432887,"comment_status":"","ping_status":"","sticky":false,"template":"","format":"standard","meta":{"footnotes":"","_share_on_mastodon":"0"},"categories":[172],"tags":[178,1518,28889,177,43964,1537,90,89,78291],"class_list":["post-432886","post","type-post","status-publish","format-standard","has-post-thumbnail","category-affari","tag-affari","tag-anticipazioni","tag-auto-cinesi","tag-business","tag-full-electric","tag-it","tag-italia","tag-italy","tag-land-rover"],"share_on_mastodon":{"url":"https:\/\/pubeurope.com\/@it\/116366302758068448","error":""},"_links":{"self":[{"href":"https:\/\/www.europesays.com\/it\/wp-json\/wp\/v2\/posts\/432886","targetHints":{"allow":["GET"]}}],"collection":[{"href":"https:\/\/www.europesays.com\/it\/wp-json\/wp\/v2\/posts"}],"about":[{"href":"https:\/\/www.europesays.com\/it\/wp-json\/wp\/v2\/types\/post"}],"author":[{"embeddable":true,"href":"https:\/\/www.europesays.com\/it\/wp-json\/wp\/v2\/users\/3"}],"replies":[{"embeddable":true,"href":"https:\/\/www.europesays.com\/it\/wp-json\/wp\/v2\/comments?post=432886"}],"version-history":[{"count":0,"href":"https:\/\/www.europesays.com\/it\/wp-json\/wp\/v2\/posts\/432886\/revisions"}],"wp:featuredmedia":[{"embeddable":true,"href":"https:\/\/www.europesays.com\/it\/wp-json\/wp\/v2\/media\/432887"}],"wp:attachment":[{"href":"https:\/\/www.europesays.com\/it\/wp-json\/wp\/v2\/media?parent=432886"}],"wp:term":[{"taxonomy":"category","embeddable":true,"href":"https:\/\/www.europesays.com\/it\/wp-json\/wp\/v2\/categories?post=432886"},{"taxonomy":"post_tag","embeddable":true,"href":"https:\/\/www.europesays.com\/it\/wp-json\/wp\/v2\/tags?post=432886"}],"curies":[{"name":"wp","href":"https:\/\/api.w.org\/{rel}","templated":true}]}}