{"id":433092,"date":"2026-04-08T04:48:13","date_gmt":"2026-04-08T04:48:13","guid":{"rendered":"https:\/\/www.europesays.com\/it\/433092\/"},"modified":"2026-04-08T04:48:13","modified_gmt":"2026-04-08T04:48:13","slug":"frana-in-molise-stop-auto-e-treni-e-scuole-chiuse-cosa-sappiamo-e-cosa-succede-ora","status":"publish","type":"post","link":"https:\/\/www.europesays.com\/it\/433092\/","title":{"rendered":"Frana in Molise, stop auto e treni e scuole chiuse: cosa sappiamo e cosa succede ora"},"content":{"rendered":"<p>Massima allerta in Molise dove si \u00e8 riattivata una delle frane pi\u00f9 estese d&#8217;Europa, quella di Petacciato. L&#8217;alert \u00e8 scattato nella giornata del 7 aprile attraverso i sensori, che hanno &#8220;consigliato&#8221; di chiudere un tratto della autostrada A14, con l&#8217;asfalto lesionato in alcuni punti, e della linea ferroviaria Bari-Pescara che presenta alcuni binari deformati.\u00a0Il fronte di frana \u00e8 lungo 4 chilometri e secondo quanto reso noto dalla protezione civile <a data-intcmp=\"skytg24_foglia articolo_interlink_text\" href=\"https:\/\/tg24.sky.it\/cronaca\/video\/2026\/04\/07\/frana-molise-ciciliano-ripristino-sara-lungo-e-complesso-1088375\" target=\"_blank\" rel=\"nofollow noopener\">&#8220;ci vorranno settimane se non mesi per ripristinare autostrada e ferrovia&#8221;<\/a>.\u00a0Disagi si sono verificati alle stazioni di Termoli, Vasto e Foggia, mentre in autostrada le code sono arrivate fino a 13 chilometri.<\/p>\n<p>Il presidente del Consiglio Giorgia Meloni \u00e8 in contatto con i ministri Salvini e Musumeci e il Capo della Protezione Civile: il governo valuter\u00e0 gli interventi da compiere dopo le opportune verifiche sul posto.<\/p>\n<p>Il comitato operativo<\/p>\n<p>Durante la riunione del Comitato Operativo, presieduto dal Capo Dipartimento della Protezione Civile Fabio Ciciliano, &#8220;\u00e8 stata disposta l&#8217;immediata attivazione del volontariato di protezione civile per fornire assistenza ai viaggiatori in autostrada e predisposto un percorso di viabilit\u00e0 alternativa. Ferrovie dello Stato, invece, ha provveduto a deviare i treni passeggeri che avrebbero dovuto percorrere il tratto interessato dall&#8217;evento&#8221;, spiega una nota.<\/p>\n<p>&#8220;Nonostante non siano state evidenziate, al momento, criticit\u00e0 relative al Servizio Sanitario Nazionale, il Capo Dipartimento ha richiesto, al fine di prevenire eventuali criticit\u00e0 sanitarie, la riorganizzazione delle reti assistenziali dedicate ai pazienti affetti da patologie tempo-dipendenti e l&#8217;individuazione di soluzioni alternative per l&#8217;approvvigionamento dei radio farmaci per i servizi ospedalieri di medicina nucleare&#8221;, conclude la nota.<\/p>\n<p>\t\t \tScuole chiuse<\/p>\n<p>Oggi 8 aprile il prefetto di Campobasso ha disposto la sospensione delle attivit\u00e0 didattiche per tutte le scuole di ogni ordine e grado dell&#8217;intera provincia. Su tutto il territorio della provincia di Campobasso la chiusura \u00e8 stata disposta per &#8220;gravi ripercussioni sulla viabilit\u00e0 provinciale; chiusura di strade statali e provinciali e forte congestione del traffico; necessit\u00e0 di alleggerire la circolazione, anche per garantire sicurezza agli studenti&#8221;.<\/p>\n<p>Saranno inoltre sospese le attivit\u00e0 didattiche in tutte le sedi dell&#8217;Universit\u00e0 degli Studi del Molise, come rende noto lo stesso Ateneo in una nota. &#8220;La decisione &#8211; si legge &#8211; fa seguito all&#8217;ordinanza della Prefettura di Campobasso conseguente alle forti criticit\u00e0 della viabilit\u00e0 regionale seriamente compromessa dagli eventi calamitosi delle ultime ore. Ulteriori aggiornamenti saranno tempestivamente pubblicati attraverso i canali istituzionali di Ateneo&#8221;.\u00a0<\/p>\n<p>\t\t\t<a class=\"c-inline-card j-inline-card c-inline-card--with-image\" href=\"https:\/\/tg24.sky.it\/cronaca\/video\/2026\/04\/07\/frana-molise-danni-carreggiata-petacciato-1088404\" rel=\"follow nofollow noopener\" data-intcmp=\"skytg24_articolo_approfondimenti_inline\" target=\"_blank\"><\/p>\n<p>\t\t\t         <img decoding=\"async\" crossorigin=\"anonymous\" alt=\"\" src=\"https:\/\/www.europesays.com\/it\/wp-content\/uploads\/2026\/04\/1088404_1775585679183_thumb_494.0000001_1775585731949.jpg\"  loading=\"lazy\"  bad-src=\"https:\/\/www.europesays.com\/it\/wp-content\/uploads\/2026\/04\/1088404_1775585679183_thumb_494.0000001_1775585731949.jpg\"\/><\/p>\n<p>\n\t\t\t         Approfondimento<br \/>\n\t\t\t         Frana Molise, i danni sulla carreggiata a Petacciato\n\t\t\t      <\/p>\n<p>\t\t\t<\/a><\/p>\n","protected":false},"excerpt":{"rendered":"Massima allerta in Molise dove si \u00e8 riattivata una delle frane pi\u00f9 estese d&#8217;Europa, quella di Petacciato. L&#8217;alert&hellip;\n","protected":false},"author":3,"featured_media":433093,"comment_status":"","ping_status":"","sticky":false,"template":"","format":"standard","meta":{"footnotes":"","_share_on_mastodon":"0"},"categories":[79],"tags":[112872,14,93,94,19225,1537,90,89,59488,7,15,11,84,91,12,85,92],"class_list":["post-433092","post","type-post","status-publish","format-standard","has-post-thumbnail","category-italia","tag-a14","tag-cronaca","tag-cronaca-italiana","tag-cronacaitaliana","tag-frana","tag-it","tag-italia","tag-italy","tag-molise","tag-news","tag-notizie","tag-ultime-notizie","tag-ultime-notizie-e-news-di-oggi","tag-ultime-notizie-italia","tag-ultimenotizie","tag-ultimenotizieenewsdioggi","tag-ultimenotizieitalia"],"share_on_mastodon":{"url":"https:\/\/pubeurope.com\/@it\/116367281964803187","error":""},"_links":{"self":[{"href":"https:\/\/www.europesays.com\/it\/wp-json\/wp\/v2\/posts\/433092","targetHints":{"allow":["GET"]}}],"collection":[{"href":"https:\/\/www.europesays.com\/it\/wp-json\/wp\/v2\/posts"}],"about":[{"href":"https:\/\/www.europesays.com\/it\/wp-json\/wp\/v2\/types\/post"}],"author":[{"embeddable":true,"href":"https:\/\/www.europesays.com\/it\/wp-json\/wp\/v2\/users\/3"}],"replies":[{"embeddable":true,"href":"https:\/\/www.europesays.com\/it\/wp-json\/wp\/v2\/comments?post=433092"}],"version-history":[{"count":0,"href":"https:\/\/www.europesays.com\/it\/wp-json\/wp\/v2\/posts\/433092\/revisions"}],"wp:featuredmedia":[{"embeddable":true,"href":"https:\/\/www.europesays.com\/it\/wp-json\/wp\/v2\/media\/433093"}],"wp:attachment":[{"href":"https:\/\/www.europesays.com\/it\/wp-json\/wp\/v2\/media?parent=433092"}],"wp:term":[{"taxonomy":"category","embeddable":true,"href":"https:\/\/www.europesays.com\/it\/wp-json\/wp\/v2\/categories?post=433092"},{"taxonomy":"post_tag","embeddable":true,"href":"https:\/\/www.europesays.com\/it\/wp-json\/wp\/v2\/tags?post=433092"}],"curies":[{"name":"wp","href":"https:\/\/api.w.org\/{rel}","templated":true}]}}