{"id":433304,"date":"2026-04-08T08:39:17","date_gmt":"2026-04-08T08:39:17","guid":{"rendered":"https:\/\/www.europesays.com\/it\/433304\/"},"modified":"2026-04-08T08:39:17","modified_gmt":"2026-04-08T08:39:17","slug":"kate-middleton-il-dettaglio-su-george-non-e-passato-inosservato","status":"publish","type":"post","link":"https:\/\/www.europesays.com\/it\/433304\/","title":{"rendered":"Kate Middleton, il dettaglio su George non \u00e8 passato inosservato"},"content":{"rendered":"<p><strong>Kate Middleton<\/strong> si \u00e8 mostrata orgogliosamente in pubblico <strong>con i suoi tre figli, George, Charlotte e Louis<\/strong>, in occasione della Pasqua. Sono rari gli appuntamenti in cui tutta la famiglia \u00e8 presente, ma almeno due o tre volte l\u2019anno accade, dal concerto di Natale al Trooping the Colour passando per la finale di Wimbledon dove fino ad esso Louis non \u00e8 mai stato presente perch\u00e9 troppo piccolo. Uno di questi eventi \u00e8 la messa di Pasqua, se e quando i Principi vi partecipano, visto che l\u2019ultima volta \u00e8 stata nel 2023.<\/p>\n<p>Kate Middleton, i suoi tre figli sempre pi\u00f9 grandi<\/p>\n<p><a href=\"https:\/\/dilei.it\/star-e-vip\/kate-middleton\/\" rel=\"nofollow noopener\" target=\"_blank\">Kate Middleton<\/a>, elegantissima con <a href=\"https:\/\/dilei.it\/reali\/kate-middleton-ultime-notizie-6-aprile-2026\/2242306\/\" rel=\"nofollow noopener\" target=\"_blank\">il suo abito di Self Portrait<\/a>, ha svelato <strong>il suo legame speciale<\/strong> con tutti e tre i suoi figli che stanno diventando sempre pi\u00f9 grandi.<\/p>\n<p>George, Charlotte e Louis li abbiamo visti insieme lo scorso dicembre. Sono passati poco pi\u00f9 di tre mesi, ma sono cresciuti ulteriormente.<\/p>\n<p><strong>George<\/strong>, il prossimo luglio, compie 13 anni e l\u2019anno prossimo andr\u00e0 alla scuola secondaria. Ancora non \u00e8 noto l\u2019istituto in cui \u00e8 stato iscritto, probabilmente verr\u00e0 comunicato a settembre.<\/p>\n<p><strong>Charlotte<\/strong>, che il 2 maggio compie 11 anni, \u00e8 ormai una ragazzina e <strong>una Principessa \u201cfatta e finita\u201d<\/strong>, come si suol dire. In effetti fin da piccola ha rivelato grandi capacit\u00e0 di stare in pubblico. Deliziava tutti salutando con la manina, per niente spaventata dalla gente e dai flash, e poi era davvero spassosa quando imitava i gesti della bisnonna Elisabetta. <strong>Galateo e buone maniere<\/strong> le sono naturali, tanto che non si faceva problemi a riprendere il fratello pi\u00f9 piccolo, Louis, quando non riusciva a stare fermo sul balcone di Buckingham Palace.<\/p>\n<p>Charlotte, alla messa di Pasqua, si \u00e8 presentata con un cappotto color cammello, perfettamente coordinato al look della mamma. E le foto in cui <a href=\"https:\/\/dilei.it\/reali\/kate-middleton-ultime-notizie-7-aprile-2026\/2242402\/\" rel=\"nofollow noopener\" target=\"_blank\">Kate prende per mano la figlia<\/a> e camminano affianco verso la chiesa hanno fatto il giro del mondo.<\/p>\n<p>Anche <strong>Louis<\/strong> \u00e8 diventato grande. Il prossimo 23 aprile copie 8 anni e ormai non fa pi\u00f9 i capricci come un tempo. Ha imparato a controllarsi, anche quando le cerimonie sono lunghe e si annoia. A Pasqua il suo comportamento \u00e8 stato ineccepibile, come quello del fratello e della sorella maggiori.<\/p>\n<p>Kate Middleton, quanto \u00e8 alto George<\/p>\n<p>Ma chi ha fatto<strong> la pi\u00f9 grande trasformazione \u00e8 sicuramente George<\/strong>. Lui s\u00ec che \u00e8 un ragazzo ormai. E alla messa di Pasqua non \u00e8 passato inosservato quanto \u00e8 cresciuto.<\/p>\n<p>Il futuro Re d\u2019Inghilterra \u00e8 alto quasi quanto sua mamma Kate, che <strong>misura 1,75 metri.<\/strong> A ci\u00f2 bisogna aggiungere i<strong> 12 centimetri di tacco<\/strong> delle sue d\u00e9collet\u00e9 di Ralph Lauren. \u00c8 quindi presumibile che George superer\u00e0 in altezza persino suo padre <strong>William che \u00e8 1,92 metri.<\/strong><\/p>\n<p>A quasi 13 anni George <strong>sta assumendo maggiori responsabilit\u00e0 a Palazzo<\/strong>. Ad esempio, a dicembre, ha accompagnato suo padre in visita a The Passage, un\u2019organizzazione che si occupa di senzatetto a Victoria. Durante l\u2019incontro, padre e figlio hanno aiutato a preparare pacchi con beni di prima necessit\u00e0, ad addobbare un albero di Natale e hanno dato una mano col pranzo di Natale.<\/p>\n<p>Ci vorr\u00e0 ancora del tempo prima che George lavori a tempo pieno per la Corona. Il Principe dovr\u00e0 innanzitutto completare gli studi, anche se gradualmente lo vedremo sempre pi\u00f9 impegnato in visite e cerimonie.<\/p>\n<p>\t\t\t\tScopri i personaggi in trend, le storie del momento e molto altro.<br \/>Dove? Sul <a href=\"https:\/\/whatsapp.com\/channel\/0029Vb68mVyHVvTWezDm7d0R\" target=\"_blank\" rel=\"noopener nofollow\">canale WhatsApp di DiLei!<\/a><\/p>\n<p>\t\t\t<a class=\"buttonCall\" href=\"https:\/\/whatsapp.com\/channel\/0029Vb68mVyHVvTWezDm7d0R\" target=\"_blank\" rel=\"noopener nofollow\" title=\"Seguici su WhatsApp\"><br \/>\n\t\t\t\tSeguici su WhatsApp<br \/>\n\t\t\t<\/a><\/p>\n","protected":false},"excerpt":{"rendered":"Kate Middleton si \u00e8 mostrata orgogliosamente in pubblico con i suoi tre figli, George, Charlotte e Louis, in&hellip;\n","protected":false},"author":3,"featured_media":433305,"comment_status":"","ping_status":"","sticky":false,"template":"","format":"standard","meta":{"footnotes":"","_share_on_mastodon":"0"},"categories":[1451],"tags":[1621,1620,203,204,1537,90,89,1450,144848,1447],"class_list":["post-433304","post","type-post","status-publish","format-standard","has-post-thumbnail","category-celebrita","tag-celebrita","tag-celebrities","tag-entertainment","tag-intrattenimento","tag-it","tag-italia","tag-italy","tag-kate-middleton","tag-pasqua","tag-reali"],"share_on_mastodon":{"url":"https:\/\/pubeurope.com\/@it\/116368190229163828","error":""},"_links":{"self":[{"href":"https:\/\/www.europesays.com\/it\/wp-json\/wp\/v2\/posts\/433304","targetHints":{"allow":["GET"]}}],"collection":[{"href":"https:\/\/www.europesays.com\/it\/wp-json\/wp\/v2\/posts"}],"about":[{"href":"https:\/\/www.europesays.com\/it\/wp-json\/wp\/v2\/types\/post"}],"author":[{"embeddable":true,"href":"https:\/\/www.europesays.com\/it\/wp-json\/wp\/v2\/users\/3"}],"replies":[{"embeddable":true,"href":"https:\/\/www.europesays.com\/it\/wp-json\/wp\/v2\/comments?post=433304"}],"version-history":[{"count":0,"href":"https:\/\/www.europesays.com\/it\/wp-json\/wp\/v2\/posts\/433304\/revisions"}],"wp:featuredmedia":[{"embeddable":true,"href":"https:\/\/www.europesays.com\/it\/wp-json\/wp\/v2\/media\/433305"}],"wp:attachment":[{"href":"https:\/\/www.europesays.com\/it\/wp-json\/wp\/v2\/media?parent=433304"}],"wp:term":[{"taxonomy":"category","embeddable":true,"href":"https:\/\/www.europesays.com\/it\/wp-json\/wp\/v2\/categories?post=433304"},{"taxonomy":"post_tag","embeddable":true,"href":"https:\/\/www.europesays.com\/it\/wp-json\/wp\/v2\/tags?post=433304"}],"curies":[{"name":"wp","href":"https:\/\/api.w.org\/{rel}","templated":true}]}}