{"id":433411,"date":"2026-04-08T10:10:12","date_gmt":"2026-04-08T10:10:12","guid":{"rendered":"https:\/\/www.europesays.com\/it\/433411\/"},"modified":"2026-04-08T10:10:12","modified_gmt":"2026-04-08T10:10:12","slug":"opel-astra-ci-sono-degli-squali-nascosti-a-bordo","status":"publish","type":"post","link":"https:\/\/www.europesays.com\/it\/433411\/","title":{"rendered":"Opel Astra, ci sono degli squali nascosti a bordo"},"content":{"rendered":"<p>Con la Pasqua appena trascorsa e la tradizionale caccia alle uova, c\u2019\u00e8 chi in Germania ha deciso di offrire un\u2019attivit\u00e0 alternativa altrettanto entusiasmante: la ricerca di piccole creature marine nascoste in piena vista. Non si tratta di un errore geografico, ma di una tradizione che da ormai due decenni anima l\u2019abitacolo delle vetture di R\u00fcsselsheim: il leggendario avvistamento degli<strong> squali Opel<\/strong>. Trovare questi piccoli predatori richiede un occhio attento e una buona dose di curiosit\u00e0, poich\u00e9 sono \u201ccreature marine\u201d decisamente riservate che amano nascondersi nei punti pi\u00f9 impensabili della nuova Opel Astra.\n<\/p>\n<p>La nascita di un mito<\/p>\n<p>Per capire come mai dei pesci cartilaginei siano finiti all\u2019interno di una bestseller compatta, bisogna riavvolgere il nastro del tempo fino a una domenica pomeriggio del 2004. Il designer Dietmar Finger era a casa, intento a lavorare a uno schizzo per la futura <a href=\"https:\/\/www.virgilio.it\/motori\/auto\/opel-corsa-motori-consumi\/318355\/\" rel=\"nofollow noopener\" target=\"_blank\">Opel Corsa<\/a> D. In quel momento stava disegnando il pannello esterno del cassetto portaoggetti, un elemento solitamente invisibile ma fondamentale per garantire stabilit\u00e0 attraverso delle costole integrate nella plastica. Mentre tracciava quelle linee, suo figlio lo osserv\u00f2 e gli lanci\u00f2 una sfida: \u201cPerch\u00e9 non disegni semplicemente uno squalo?\u201c.<\/p>\n<p>L\u2019idea, nata per gioco, convinse subito Finger, che diede ai rinforzi la forma del predatore. Il giorno dopo, il profilo dello squalo fu mostrato al capo designer di allora, Niels Loeb, che ne rimase affascinato. Da quel cassetto portaoggetti \u00e8 iniziata una storia che ha attraversato generazioni di modelli: dalla Zafira \u2014 dove ne furono nascosti ben tre \u2014 alla ADAM, fino alle attuali <a href=\"https:\/\/www.virgilio.it\/motori\/auto\/auto-elettriche\/opel-grandland-electric-awd-prezzo\/292417\/\" rel=\"nofollow noopener\" target=\"_blank\">Grandland<\/a>, Mokka e Frontera.<\/p>\n<p>La nuova Opel Astra: tecnologia e carattere<\/p>\n<p>Oggi, questa tradizione rivive nella nuova <strong>Opel Astra<\/strong>, una vettura che si presenta pi\u00f9 affilata e moderna che mai. Progettata e costruita interamente presso la sede storica di Opel, la nuova <a href=\"https:\/\/www.virgilio.it\/motori\/auto\/opel-astra-2026-ordini-italia-prezzi\/316624\/\" rel=\"nofollow noopener\" target=\"_blank\">Astra<\/a> non \u00e8 solo una sorpresa estetica, ma un concentrato di innovazione tecnica. Il design pulito \u00e8 dominato dal frontale <strong>Opel Vizor<\/strong>, ora ancora pi\u00f9 incisivo e, insieme al logo \u201cBlitz\u201d, illuminato.<\/p>\n<p>Sotto la carrozzeria batte un cuore tecnologico d\u2019avanguardia: i nuovi fari a matrice di <strong>Led Intelli-Lux HD<\/strong> vantano oltre <strong>50.000 elementi<\/strong>, garantendo una precisione d\u2019illuminazione senza precedenti per il segmento. Anche sul fronte della mobilit\u00e0 elettrica il passo avanti \u00e8 netto: la Opel Astra Electric permette oggi di percorrere fino a 454 chilometri (WLTP) con una singola carica, un\u2019autonomia pensata per i lunghi viaggi in totale relax.<\/p>\n<p>Dove si nascondono i predatori?<\/p>\n<p>Tuttavia, mentre l\u2019esterno dell\u2019auto brilla di luce propria, i piccoli squali sembrano preferire l\u2019ombra. Realizzati con <strong>materiali ecologici<\/strong>, questi mini-predatori si sentono a loro agio sotto le superfici dell\u2019abitacolo. Per chi volesse cimentarsi nella caccia, ecco qualche indizio: vale la pena cambiare prospettiva tra i <strong>sedili anteriori<\/strong> o esplorare con attenzione il vano bagagli della versione <strong>Sports Tourer<\/strong>, dove gli squali potrebbero \u201cnuotare\u201d ad altezze decisamente inaspettate.<\/p>\n<p>Il bello di questo rituale \u00e8 che le posizioni esatte rimangono <strong>segrete<\/strong> fino al lancio, persino per la direzione generale dell\u2019azienda. Ogni capo designer d\u2019interni, dalla met\u00e0 degli anni 2000, si assicura che almeno uno squalo trovi dimora nel nuovo modello, rendendo la consegna dell\u2019auto un momento ludico per i nuovi clienti.<\/p>\n<p>La \u201cstoria dello squalo Opel\u201d \u00e8 destinata a continuare anche nei futuri veicoli del marchio, pronti a cambiare territorio tra le profondit\u00e0 degli interni e la carrozzeria. In un mondo automobilistico spesso dominato dalla fredda logica dei numeri, Opel sceglie di mantenere vivo questo tocco di <strong>carattere e umanit\u00e0<\/strong>, ricordandoci che dietro ogni grande progetto c\u2019\u00e8 sempre l\u2019idea geniale e un po\u2019 folle di un ragazzo e di suo padre.<\/p>\n","protected":false},"excerpt":{"rendered":"Con la Pasqua appena trascorsa e la tradizionale caccia alle uova, c\u2019\u00e8 chi in Germania ha deciso di&hellip;\n","protected":false},"author":3,"featured_media":433412,"comment_status":"","ping_status":"","sticky":false,"template":"","format":"standard","meta":{"footnotes":"","_share_on_mastodon":"0"},"categories":[172],"tags":[178,177,1679,1537,90,89,6312],"class_list":["post-433411","post","type-post","status-publish","format-standard","has-post-thumbnail","category-affari","tag-affari","tag-business","tag-curiosita","tag-it","tag-italia","tag-italy","tag-opel"],"share_on_mastodon":{"url":"https:\/\/pubeurope.com\/@it\/116368548106296373","error":""},"_links":{"self":[{"href":"https:\/\/www.europesays.com\/it\/wp-json\/wp\/v2\/posts\/433411","targetHints":{"allow":["GET"]}}],"collection":[{"href":"https:\/\/www.europesays.com\/it\/wp-json\/wp\/v2\/posts"}],"about":[{"href":"https:\/\/www.europesays.com\/it\/wp-json\/wp\/v2\/types\/post"}],"author":[{"embeddable":true,"href":"https:\/\/www.europesays.com\/it\/wp-json\/wp\/v2\/users\/3"}],"replies":[{"embeddable":true,"href":"https:\/\/www.europesays.com\/it\/wp-json\/wp\/v2\/comments?post=433411"}],"version-history":[{"count":0,"href":"https:\/\/www.europesays.com\/it\/wp-json\/wp\/v2\/posts\/433411\/revisions"}],"wp:featuredmedia":[{"embeddable":true,"href":"https:\/\/www.europesays.com\/it\/wp-json\/wp\/v2\/media\/433412"}],"wp:attachment":[{"href":"https:\/\/www.europesays.com\/it\/wp-json\/wp\/v2\/media?parent=433411"}],"wp:term":[{"taxonomy":"category","embeddable":true,"href":"https:\/\/www.europesays.com\/it\/wp-json\/wp\/v2\/categories?post=433411"},{"taxonomy":"post_tag","embeddable":true,"href":"https:\/\/www.europesays.com\/it\/wp-json\/wp\/v2\/tags?post=433411"}],"curies":[{"name":"wp","href":"https:\/\/api.w.org\/{rel}","templated":true}]}}