{"id":433667,"date":"2026-04-08T13:43:24","date_gmt":"2026-04-08T13:43:24","guid":{"rendered":"https:\/\/www.europesays.com\/it\/433667\/"},"modified":"2026-04-08T13:43:24","modified_gmt":"2026-04-08T13:43:24","slug":"tecnica-ferrari-la-499p-di-af-corse-mostra-per-la-prima-volta-tutte-le-novita-aerodinamiche-2026","status":"publish","type":"post","link":"https:\/\/www.europesays.com\/it\/433667\/","title":{"rendered":"Tecnica Ferrari: la 499P di AF Corse mostra per la prima volta tutte le novit\u00e0 aerodinamiche 2026"},"content":{"rendered":"<p>La giornata di marted\u00ec 7 aprile \u00e8 stata di grande importanza per AF Corse, che ha presentato non solo la sua Ferrari con cui per il terzo anno competer\u00e0 a livello privato nel FIA World Endurance Championship, ma anche la nuova collaborazione con ESA NanoTech.<\/p>\n<p>Ed \u00e8 stata proprio la sede dell&#8217;azienda fondata da Leonardo Maria Del Vecchio a tenere a battesimo la Giallo Modena #83 che guideranno ancora una volta i vincitori di Le Mans 2025, nonch\u00e9 Vice Campioni del Mondo, Robert Kubica\/Yifei Ye\/Phil Hanson, in un pomeriggio che ha accolto gli ospiti presso il complesso industriale di Kilometro Rosso.<\/p>\n<p>Oltre a svelare la colorazione 2026 della vettura, la 499P del team piacentino capitanato da Amato Ferrari vestiva anche per la prima volta in pubblico i rinnovati&#8230; abiti che quest&#8217;anno andranno in pista a cominciare dalla 6h di Imola del 17-19 aprile.<\/p>\n<p>Come noto, FIA WEC, ACO ed IMSA si sono accordati per una nuova ri-omologazione di tutti i prototipi LMH e LMDh che prendono parte alle Classe HYPERCAR e GTP del Mondiale e della serie statunitense, dunque i Costruttori hanno lavorato durante l&#8217;inverno ad una ricalibrazione dell&#8217;aerodinamica.<\/p>\n<p>   <img decoding=\"async\" draggable=\"false\" src=\"https:\/\/www.europesays.com\/it\/wp-content\/uploads\/2026\/04\/ferrari-499p-detail-2026.jpg\" alt=\"Ferrari 499P, dettaglio 2026\" width=\"1200\" height=\"800\" loading=\"lazy\"\/> <\/p>\n<p class=\"title\">Ferrari 499P, dettaglio 2026<\/p>\n<p class=\"photographer\">Foto di: AF Corse<\/p>\n<p>Gi\u00e0 in fase di presentazione della 499P ufficiale, l&#8217;Ingegner Ferdinando Cannizzo aveva illustrato nello specifico su cosa Maranello aveva posto le attenzioni, anche su richiesta della Federazione stessa, che con i nuovi parametri punta ad avere dati ancor pi\u00f9 accurati e dettagliati per definire meglio il Balance of Performance.<\/p>\n<p>&#8220;La nuova riomologazione coinvolge fondamentalmente tre aspetti. Il cambio della galleria del vento da Sauber a Windshear, quindi dalla Svizzera agli Stati Uniti. Una nuova raccolta e analisi dei dati, quindi anche nuovi punti di misura in galleria del vento. E poi un riposizionamento, una ridefinizione della finestra di prestazioni&#8221;, ha detto Cannizzo, Responsabile delle vetture endurance di Maranello.<\/p>\n<p>&#8220;Questo quindi ha comportato per noi la necessit\u00e0 di dover rivedere il posizionamento della nostra vettura sul nuovo punto di lavoro. L&#8217;abbiamo fatto volutamente senza spendere alcun Joker Evo, che volevamo lasciarci in tasca per il futuro, e quindi intervenendo in piccoli dettagli&#8221;.<\/p>\n<p>Ma in cosa consisteva nello specifico cambiare la carrozzeria e, con essa, l&#8217;aerodinamica? Va detto che alcune cose non sono visibili ad occhio nudo perch\u00e9 poste nella gestione dei flussi al di sotto del mezzo, mentre altre hanno cambiato leggermente forma e misura senza andare a stravolgere il progetto originale.<\/p>\n<p>   <img decoding=\"async\" draggable=\"false\" src=\"https:\/\/www.europesays.com\/it\/wp-content\/uploads\/2026\/04\/1775655796_103_ferrari-499p-detail-2026.jpg\" alt=\"Ferrari 499P, dettaglio 2026\" width=\"1200\" height=\"800\" loading=\"lazy\"\/><br \/>\n   <img decoding=\"async\" draggable=\"false\" src=\"https:\/\/www.europesays.com\/it\/wp-content\/uploads\/2026\/04\/51-ferrari-af-corse-ferrari-49.jpg\" alt=\"#51 Ferrari AF Corse Ferrari 499P: Alessandro Pier Guidi, James Calado, Antonio Giovinazzi\" width=\"1200\" height=\"800\" loading=\"lazy\"\/> <\/p>\n<p>Quello che si apprezza subito partendo dall&#8217;anteriore \u00e8 il nuovo disegno delle appendici aerodinamiche fissate sopra allo splitter nelle due estremit\u00e0, subito sotto ai fanali.\u00a0<\/p>\n<p>Queste due bandelle, denominate anche &#8216;flick&#8217; in gergo tecnico, sono ora pi\u00f9 corte e sagomate, e prive del piccolo sostegno che era apparso fin dalla loro introduzione nell&#8217;estate del 2024, quando fu speso il primo (ed unico, al momento) Evo Joker dalla Casa emiliana.<\/p>\n<p>&#8220;Sempre rimanendo sull&#8217;anteriore, abbiamo lavorato sulle bandelle del fondo e sui deviatori di flusso per cercare di aggiustare il bilancio della vettura&#8221;, aggiunge Cannizzo.<\/p>\n<p>   <img decoding=\"async\" draggable=\"false\" src=\"https:\/\/www.europesays.com\/it\/wp-content\/uploads\/2026\/04\/1775655797_345_ferrari-499p-detail-2026.jpg\" alt=\"Ferrari 499P, dettaglio 2026\" width=\"1200\" height=\"800\" loading=\"lazy\"\/><br \/>\n   <img decoding=\"async\" draggable=\"false\" src=\"https:\/\/www.europesays.com\/it\/wp-content\/uploads\/2026\/04\/1775655798_922_51-ferrari-af-corse-ferrari-49.jpg\" alt=\"#51 Ferrari AF Corse Ferrari 499P: Alessandro Pier Guidi, James Calado, Antonio Giovinazzi\" width=\"1200\" height=\"800\" loading=\"lazy\"\/> <\/p>\n<p>Salendo nella parte superiore, \u00e8 cambiato il modo di gestire i flussi attorno al passaruota, dove sono state infatti rimosse (su richiesta della Federazione) le due appendici che erano fissate nella sezione nera in carbonio che si trova davanti all&#8217;apertura del parafango, la quale ora assume una\u00a0superfice aerodinamica vera e propria, come illustrato dall&#8217;Ingegnere Capo di Ferrari.<\/p>\n<p>Hanno cambiato forma anche le due analoghe bandelle nere che si trovano fra il termine del passaruota e l&#8217;abitacolo.<\/p>\n<p>   <img decoding=\"async\" draggable=\"false\" src=\"https:\/\/www.europesays.com\/it\/wp-content\/uploads\/2026\/04\/1775655798_46_ferrari-499p-detail-2026.jpg\" alt=\"Ferrari 499P, dettaglio 2026\" width=\"1200\" height=\"800\" loading=\"lazy\"\/><br \/>\n   <img decoding=\"async\" draggable=\"false\" src=\"https:\/\/www.europesays.com\/it\/wp-content\/uploads\/2026\/04\/83-af-corse-ferrari-499p-rober.jpg\" alt=\"#83 AF Corse Ferrari 499P: Robert Kubica, Yifei Ye, Philip Hanson\" width=\"1200\" height=\"800\" loading=\"lazy\"\/> <\/p>\n<p>Proseguendo nella linea della 499P e venendo alla sezione centrale, sono stati lievemente rivisti gli sfoghi dei radiatori sulle fiancate, ma la cosa che i tecnici ferraristi hanno sottolineato come pi\u00f9 importante \u00e8 il nuovo disegno del cofano motore, in particolare l&#8217;estremit\u00e0.<\/p>\n<p>Questa, situata tra diffusore e beam-wing, assume una forma pi\u00f9 concava e non ha pi\u00f9 le due lunghe appendici (simili a quelle che erano fissate sui passaruota anteriori), andando di fatto a creare maggior carico al retrotreno, dove ci sono anche altre novit\u00e0.<\/p>\n<p>   <img decoding=\"async\" draggable=\"false\" src=\"https:\/\/www.europesays.com\/it\/wp-content\/uploads\/2026\/04\/1775655801_881_ferrari-499p-detail-2026.jpg\" alt=\"Ferrari 499P, dettaglio 2026\" width=\"1200\" height=\"800\" loading=\"lazy\"\/><br \/>\n   <img decoding=\"async\" draggable=\"false\" src=\"https:\/\/www.europesays.com\/it\/wp-content\/uploads\/2026\/04\/83-af-corse-ferrari-499p-of-ro.jpg\" alt=\"#83 AF Corse Ferrari - 499P of Robert Kubica, Philip Hanson, Yifei Ye\" width=\"1200\" height=\"800\" loading=\"lazy\"\/> <\/p>\n<p>Guardando le estremit\u00e0 dell&#8217;alettone, con bandelle di forme pi\u00f9 grandi, i supporti hanno ora appendici molto pi\u00f9 grandi al fianco delle luci che sono installate nella parte superiore.<\/p>\n<p>Scendendo nella parte inferiore, le paratie laterali dietro le ruote posteriori sono state ridisegnate con una forma pi\u00f9 arcuata, in modo da riaggiustare e ottimizzare il flusso aerodinamico.\u00a0<\/p>\n<p>   <img decoding=\"async\" draggable=\"false\" src=\"https:\/\/www.europesays.com\/it\/wp-content\/uploads\/2026\/04\/1775655804_821_ferrari-499p-detail-2026.jpg\" alt=\"Ferrari 499P, dettaglio 2026\" width=\"1200\" height=\"800\" loading=\"lazy\"\/><br \/>\n   <img decoding=\"async\" draggable=\"false\" src=\"https:\/\/www.europesays.com\/it\/wp-content\/uploads\/2026\/04\/50-ferrari-af-corse-ferrari-49.jpg\" alt=\" #50 Ferrari AF Corse Ferrari 499P\" width=\"1200\" height=\"800\" loading=\"lazy\"\/> <\/p>\n<p>&#8220;Queste sono le aree di intervento minimali ma efficaci consentiteci, senza toccare le superfici principali della vettura. In questo modo, abbiamo potuto riposizionarci nella finestra prestazionale prevista&#8221;, ha concluso Cannizzo.<\/p>\n<p>Le novit\u00e0 sono state provate nel test svolto ad Imola la settimana scorsa e verranno raccolte ulteriori informazioni utilissime gi\u00e0 nel Prologo di marted\u00ec 14 aprile, antipasto del primo weekend stagionale che si terr\u00e0 sempre sulle rive del Santerno.<\/p>\n<p>\u00a0<\/p>\n<p>Leggi anche:<\/p>\n<p>\u00a0<\/p>\n<p>            Vogliamo la vostra opinione!<\/p>\n<p class=\"mt-auto\">Cosa vorresti vedere su Motorsport.com?<\/p>\n<p>            <a href=\"#\" class=\"ms-link text-link font-bold\">Partecipate al nostro sondaggio di 5 minuti.<\/a><\/p>\n<p class=\"mt-1 text-body\">&#8211; Il team di Motorsport.com<\/p>\n","protected":false},"excerpt":{"rendered":"La giornata di marted\u00ec 7 aprile \u00e8 stata di grande importanza per AF Corse, che ha presentato non&hellip;\n","protected":false},"author":3,"featured_media":433668,"comment_status":"","ping_status":"","sticky":false,"template":"","format":"standard","meta":{"footnotes":"","_share_on_mastodon":"0"},"categories":[176],"tags":[69497,368,1537,90,89,31043,245,244,31045,245461],"class_list":["post-433667","post","type-post","status-publish","format-standard","has-post-thumbnail","category-sport","tag-af-corse","tag-ferrari","tag-it","tag-italia","tag-italy","tag-le-mans","tag-sport","tag-sports","tag-wec","tag-wec-tecnica-ferrari-la-499p-di-af-corse-mostra-per-la-prima-volta-tutte-le-novitu00e0-aerodinamiche-2026"],"share_on_mastodon":{"url":"https:\/\/pubeurope.com\/@it\/116369385842448527","error":""},"_links":{"self":[{"href":"https:\/\/www.europesays.com\/it\/wp-json\/wp\/v2\/posts\/433667","targetHints":{"allow":["GET"]}}],"collection":[{"href":"https:\/\/www.europesays.com\/it\/wp-json\/wp\/v2\/posts"}],"about":[{"href":"https:\/\/www.europesays.com\/it\/wp-json\/wp\/v2\/types\/post"}],"author":[{"embeddable":true,"href":"https:\/\/www.europesays.com\/it\/wp-json\/wp\/v2\/users\/3"}],"replies":[{"embeddable":true,"href":"https:\/\/www.europesays.com\/it\/wp-json\/wp\/v2\/comments?post=433667"}],"version-history":[{"count":0,"href":"https:\/\/www.europesays.com\/it\/wp-json\/wp\/v2\/posts\/433667\/revisions"}],"wp:featuredmedia":[{"embeddable":true,"href":"https:\/\/www.europesays.com\/it\/wp-json\/wp\/v2\/media\/433668"}],"wp:attachment":[{"href":"https:\/\/www.europesays.com\/it\/wp-json\/wp\/v2\/media?parent=433667"}],"wp:term":[{"taxonomy":"category","embeddable":true,"href":"https:\/\/www.europesays.com\/it\/wp-json\/wp\/v2\/categories?post=433667"},{"taxonomy":"post_tag","embeddable":true,"href":"https:\/\/www.europesays.com\/it\/wp-json\/wp\/v2\/tags?post=433667"}],"curies":[{"name":"wp","href":"https:\/\/api.w.org\/{rel}","templated":true}]}}