{"id":433731,"date":"2026-04-08T14:35:15","date_gmt":"2026-04-08T14:35:15","guid":{"rendered":"https:\/\/www.europesays.com\/it\/433731\/"},"modified":"2026-04-08T14:35:15","modified_gmt":"2026-04-08T14:35:15","slug":"londra-stoppa-kanye-west-ma-il-rapper-della-discordia-e-pronto-allo-show-in-italia","status":"publish","type":"post","link":"https:\/\/www.europesays.com\/it\/433731\/","title":{"rendered":"Londra stoppa Kanye West. Ma il rapper della discordia \u00e8 pronto allo show in Italia"},"content":{"rendered":"<p>Prima o poi doveva accadere. \u00c8 accaduto a Londra e adesso potrebbe ripetersi pure in Italia. Dunque, il Regno Unito, seguendo le indicazioni anche del partito Conservatore, ha revocato il permesso di ingresso al rapper americano Kanye West, uno dei pi\u00f9 famosi al mondo, uno che ha vinto 24 Grammy Awards e che ha venduto di pi\u00f9 nella storia della musica digitale. Motivo? Le esternazioni, per lo pi\u00f9 farneticanti, contro Israele. Per capirci, in una canzone del 2023 ha accostato lo stato israeliano al diavolo, l&#8217;anno scorso ha pubblicato un brano intitolato nientemeno che Heil Hitler e contemporaneamente ha postato su X un \u00abFree Gaza\u00bb. Insomma, a causa di questo antisemitismo non potr\u00e0 esibirsi al gigantesco Wireless Festival in programma dal 10 al 15 luglio a Finsbury Park a Londra e non \u00e8 certo una decisione improvvisa visto che nei giorni scorsi persino il premier inglese Keir Starmer aveva definito la sua possibile partecipazione al Festival come \u00abprofondamente preoccupante\u00bb mentre la ministra dell&#8217;Istruzione Bridget Philipson era andata oltre bollando le esternazioni del rapper come \u00abcompletamente inaccettabili e disgustose\u00bb perch\u00e9 \u00abnon c&#8217;\u00e8 spazio per odio, bigottismo o antisemitismo\u00bb. Idem il sindaco di Londra, Sadiq Khan.<\/p>\n<p>Quindi arrivederci Kanye West, ci vedremo (forse) alla prossima. Il problema \u00e8 che la \u00abprossima\u00bb data di Kanye West \u00e8 fissata in Italia, alla Rcf Arena il 18 luglio nell&#8217;ambito dell&#8217;Hellwatt Festival e naturalmente anche qui gi\u00e0 prima non tutti erano d&#8217;accordo, figurarsi ora che c&#8217;\u00e8 il precedente inglese. Dopo l&#8217;Anpi di Reggio Emilia, che aveva espresso molta contrariet\u00e0 all&#8217;evento, ieri Rosamaria Papaleo della Cisl ha lanciato un appello al sindaco di Reggio Emilia, Marco Massari, affinch\u00e9 favorisca un incontro tra il rapper e la comunit\u00e0 ebraica. In poche parole, c&#8217;\u00e8 tensione e chiss\u00e0 come andr\u00e0 a finire. Ieri, gli organizzatori hanno garantito che il concerto \u00ab\u00e8 confermato\u00bb e che sono gi\u00e0 stati venduti 68mila biglietti. Di certo, Kanye West \u00e8 un collage di talento e follia che da anni tappezza social e media di tutto il mondo. Tanto per capirci, nel settembre 2023 la societ\u00e0 di noleggio delle imbarcazioni nella Laguna di Venezia hanno garantito che \u00abil signor West e sua moglie (Bianca Censori, abituata ad apparire in pubblico seminuda o totalmente nuda &#8211; ndr) non saranno pi\u00f9 i benvenuti a bordo delle imbarcazioni della nostra compagnia\u00bb. Nei giorni precedenti avevano fatto il giro del mondo alcune foto, diciamo cos\u00ec, equivocabili, insomma foto di lui in motoscafo con i pantaloni abbassati di fianco alla moglie china.<\/p>\n<p>Ma fosse \u00absolo\u00bb questo.<\/p>\n<p>Dal 2022 Kanye Omari West, nato nel 1977 ad Atlanta e ora autobattezzatosi Ye, ha alternato violentissimi attacchi antisemiti a ritrattazioni genuflesse, rendendo molto difficile dare un peso concreto alle sue posizioni. Spieghiamoci. Nell&#8217;ottobre 2022 ha minacciato gli ebrei accusando i \u00absionisti\u00bb di controllare i media. Risultato: Adidas e Balenciaga hanno smesso seduta stante di sponsorizzarlo. Allora, pochi mesi dopo, casualmente (si fa per dire) prima di pubblicare il disco Vultures, ha scritto su Instagram un messaggio in ebraico, chiedendo perdono per ogni \u00absfogo non intenzionale\u00bb e dichiarandosi pentito. Poi la pubblicazione del singolo intitolato Heil Hitler nel 2025.\n<\/p>\n<p> Poi l&#8217;acquisto di una intera pagina del Wall Street Journal per garantire di non essere nazista e di amare il popolo ebraico. Un andirivieni abbastanza confusionario che lui attribuisce al proprio \u00abbipolarismo\u00bb ma che forse, passando per la cruna inglese (leggasi concerto annullato), potrebbe iniziare a trovare una cura.<\/p>\n","protected":false},"excerpt":{"rendered":"Prima o poi doveva accadere. \u00c8 accaduto a Londra e adesso potrebbe ripetersi pure in Italia. Dunque, il&hellip;\n","protected":false},"author":3,"featured_media":433732,"comment_status":"","ping_status":"","sticky":false,"template":"","format":"standard","meta":{"footnotes":"","_share_on_mastodon":"0"},"categories":[1443],"tags":[1460,245487,704,203,204,1537,90,89,102538,1538,1539],"class_list":["post-433731","post","type-post","status-publish","format-standard","has-post-thumbnail","category-musica","tag-antisemitismo","tag-concerti-live","tag-divieto","tag-entertainment","tag-intrattenimento","tag-it","tag-italia","tag-italy","tag-kanye-west","tag-music","tag-musica"],"share_on_mastodon":{"url":"","error":""},"_links":{"self":[{"href":"https:\/\/www.europesays.com\/it\/wp-json\/wp\/v2\/posts\/433731","targetHints":{"allow":["GET"]}}],"collection":[{"href":"https:\/\/www.europesays.com\/it\/wp-json\/wp\/v2\/posts"}],"about":[{"href":"https:\/\/www.europesays.com\/it\/wp-json\/wp\/v2\/types\/post"}],"author":[{"embeddable":true,"href":"https:\/\/www.europesays.com\/it\/wp-json\/wp\/v2\/users\/3"}],"replies":[{"embeddable":true,"href":"https:\/\/www.europesays.com\/it\/wp-json\/wp\/v2\/comments?post=433731"}],"version-history":[{"count":0,"href":"https:\/\/www.europesays.com\/it\/wp-json\/wp\/v2\/posts\/433731\/revisions"}],"wp:featuredmedia":[{"embeddable":true,"href":"https:\/\/www.europesays.com\/it\/wp-json\/wp\/v2\/media\/433732"}],"wp:attachment":[{"href":"https:\/\/www.europesays.com\/it\/wp-json\/wp\/v2\/media?parent=433731"}],"wp:term":[{"taxonomy":"category","embeddable":true,"href":"https:\/\/www.europesays.com\/it\/wp-json\/wp\/v2\/categories?post=433731"},{"taxonomy":"post_tag","embeddable":true,"href":"https:\/\/www.europesays.com\/it\/wp-json\/wp\/v2\/tags?post=433731"}],"curies":[{"name":"wp","href":"https:\/\/api.w.org\/{rel}","templated":true}]}}