{"id":433769,"date":"2026-04-08T15:03:17","date_gmt":"2026-04-08T15:03:17","guid":{"rendered":"https:\/\/www.europesays.com\/it\/433769\/"},"modified":"2026-04-08T15:03:17","modified_gmt":"2026-04-08T15:03:17","slug":"per-un-po-al-cinema-filo-niccolo-agliardi-con-cremona-un-legame-che-dura-da-anni","status":"publish","type":"post","link":"https:\/\/www.europesays.com\/it\/433769\/","title":{"rendered":"Per un po&#8217;&#8221; al Cinema Filo. Niccol\u00f2 Agliardi: &#8220;Con Cremona un legame che dura da anni"},"content":{"rendered":"<p>Un rapporto che parte dalla musica e arriva fino al cinema, passando per Cremona, citt\u00e0 che oggi considera un po\u2019 sua. <strong>Niccol\u00f2 Agliardi<\/strong> torna a Cremona con \u201c<strong>Per un po\u2019\u201d<\/strong>, film tratto dal suo libro, e racconta un legame che nel tempo si \u00e8 fatto sempre pi\u00f9 solido.<\/p>\n<p><strong>Niccol\u00f2 Agliardi<\/strong> \u00e8 un cantautore milanese, compositore e scrittore. Nel corso della sua carriera ha collaborato con artisti come Laura Pausini. Nel 2021 ha vinto un Golden Globe e un Nastro d\u2019argento per il brano \u201cIo s\u00ec (Seen)\u201d. \u00c8 stato inoltre direttore artistico della colonna sonora della serie Braccialetti rossi e affianca all\u2019attivit\u00e0 musicale quella di scrittore e autore di podcast.<\/p>\n<p>\u201cNon \u00e8 un legame piccolo, ormai \u00e8 lungo, duraturo e consistente \u2013 spiega Agliardi che ha curato anche la sceneggiatura -. Ho fatto <strong>il mio primo disco qui a Cremona<\/strong>, prodotto da <strong>Simone Bertolotti<\/strong>, che poi ha fatto un percorso importante anche insieme a me. In qualche modo siamo cresciuti insieme. Ma soprattutto Cremona mi ha dato due fratelli acquisiti, <strong>Giacomo e Tommaso Ruggeri<\/strong>. Sono musicisti con cui lavoro da anni e con loro ho realizzato anche la colonna sonora del film che proiettiamo stasera. Al Teatro Filo ho suonato uno dei miei primi live, credo il terzo della mia vita\u201d.<\/p>\n<p><strong>\u201cPer un po\u2019\u201d,<\/strong> diretto da <strong>Simone Valentini<\/strong>, \u00e8 tratto dall\u2019omonimo libro di Agliardi e porta sullo schermo una storia di affido costruita su un equilibrio instabile, senza semplificazioni. Nel cast Alessandro Tedeschi, Isnaba Na Montche, Sara Laura Raimondi e Ilir Jacellari. Agliardi \u00e8 passato dal vissuto personale alla trasposizione cinematografica, un passaggio non privo di contraddizioni: \u201cLe emozioni sono tante, non tutte positive, non tutte rassicuranti. Alla fine per\u00f2 il risultato \u00e8 un pi\u00f9, e quando dopo l\u2019uguale c\u2019\u00e8 un pi\u00f9 vuol dire che qualcosa \u00e8 andato bene. <strong>Vedere girare questo film mi ha spaventato in alcuni momenti<\/strong>, mi ha creato confusione. Alcune scelte non corrispondevano ai tempi della realt\u00e0, ma a quelli del cinema, e all\u2019inizio pensavo ci fosse qualcosa che non funzionava. Oggi quello che conta \u00e8 <strong>vedere il film ed emozionarmi quasi ogni volta<\/strong>, anche per i miei errori\u201d.<\/p>\n<p>La colonna sonora \u00e8 firmata dai fratelli Ruggeri, in continuit\u00e0 con il percorso musicale condiviso con l\u2019autore e per <strong>Tommaso<\/strong>, autore della colonna sonora insieme al fratello <strong>Giacomo Ruggeri<\/strong>, <strong>\u201cPer un po\u2019\u201d<\/strong> \u00e8 un progetto diverso dagli altri, perch\u00e9 nasce da una storia vissuta in prima persona, accanto ad Agliardi: \u201cCollaboriamo con Niccol\u00f2 da vent\u2019anni, da quando eravamo ragazzi. Abbiamo fatto tante cose insieme, ma questa \u00e8 diversa: <strong>questa storia l\u2019abbiamo conosciuta mentre accadeva<\/strong>. Abbiamo conosciuto il ragazzo che poi \u00e8 diventato protagonista del film. In un certo senso il film lo avevamo gi\u00e0 visto nella vita. Ogni lavoro ha il suo colore, la sua vibrazione. Anche questo \u00e8 stato cos\u00ec. <strong>\u00c8 una grande emozione vederlo qui<\/strong>, nella mia citt\u00e0, con la mia famiglia in sala. \u00c8 qualcosa di speciale\u201d.<\/p>\n<p>La serata nasce dall\u2019impegno dell\u2019associazione <strong>Associazione Il Girasole<\/strong>, che ha scelto il film come occasione di condivisione. L\u2019Associazione \u201cIl Girasole\u201d, nata nel 1997, riunisce famiglie affidatarie del territorio cremonese, sostiene e promuove progetti di micro-aiuto familiare.<\/p>\n<p>\u201cNon eravamo ancora riusciti a vederlo, per motivi molto semplici: la vita familiare spesso non permette di ritagliarsi due ore per il cinema \u2013 spiega la presidente <strong>Sara Chan<\/strong> -. \u201cAbbiamo voluto vivere questa serata insieme, come gruppo di famiglie, per vedere un film che potesse parlare anche di noi e delle nostre storie. \u00c8 una realt\u00e0 intensa, complessa, ma anche capace di dare molto. \u00c8 un\u2019esperienza che riempie i cuori. Volevamo che questa serata fosse uno stimolo per noi, ma anche per la comunit\u00e0\u201d.<\/p>\n<p>\n                \u00a9 Riproduzione riservata\n              <\/p>\n","protected":false},"excerpt":{"rendered":"Un rapporto che parte dalla musica e arriva fino al cinema, passando per Cremona, citt\u00e0 che oggi considera&hellip;\n","protected":false},"author":3,"featured_media":433770,"comment_status":"","ping_status":"","sticky":false,"template":"","format":"standard","meta":{"footnotes":"","_share_on_mastodon":"0"},"categories":[1442],"tags":[23210,245490,245491,5665,203,454,245492,204,1537,90,89,1521,245493,245494,245495],"class_list":["post-433769","post","type-post","status-publish","format-standard","has-post-thumbnail","category-film","tag-affido","tag-associazione-il-girasole","tag-cinema-filo","tag-cremona","tag-entertainment","tag-film","tag-giacomo-ruggeri","tag-intrattenimento","tag-it","tag-italia","tag-italy","tag-movies","tag-niccolo-agliardi","tag-per-un-po","tag-tommaso-ruggeri"],"share_on_mastodon":{"url":"https:\/\/pubeurope.com\/@it\/116369700131085087","error":""},"_links":{"self":[{"href":"https:\/\/www.europesays.com\/it\/wp-json\/wp\/v2\/posts\/433769","targetHints":{"allow":["GET"]}}],"collection":[{"href":"https:\/\/www.europesays.com\/it\/wp-json\/wp\/v2\/posts"}],"about":[{"href":"https:\/\/www.europesays.com\/it\/wp-json\/wp\/v2\/types\/post"}],"author":[{"embeddable":true,"href":"https:\/\/www.europesays.com\/it\/wp-json\/wp\/v2\/users\/3"}],"replies":[{"embeddable":true,"href":"https:\/\/www.europesays.com\/it\/wp-json\/wp\/v2\/comments?post=433769"}],"version-history":[{"count":0,"href":"https:\/\/www.europesays.com\/it\/wp-json\/wp\/v2\/posts\/433769\/revisions"}],"wp:featuredmedia":[{"embeddable":true,"href":"https:\/\/www.europesays.com\/it\/wp-json\/wp\/v2\/media\/433770"}],"wp:attachment":[{"href":"https:\/\/www.europesays.com\/it\/wp-json\/wp\/v2\/media?parent=433769"}],"wp:term":[{"taxonomy":"category","embeddable":true,"href":"https:\/\/www.europesays.com\/it\/wp-json\/wp\/v2\/categories?post=433769"},{"taxonomy":"post_tag","embeddable":true,"href":"https:\/\/www.europesays.com\/it\/wp-json\/wp\/v2\/tags?post=433769"}],"curies":[{"name":"wp","href":"https:\/\/api.w.org\/{rel}","templated":true}]}}