{"id":434328,"date":"2026-04-08T23:01:23","date_gmt":"2026-04-08T23:01:23","guid":{"rendered":"https:\/\/www.europesays.com\/it\/434328\/"},"modified":"2026-04-08T23:01:23","modified_gmt":"2026-04-08T23:01:23","slug":"mtb-mercato-fermo-tra-crisi-e-nuova-evoluzione","status":"publish","type":"post","link":"https:\/\/www.europesays.com\/it\/434328\/","title":{"rendered":"MTB, mercato fermo tra crisi e nuova evoluzione"},"content":{"rendered":"<p data-start=\"88\" data-end=\"598\">La mountain bike non sta attraversando una crisi nel senso classico del termine, ma sta vivendo una fase che somiglia pi\u00f9 a un cambio di ciclo che a una semplice frenata congiunturale. Dopo gli anni del boom, alimentati prima dalla crescita costante dell\u2019off-road e poi dall\u2019effetto acceleratore della pandemia, il mercato si \u00e8 progressivamente raffreddato. Non si tratta di un crollo improvviso, quanto piuttosto di un ritorno a condizioni pi\u00f9 normali, ma con equilibri molto diversi rispetto a pochi anni fa.<\/p>\n<p data-start=\"600\" data-end=\"1180\">I <a href=\"https:\/\/cyclinside.it\/dati-ancma-piu-bici-in-strada-ma-il-mercato-arretra-il-paradosso-del-2025\/\" rel=\"nofollow noopener\" target=\"_blank\">dati ANCMA<\/a> aiutano a inquadrare questa transizione. Dopo il picco post-Covid, il mercato italiano della bicicletta ha registrato nel 2023 una contrazione marcata, con un calo a doppia cifra sia nelle biciclette tradizionali sia nelle e-bike. Nel 2024 il quadro si \u00e8 stabilizzato solo in parte, con volumi complessivi sostanzialmente fermi e una dinamica che alterna lievi segni positivi e altrettante frenate. In questo scenario la mountain bike non appare come un segmento in crisi isolata, ma come parte di un sistema che ha semplicemente perso la spinta espansiva precedente.<\/p>\n<p>Dalla spinta post-Covid alla normalizzazione del mercato<\/p>\n<p data-start=\"1249\" data-end=\"1803\">Dentro questo contesto, uno dei cambiamenti pi\u00f9 interessanti non riguarda solo la MTB in s\u00e9, ma ci\u00f2 che \u00e8 successo attorno alla MTB. Negli ultimi anni una parte significativa di utenti che avevano acquistato una mountain bike, soprattutto nella fase del boom, ha progressivamente ridimensionato l\u2019utilizzo reale del mezzo. In molti casi si \u00e8 trattato di acquisti spinti dall\u2019entusiasmo del momento o dalla disponibilit\u00e0 di tempo durante la pandemia, ma non sempre accompagnati da un uso continuativo o da una reale frequentazione del fuoristrada tecnico.<\/p>\n<p>Quando la MTB \u00e8 stata comprata pi\u00f9 di quanto fosse poi usata<\/p>\n<p data-start=\"1876\" data-end=\"2420\">Qui si inserisce uno dei fenomeni pi\u00f9 evidenti della fase attuale: la crescita della gravel come \u201cdestinazione d\u2019uso alternativa\u201d per una parte di questi ciclisti. Non si tratta di una sostituzione diretta, ma di uno spostamento progressivo. <strong>La gravel ha intercettato molti utenti<\/strong> che avevano una mountain bike ma che, di fatto, non la sfruttavano nella sua natura pi\u00f9 tecnica. Sentieri impegnativi, guida attiva, necessit\u00e0 di tecnica e manutenzione pi\u00f9 specifica sono diventati per una parte del pubblico elementi pi\u00f9 impegnativi del previsto.<\/p>\n<p data-start=\"2422\" data-end=\"2838\">La gravel, al contrario, ha offerto un compromesso diverso: un\u2019esperienza comunque fuoristrada, ma pi\u00f9 accessibile, pi\u00f9 scorrevole e pi\u00f9 facilmente integrabile con l\u2019uso quotidiano o con l\u2019uscita senza preparazione particolare. In questo senso non ha \u201csostituito\u201d la MTB, ma ha raccolto una domanda latente di utilizzo pi\u00f9 semplice e meno impegnativo, che in molti casi era gi\u00e0 presente ma non del tutto soddisfatta.<\/p>\n<p><img loading=\"lazy\" title=\"2025 UEC Gravel European Championships \u2013 Cyclinside.it\" decoding=\"async\" class=\"size-full wp-image-125218\" src=\"https:\/\/www.europesays.com\/it\/wp-content\/uploads\/2026\/04\/3.JPG\" alt=\"gravel o mtb\" width=\"1100\" height=\"733\"  \/>foto: SprintCyclingAgency<br \/>\nLa gravel come punto di riequilibrio della domanda<\/p>\n<p data-start=\"2901\" data-end=\"3344\">Questa dinamica aiuta a leggere il rallentamento della mountain bike non solo come un tema di mercato, ma anche come un tema di utilizzo reale. Una parte della crescita precedente era stata sostenuta da utenti occasionali o poco continuativi, che oggi hanno trovato nella gravel una forma pi\u00f9 coerente con il proprio modo di andare in bici. La MTB, di conseguenza, si \u00e8 progressivamente riallineata a un pubblico pi\u00f9 consapevole e pi\u00f9 tecnico.<\/p>\n<p>Le gare: percorsi pi\u00f9 duri e specializzazione crescente<\/p>\n<p data-start=\"3412\" data-end=\"3952\">Un altro segnale importante del cambiamento della MTB arriva dal mondo delle gare. Negli ultimi anni tutte le discipline principali hanno visto un\u2019evoluzione verso tracciati pi\u00f9 impegnativi e una crescente specializzazione degli atleti. Nel cross country moderno i percorsi di Coppa del Mondo sono diventati pi\u00f9 tecnici rispetto al passato, con sezioni artificiali, salite molto ripide e passaggi che richiedono una guida sempre pi\u00f9 precisa, rendendo la disciplina meno legata alla sola resistenza e pi\u00f9 completa dal punto di vista tecnico.<\/p>\n<p data-start=\"3954\" data-end=\"4244\">Anche l\u2019enduro ha seguito una traiettoria simile, diventando progressivamente pi\u00f9 specialistico e meno \u201cgeneralista\u201d rispetto alle origini. Il risultato complessivo \u00e8 un aumento della difficolt\u00e0 media delle competizioni e una distanza crescente tra il livello agonistico e l\u2019uso amatoriale.<\/p>\n<p data-start=\"3954\" data-end=\"4244\"><img loading=\"lazy\" title=\"MTB-5197_SOCIAL_ASSETS_2026_Levo R_1080x1350_037 \u2013 Cyclinside.it\" decoding=\"async\" class=\"aligncenter size-full wp-image-127152\" src=\"https:\/\/www.europesays.com\/it\/wp-content\/uploads\/2026\/04\/MTB-5197_SOCIAL_ASSETS_2026_Levo-R_1080x1350_037.jpg\" alt=\"turbo levo 4 R\" width=\"880\" height=\"1100\"  \/><\/p>\n<p>Il caso delle ruote da 32 pollici<\/p>\n<p data-start=\"4290\" data-end=\"4739\">Dentro questa evoluzione tecnica si inserisce anche il dibattito sulle ruote da <a href=\"https:\/\/cyclinside.it\/ruote-da-32-anche-nel-gravel-segnali-netti-da-taipei-cycle\/\" rel=\"nofollow noopener\" target=\"_blank\">32 pollici<\/a>, che rappresentano uno dei segnali pi\u00f9 evidenti della continua ricerca di efficienza e scorrevolezza nel cross country moderno. Dopo l\u2019affermazione del 29 pollici come standard, l\u2019ipotesi di un ulteriore aumento del diametro \u00e8 tornata ciclicamente nel dibattito tecnico, soprattutto in relazione ai tracciati sempre pi\u00f9 veloci e fisici della Coppa del Mondo.<\/p>\n<p data-start=\"4741\" data-end=\"5256\">L\u2019idea di fondo \u00e8 semplice: una ruota pi\u00f9 grande aumenta la capacit\u00e0 di superare ostacoli e migliorare la scorrevolezza su terreni irregolari. Tuttavia, allo stesso tempo introduce compromessi importanti in termini di peso, rigidit\u00e0 e maneggevolezza, soprattutto nei tratti pi\u00f9 tecnici e nei cambi di direzione rapidi. Per questo motivo, al momento, il 29 pollici resta il riferimento consolidato, mentre il 32 rimane pi\u00f9 una possibilit\u00e0 tecnica esplorata a livello progettuale che una reale evoluzione gi\u00e0 in atto, anche se c\u2019\u00e8 chi scommette sull\u2019evoluzione inevitabile e ormai alle porte.<\/p>\n<p data-start=\"4741\" data-end=\"5256\"><img loading=\"lazy\" title=\"MTB 32 \u2013 Cyclinside.it\" decoding=\"async\" class=\"aligncenter size-full wp-image-128674\" src=\"https:\/\/www.europesays.com\/it\/wp-content\/uploads\/2026\/03\/MTB-32.jpg\" alt=\"MTB 32\" width=\"1100\" height=\"637\"  \/><\/p>\n<p>Una MTB sempre pi\u00f9 diversificata al suo interno<\/p>\n<p data-start=\"5316\" data-end=\"5691\">Parallelamente, la MTB ha continuato la sua evoluzione tecnica. Le categorie si sono avvicinate tra loro: il cross country \u00e8 diventato pi\u00f9 stabile e capace in discesa, il trail \u00e8 diventato il punto di equilibrio del mercato, l\u2019enduro \u00e8 rimasto forte ma pi\u00f9 specialistico, mentre l\u2019e-MTB ha attraversato trasversalmente tutte le discipline, ampliando l\u2019accesso al fuoristrada.<\/p>\n<p data-start=\"5693\" data-end=\"5962\">Questa evoluzione ha allargato il pubblico potenziale, ma ha anche reso meno netta l\u2019identit\u00e0 della mountain bike come disciplina unica. Oggi la MTB \u00e8 meno un prodotto definito e pi\u00f9 una piattaforma di utilizzo che va dalla prestazione alla semplice esperienza outdoor.<\/p>\n<p>Un mercato che si \u00e8 stabilizzato dopo la fase espansiva<\/p>\n<p data-start=\"6030\" data-end=\"6544\">In sintesi, il quadro che emerge tra i dati <a href=\"https:\/\/www.ancma.it\/wp-content\/uploads\/2024\/06\/ANCMA_IL-MERCATO-DELLA-BICI-IN-ITALIA.pdf\" rel=\"nofollow noopener\" target=\"_blank\">ANCMA<\/a> e l\u2019evoluzione del mercato \u00e8 coerente. Il settore non sta vivendo una crisi strutturale, ma una fase di assestamento dopo un\u2019espansione eccezionale. La mountain bike non \u00e8 scomparsa dal centro dell\u2019off-road, ma non ne \u00e8 pi\u00f9 il principale motore di crescita. E nel frattempo, una parte della domanda che aveva contribuito al boom si \u00e8 redistribuita, con la gravel che ha intercettato soprattutto chi cercava un\u2019esperienza pi\u00f9 semplice, pi\u00f9 immediata e meno tecnica.<\/p>\n<p data-start=\"6546\" data-end=\"6802\" data-is-last-node=\"\" data-is-only-node=\"\">Il risultato \u00e8 un mercato meno esplosivo, pi\u00f9 maturo e soprattutto pi\u00f9 frammentato, dove la questione non \u00e8 pi\u00f9 quanto cresce la MTB, ma come si ridefinisce il suo ruolo dentro un ecosistema che \u00e8 cambiato pi\u00f9 velocemente della sua capacit\u00e0 di raccontarsi.<\/p>\n","protected":false},"excerpt":{"rendered":"La mountain bike non sta attraversando una crisi nel senso classico del termine, ma sta vivendo una fase&hellip;\n","protected":false},"author":3,"featured_media":434329,"comment_status":"","ping_status":"","sticky":false,"template":"","format":"standard","meta":{"footnotes":"","_share_on_mastodon":"0"},"categories":[1456],"tags":[1824,1825,3048,19830,1537,90,89,1412,35389,245,244,16915],"class_list":["post-434328","post","type-post","status-publish","format-standard","has-post-thumbnail","category-ciclismo","tag-ciclismo","tag-cycling","tag-evidenza","tag-evoluzione","tag-it","tag-italia","tag-italy","tag-mercato","tag-mtb","tag-sport","tag-sports","tag-tendenze"],"share_on_mastodon":{"url":"https:\/\/pubeurope.com\/@it\/116371579955562380","error":""},"_links":{"self":[{"href":"https:\/\/www.europesays.com\/it\/wp-json\/wp\/v2\/posts\/434328","targetHints":{"allow":["GET"]}}],"collection":[{"href":"https:\/\/www.europesays.com\/it\/wp-json\/wp\/v2\/posts"}],"about":[{"href":"https:\/\/www.europesays.com\/it\/wp-json\/wp\/v2\/types\/post"}],"author":[{"embeddable":true,"href":"https:\/\/www.europesays.com\/it\/wp-json\/wp\/v2\/users\/3"}],"replies":[{"embeddable":true,"href":"https:\/\/www.europesays.com\/it\/wp-json\/wp\/v2\/comments?post=434328"}],"version-history":[{"count":0,"href":"https:\/\/www.europesays.com\/it\/wp-json\/wp\/v2\/posts\/434328\/revisions"}],"wp:featuredmedia":[{"embeddable":true,"href":"https:\/\/www.europesays.com\/it\/wp-json\/wp\/v2\/media\/434329"}],"wp:attachment":[{"href":"https:\/\/www.europesays.com\/it\/wp-json\/wp\/v2\/media?parent=434328"}],"wp:term":[{"taxonomy":"category","embeddable":true,"href":"https:\/\/www.europesays.com\/it\/wp-json\/wp\/v2\/categories?post=434328"},{"taxonomy":"post_tag","embeddable":true,"href":"https:\/\/www.europesays.com\/it\/wp-json\/wp\/v2\/tags?post=434328"}],"curies":[{"name":"wp","href":"https:\/\/api.w.org\/{rel}","templated":true}]}}