{"id":434417,"date":"2026-04-09T00:13:14","date_gmt":"2026-04-09T00:13:14","guid":{"rendered":"https:\/\/www.europesays.com\/it\/434417\/"},"modified":"2026-04-09T00:13:14","modified_gmt":"2026-04-09T00:13:14","slug":"bonus-colf-e-badanti-1-200-euro-anche-senza-dichiarazione-dei-redditi-come-si-ottiene","status":"publish","type":"post","link":"https:\/\/www.europesays.com\/it\/434417\/","title":{"rendered":"Bonus colf e badanti, 1.200 euro anche senza dichiarazione dei redditi. Come si ottiene"},"content":{"rendered":"<p>\u00c8 un chiarimento arrivato per quest&#8217;anno dal <a href=\"https:\/\/www.ilmessaggero.it\/t\/mef\" rel=\"nofollow noopener\" target=\"_blank\">ministero dell\u2019Economia<\/a> a cambiare le regole per colf e badanti: il trattamento integrativo <strong><a href=\"https:\/\/www.ilmessaggero.it\/t\/irpef\" rel=\"nofollow noopener\" target=\"_blank\">Irpef<\/a><\/strong>, il bonus fino a <strong>1.200 euro l\u2019anno<\/strong> gi\u00e0 previsto per altri lavoratori dipendenti, pu\u00f2 essere riconosciuto anche senza dichiarazione dei redditi.<\/p>\n<p>La precisazione interviene su un punto <strong>rimasto finora ambiguo<\/strong> e scioglie un nodo pratico che riguardava migliaia di lavoratori domestici. La novit\u00e0 non introduce un nuovo beneficio, ma amplia concretamente la possibilit\u00e0 di accedere a uno gi\u00e0 esistente, adattandolo alle <strong>peculiarit\u00e0 di un settore<\/strong> in cui gli adempimenti fiscali non seguono i percorsi ordinari.<\/p>\n<p><a class=\"link_item\" data-linked_from=\"9462266\" href=\"https:\/\/www.ilmessaggero.it\/economia\/news\/lavoro_domestico_72_italiani_fondamentale_societa-9426291.html\" rel=\"nofollow noopener\" target=\"_blank\"> Lavoro domestico: per il 72% degli italiani \u00e8 poco valorizzato, ma tutti lo considerano fondamentale per la societ\u00e0<\/a><\/p>\n","protected":false},"excerpt":{"rendered":"\u00c8 un chiarimento arrivato per quest&#8217;anno dal ministero dell\u2019Economia a cambiare le regole per colf e badanti: il&hellip;\n","protected":false},"author":3,"featured_media":434418,"comment_status":"","ping_status":"","sticky":false,"template":"","format":"standard","meta":{"footnotes":"","_share_on_mastodon":"0"},"categories":[6],"tags":[64255,587,64256,14,180,2341,8,1537,90,89,7,15,82,9,83,10,13,11,80,84,12,81,85],"class_list":["post-434417","post","type-post","status-publish","format-standard","has-post-thumbnail","category-ultime-notizie","tag-badanti","tag-bonus","tag-colf","tag-cronaca","tag-dichiarazione-dei-redditi","tag-domanda","tag-headlines","tag-it","tag-italia","tag-italy","tag-news","tag-notizie","tag-notizie-di-cronaca","tag-notizie-principali","tag-notiziedicronaca","tag-notizieprincipali","tag-titoli","tag-ultime-notizie","tag-ultime-notizie-di-cronaca","tag-ultime-notizie-e-news-di-oggi","tag-ultimenotizie","tag-ultimenotiziedicronaca","tag-ultimenotizieenewsdioggi"],"share_on_mastodon":{"url":"https:\/\/pubeurope.com\/@it\/116371862673674596","error":""},"_links":{"self":[{"href":"https:\/\/www.europesays.com\/it\/wp-json\/wp\/v2\/posts\/434417","targetHints":{"allow":["GET"]}}],"collection":[{"href":"https:\/\/www.europesays.com\/it\/wp-json\/wp\/v2\/posts"}],"about":[{"href":"https:\/\/www.europesays.com\/it\/wp-json\/wp\/v2\/types\/post"}],"author":[{"embeddable":true,"href":"https:\/\/www.europesays.com\/it\/wp-json\/wp\/v2\/users\/3"}],"replies":[{"embeddable":true,"href":"https:\/\/www.europesays.com\/it\/wp-json\/wp\/v2\/comments?post=434417"}],"version-history":[{"count":0,"href":"https:\/\/www.europesays.com\/it\/wp-json\/wp\/v2\/posts\/434417\/revisions"}],"wp:featuredmedia":[{"embeddable":true,"href":"https:\/\/www.europesays.com\/it\/wp-json\/wp\/v2\/media\/434418"}],"wp:attachment":[{"href":"https:\/\/www.europesays.com\/it\/wp-json\/wp\/v2\/media?parent=434417"}],"wp:term":[{"taxonomy":"category","embeddable":true,"href":"https:\/\/www.europesays.com\/it\/wp-json\/wp\/v2\/categories?post=434417"},{"taxonomy":"post_tag","embeddable":true,"href":"https:\/\/www.europesays.com\/it\/wp-json\/wp\/v2\/tags?post=434417"}],"curies":[{"name":"wp","href":"https:\/\/api.w.org\/{rel}","templated":true}]}}