{"id":434454,"date":"2026-04-09T00:53:17","date_gmt":"2026-04-09T00:53:17","guid":{"rendered":"https:\/\/www.europesays.com\/it\/434454\/"},"modified":"2026-04-09T00:53:17","modified_gmt":"2026-04-09T00:53:17","slug":"vanoli-palace-favorito-la-fiorentina-e-in-emergenza","status":"publish","type":"post","link":"https:\/\/www.europesays.com\/it\/434454\/","title":{"rendered":"Vanoli: &#8220;Palace favorito, la Fiorentina \u00e8 in emergenza&#8221;"},"content":{"rendered":"<p>                                il tecnico sulla sfida di Conference League: &#8220;Mi sarebbe piaciuto arrivare a questo match con la rosa al completo, per\u00f2 non voglio cercare alibi. Questa partita deve essere un\u2019occasione per tutti&#8221;<\/p>\n<p>            <a class=\"image is-50x50\" href=\"https:\/\/www.gazzetta.it\/redazione\/fabiana-della-valle\/\" rel=\"nofollow noopener\" target=\"_blank\"><br \/>\n                <img decoding=\"async\" class=\"is-rounded\" src=\"https:\/\/www.europesays.com\/it\/wp-content\/uploads\/2025\/12\/fabiana_della_valle_avatar.png\" alt=\"Fabiana Della Valle\"\/><br \/>\n            <\/a><\/p>\n<p>Giornalista<\/p>\n<p>                    8 aprile &#8211; 21:03  &#8211; LONDRA<\/p>\n<p class=\"paragraph\" spellcheck=\"true\">\u00c8 Londra, ma sembra l\u2019Italia per il sole caldo e il cielo azzurro e senza nuvole, condizione inconsueta per la Gran Bretagna. La Fiorentina \u00e8 sbarcata in Inghilterra senza Moise Kean, non convocato per il solito problema alla tibia che lo tormenta da un po\u2019, e con altre defezioni (Parisi, Solomon e Fortini oltre a Brescianini e Rugani, non in lista Uefa) ma con la voglia di arrivare fino in fondo in Conference League, anche se di fronte si ritrover\u00e0 la favorita del torneo.<\/p>\n<p>        LORO FAVORITI, NOI CI SIAMO\u2014 \u00a0<\/p>\n<p class=\"paragraph\" spellcheck=\"true\">\u201cLoro sono la squadra pi\u00f9 accreditata per vincere, come lo era il Chelsea un anno fa &#8211; dice Paolo Vanoli &#8211; ma ci siamo anche noi. Sar\u00e0 un bel test per il nostro percorso di crescita, ci far\u00e0 capire dove possiamo arrivare. Dobbiamo essere lucidi e giocare con personalit\u00e0\u201d. Il tecnico della Viola non cerca alibi e si fida dei suoi: \u201cMi sarebbe piaciuto arrivare a questo match con la rosa al completo, per\u00f2 ho spiegato ai miei che la parola emergenza non mi piace. Questa partita deve essere un\u2019occasione per tutti, serve spirito di gruppo. Solo giocando da squadra si ottengono risultati. Gli ultimi due mesi saranno i pi\u00f9 faticosi, stiamo facendo qualcosa di importante ma dobbiamo andare a prendercelo. Non mi piango addosso, credo nei giovani, in chi giocher\u00e0 ed entrer\u00e0\u201d.<\/p>\n<p>        senza kean\u2014 \u00a0<\/p>\n<p class=\"paragraph\" spellcheck=\"true\">L\u2019assenza di Kean rilancia Piccoli e riapre il fascicolo sulla fragilit\u00e0 dell\u2019attaccante azzurro: \u201cStamattina ci siamo parlati e mi ha detto che ha ancora dolore &#8211; ha spiegato Vanoli -. Stiamo cercando di gestirlo per farlo arrivare alla partita con la Lazio\u201d. Sar\u00e0 una gara importante ma non la pi\u00f9 importante, n\u00e9 della stagione n\u00e9 della carriera del tecnico: \u201cHo fatto tanta gavetta e ho avuto la fortuna di vincere da giocatore, sono stato qui da secondo con il Chelsea, spero che la mia carriera non finisca domani&#8230;sar\u00e0 una bella sfida per tutti. Il Crystal Palace ha costruito il successo in casa, dobbiamo essere bravi a stare dentro la partita. Sono stato l\u2019ultimo a portare un trofeo alla Fiorentina da giocatore? Non vivo di ricordi ma di futuro\u201d.<\/p>\n<p>        fiducia a gud\u2014 \u00a0<\/p>\n<p class=\"paragraph\" spellcheck=\"true\">Poi sui singoli: \u201cGudmundsson sta crescendo in fase difensiva, che si fa con tutta la squadra. Sta cercando di migliorarla. A Verona ha fatto tanti errori tecnici che non sono da lui, ma riconosceva l\u2019errore e reagiva. Infatti l\u2019azione del gol l\u2019ha avviata lui. Io pretendo molto da tutti ma va messa la squadra davanti. A Verona abbiamo fatto una brutta prestazione ma servivano i tre punti. Noi abbiamo avuto meno tempo del Palace per prepararla, che non ha giocato per tre settimane, ma nel calcio devi essere smart\u201d.<\/p>\n<p><a class=\"is-partner-link\" href=\"https:\/\/abbonamenti.gazzetta.it\/gall-promo-130anni-gazzetta\/?pwcmp=cta&amp;forceBrowser=true\" rel=\"nofollow noopener\" target=\"_blank\">Festeggia i 130 anni de La Gazzetta dello Sport! Abbonati a G ALL a solo 1,30\u20ac\/mese. Valida per pochi giorni!<\/a><\/p>\n<p>        occhio a mateta\u2014 \u00a0<\/p>\n<p class=\"paragraph\" spellcheck=\"true\">Vanoli stavolta s\u2019affider\u00e0 ai titolari e in difesa ci sar\u00e0 Marin Pongracic, unico giocatore qualificato per il Mondiale con la sua Croazia. Toccher\u00e0 al centrale provare a fermare Mateta, attaccante che in estate \u00e8 stato vicino all\u2019Italia: \u201cLo conosco bene, l\u2019ho affrontato anche in Under 21, era gi\u00e0 fisico e veloce. \u00c8 una punta molto pericolosa, dobbiamo stare attenti, hanno qualit\u00e0 individuale\u201d. Pongracic \u00e8 stato allenato da Glanser, tecnico del Crystal, che sabato era a Verona a vedere la Fiorentina: \u201cMi ha scritto un messaggio dopo il match e io gli ho detto che non siamo questi. La vittoria di Verona per\u00f2 ci fa respirare un po\u2019 di pi\u00f9, da un paio di partite vedo un\u2019altra squadra, che lotta di pi\u00f9 e ha un altro spirito\u201d.<\/p>\n<p class=\"is-copyright\">\u00a9 RIPRODUZIONE RISERVATA<\/p>\n","protected":false},"excerpt":{"rendered":"il tecnico sulla sfida di Conference League: &#8220;Mi sarebbe piaciuto arrivare a questo match con la rosa al&hellip;\n","protected":false},"author":3,"featured_media":434455,"comment_status":"","ping_status":"","sticky":false,"template":"","format":"standard","meta":{"footnotes":"","_share_on_mastodon":"0"},"categories":[1452],"tags":[59769,36,245750,245751,562,7920,721,1902,4970,5368,3759,20984,20985,22042,2149,450,25352,2263,1740,564,48,1537,90,89,11505,5188,1980,1894,245752,245753,100528,1354,3205,13459,1290,245754,34000,1739,245,244,1857,3375,10352,6302],"class_list":["post-434454","post","type-post","status-publish","format-standard","has-post-thumbnail","category-calcio","tag-alibi","tag-arrivare","tag-arrivare-match","tag-arrivare-match-rosa","tag-attaccante","tag-azzurro","tag-calcio","tag-carriera","tag-cercando","tag-chelsea","tag-completo","tag-conference","tag-conference-league","tag-crystal","tag-dobbiamo","tag-emergenza","tag-favoriti","tag-fiorentina","tag-football","tag-giocatore","tag-importante","tag-it","tag-italia","tag-italy","tag-kean","tag-lazio","tag-league","tag-match","tag-match-rosa","tag-match-rosa-completo","tag-mateta","tag-ne","tag-occasione","tag-palace","tag-partita","tag-partita-occasione","tag-piaciuto","tag-soccer","tag-sport","tag-sports","tag-squadra","tag-tecnico","tag-vanoli","tag-verona"],"share_on_mastodon":{"url":"","error":"Validation failed: Text character limit of 500 exceeded"},"_links":{"self":[{"href":"https:\/\/www.europesays.com\/it\/wp-json\/wp\/v2\/posts\/434454","targetHints":{"allow":["GET"]}}],"collection":[{"href":"https:\/\/www.europesays.com\/it\/wp-json\/wp\/v2\/posts"}],"about":[{"href":"https:\/\/www.europesays.com\/it\/wp-json\/wp\/v2\/types\/post"}],"author":[{"embeddable":true,"href":"https:\/\/www.europesays.com\/it\/wp-json\/wp\/v2\/users\/3"}],"replies":[{"embeddable":true,"href":"https:\/\/www.europesays.com\/it\/wp-json\/wp\/v2\/comments?post=434454"}],"version-history":[{"count":0,"href":"https:\/\/www.europesays.com\/it\/wp-json\/wp\/v2\/posts\/434454\/revisions"}],"wp:featuredmedia":[{"embeddable":true,"href":"https:\/\/www.europesays.com\/it\/wp-json\/wp\/v2\/media\/434455"}],"wp:attachment":[{"href":"https:\/\/www.europesays.com\/it\/wp-json\/wp\/v2\/media?parent=434454"}],"wp:term":[{"taxonomy":"category","embeddable":true,"href":"https:\/\/www.europesays.com\/it\/wp-json\/wp\/v2\/categories?post=434454"},{"taxonomy":"post_tag","embeddable":true,"href":"https:\/\/www.europesays.com\/it\/wp-json\/wp\/v2\/tags?post=434454"}],"curies":[{"name":"wp","href":"https:\/\/api.w.org\/{rel}","templated":true}]}}