{"id":434640,"date":"2026-04-09T03:49:13","date_gmt":"2026-04-09T03:49:13","guid":{"rendered":"https:\/\/www.europesays.com\/it\/434640\/"},"modified":"2026-04-09T03:49:13","modified_gmt":"2026-04-09T03:49:13","slug":"meloni-in-parlamento-per-la-prima-volta-dal-referendum-avanti-con-determinazione-lopposizione-accusa-fallimento-totale","status":"publish","type":"post","link":"https:\/\/www.europesays.com\/it\/434640\/","title":{"rendered":"Meloni in Parlamento per la prima volta dal referendum: \u00abAvanti con determinazione\u00bb. L&#8217;opposizione accusa: \u00abFallimento totale\u00bb"},"content":{"rendered":"<p>    di<br \/>\n    Paola Di Caro e Marco Galluzzo<\/p>\n<p class=\"summary-art is-line-h-12\">La prova delle Camere: la premier insister\u00e0 su risultati e obiettivi in una fase complessa tra guerra, dimissioni nel governo e casi aperti (Piantedosi)<\/p>\n<p class=\"chapter-paragraph\"><a href=\"https:\/\/roma.corriere.it\/politica\/diretta-live\/26_aprile_07\/basi-militari-usa-in-italia-crosetto-alla-camera-nessun-governo-ha-mai-modificato-questi-accordi.shtml\" title=\"Basi militari Usa in Italia| Crosetto alla Camera: \u00abNessun governo ha mai modificato questi accordi, siamo solo dei semafori\u00bb. Pd: \u00abIl ministro ha perso lucidit\u00e0\u00bb\" rel=\"nofollow noopener\" target=\"_blank\">Le opposizioni la aspettano al varco, accusandola di \u00abfallimento totale\u00bb<\/a> su tutta la linea: <b>referendum, politiche di governo, riforme, <\/b>posizione politica troppo pro Usa rispetto alle grandi crisi internazionali. E si chiedono, come fa<a href=\"https:\/\/roma.corriere.it\/notizie\/politica\/26_marzo_24\/renzi-dimissioni-delmastro-bartolozzi-referendum-intervista-f33f1439-146c-4b74-b960-67e4f1a6cxlk.shtml\" title=\"Renzi: \u00abNon dir\u00f2 per chi ho votato. Ora mi concentro sulla politica, ho lasciato incarichi esteri\u00bb\" rel=\"nofollow noopener\" target=\"_blank\"> Matteo Renzi<\/a> \u00abse arriver\u00e0 con qualcosa in mano\u00bb, o gi\u00e0 annunciano come il capogruppo del Pd<b> Francesco Boccia<\/b> che non c\u2019\u00e8 nulla da salvare: \u00abSe non ci fosse stata la guerra <b>il governo sarebbe gi\u00e0 in crisi. \u00c8 logorato<\/b>\u00bb.<\/p>\n<p class=\"chapter-paragraph\">Si vedr\u00e0 stamattina quello che <a href=\"https:\/\/roma.corriere.it\/notizie\/politica\/26_aprile_06\/meloni-prepara-le-misure-per-l-emergenza-energia-e-il-confronto-con-i-partiti-1eac8224-c7c7-4eef-b490-8eb357b5dxlk.shtml\" title=\"Meloni prepara le misure per l\u2019emergenza energia (e il confronto con i partiti)\" rel=\"nofollow noopener\" target=\"_blank\">Giorgia Meloni <\/a>ha in serbo, quando a<b>lle 9 si presenter\u00e0 alla Camera e poi al Senato<\/b> per un\u2019informativa (senza voto finale). Se ci sar\u00e0 un colpo di scena (improbabile) o una molto pi\u00f9 prevedibile rivendicazione di quanto di buono fatto dal suo governo e l\u2019assicurazione che si <a href=\"https:\/\/roma.corriere.it\/notizie\/politica\/26_marzo_30\/governo-voto-anticipato-meloni-5cb84595-d845-46c1-84e7-ccd6447cdxlk.shtml\" title=\"Il governo: nessun voto anticipato. E Meloni (in silenzio) studia il rilancio\" rel=\"nofollow noopener\" target=\"_blank\">andr\u00e0 avanti fino a fine legislatura, \u00abcompletando il nostro programma, <\/a>come mai prima era accaduto\u00bb, con un record di durata al quale la premier tiene moltissimo.    &#13;<br \/>\n&#13;<br \/>\n&#13;<br \/>\n&#13;<br \/>\n&#13;<br \/>\n&#13;<br \/>\n&#13;<br \/>\n&#13;<br \/>\n&#13;<br \/>\n&#13;<br \/>\n&#13;<br \/>\n&#13;<br \/>\n&#13;<br \/>\n&#13;<br \/>\n&#13;<br \/>\n&#13;<br \/>\n&#13;<br \/>\n&#13;<br \/>\n&#13;<br \/>\n&#13;<br \/>\n&#13;<br \/>\n&#13;<br \/>\n&#13;<br \/>\n&#13;<br \/>\n&#13;<br \/>\n&#13;<br \/>\n&#13;<br \/>\n&#13;<br \/>\n&#13;<br \/>\n&#13;<br \/>\n&#13;<br \/>\n&#13;<br \/>\n&#13;<br \/>\n&#13;<br \/>\n&#13;<br \/>\n&#13;<br \/>\n&#13;<br \/>\n&#13;<br \/>\n&#13;<br \/>\n&#13;<br \/>\n&#13;<br \/>\n&#13;<br \/>\n&#13;<br \/>\n&#13;<br \/>\n&#13;<br \/>\n&#13;<br \/>\n&#13;<br \/>\n&#13;<br \/>\n&#13;<br \/>\n&#13;<br \/>\n&#13;<br \/>\n&#13;<br \/>\n&#13;\n<\/p>\n<p class=\"chapter-paragraph\">\u00c8 la prima volta che <b>la leader di FdI, partito in calo nei sondaggi<\/b>, parla in pubblico dal dopo referendum di argomenti di politica interna. Le dimissioni di ministri e sottosegretari,<a href=\"https:\/\/roma.corriere.it\/notizie\/politica\/26_aprile_08\/piantedosi-claudia-conte-chigi-40ec6318-3772-45fb-adae-b1d5dbad1xlk.shtml\" title=\"Piantedosi torna a Palazzo Chigi dopo il caso Claudia Conte. Era la \u00abvendetta di una donna innamorata\u00bb o uscir\u00e0 altro?\" rel=\"nofollow noopener\" target=\"_blank\"> i casi aperti (Piantedosi)<\/a>, le polemiche che riguardano anche la premier per<a href=\"https:\/\/roma.corriere.it\/notizie\/cronaca\/26_aprile_07\/meloni-il-caso-del-selfie-con-un-uomo-dei-clan-la-premier-squallore-io-contro-ogni-mafia-0504ac54-e347-4f52-95fa-4f4c25bedxlk.shtml\" title=\"Meloni, il caso del selfie con un uomo dei clan. La premier: squallore, io contro ogni mafia\" rel=\"nofollow noopener\" target=\"_blank\"> una foto con un pentito  che l\u2019hanno fatta infuriare<\/a>: ci si attende che non si soffermi troppo su tutto ci\u00f2, che escluda ogni crisi, e che spieghi che \u00ab<b>l\u2019elettorato ci ha mandato alcuni segnali e li abbiamo colti\u00bb<\/b>, a proposito dei cambi nella sua compagine.<br \/>\u00a0<br \/>Ma non sar\u00e0 questo<b> il cuore del discorso<\/b>, che vuole invece puntare sui <b>risultati del governo<\/b> e sull\u2019annuncio di quello che ancora si intende fare: <b>\u00abSi va avanti con determinazione\u00bb<\/b>. <a href=\"https:\/\/roma.corriere.it\/notizie\/politica\/26_aprile_03\/meloni-blitz-golfo-persico-arabia-saudita-emirati-qatar-6ed177ff-e032-4919-9b84-0de5051a0xlk.shtml\" title=\"Meloni nel Golfo Persico, missione in Arabia, Emirati e Qatar. Il nodo degli approvvigionamenti energetici e le misure\" rel=\"nofollow noopener\" target=\"_blank\">Decreto bollette, interventi per calmierare i prezzi dell\u2019energia <\/a>e assicurare stabilit\u00e0, misure fiscali. \u00abSono norme che nessun altro prima di noi aveva immaginato di scrivere. Il governo continua a lavorare per aiutare i nostri cittadini e difendere chi lavora e produce\u00bb, ha detto ieri Meloni, e su questa falsariga si muover\u00e0 oggi. Sottolineando che il tutto avviene in un <b>quadro internazionale \u00abdrammatico\u00bb <\/b>che impone di tenere la \u00abbarra diritta\u00bb.<\/p>\n<p class=\"chapter-paragraph\">Ovviamente,<b> politica interna e politica estera saranno intrecciate<\/b>. Ieri la nostra diplomazia ha potuto esprimere un sospiro di sollievo per la tregua solo parziale, visto <a href=\"https:\/\/roma.corriere.it\/notizie\/cronaca\/26_aprile_08\/libano-spari-italiani-crosetto-86154eaa-5409-4c85-91cb-2e62dd33bxlk.shtml\" title=\"Libano, spari contro il convoglio italiano. Crosetto: \u00abNon ci sono feriti. Ma fino a quando?\u00bb. Ira di Meloni: \u00abIsraele spieghi\u00bb. Tajani convoca l&#039;ambasciatore\" rel=\"nofollow noopener\" target=\"_blank\">quanto accaduto al  contingente Unifil. I<\/a>n ogni caso, l\u2019Italia appare <b>allineata pienamente alla posizione europea del cosiddetto quartetto, <\/b>il formato a quattro che comprende<b> Parigi, Londra e Berlino.<\/b> E infatti \u00e8 possibile che oggi la <b>premier veda Macron, che \u00e8 a Roma per incontrare il Papa<\/b>. E lo farebbe dopo aver ribadito in Aula che l\u2019investimento maggiore \u00e8 sulla \u00absoluzione diplomatica\u00bb, per arrivare non solo ad una tregua ma ad un accordo per una pace duratura.<\/p>\n<p class=\"chapter-paragraph\">I principali Paesi europei insieme al Canada si sono aggiunti ieri al comunicato, e questo dato in qualche modo<b> aumenta la distanza,<\/b> o forse sarebbe meglio dire la freddezza,<b> dell\u2019Ue verso Washington, <\/b>una posizione in cui l\u2019Italia ormai si trova collocata non solo a pieno diritto, ma anche con convinzione. Pu\u00f2 apparire inusuale, ma era da molto tempo che Meloni non firmava una dichiarazione congiunta insieme al <b>premier spagnolo Sanchez.<\/b><\/p>\n<p class=\"chapter-paragraph\">In ogni caso, la giornata di ieri ha scavato un ulteriore solco nelle relazioni fra il nostro governo e quello di Israele: <b>il rapporto fra Meloni e Netanyahu si \u00e8, col tempo, deteriorato<\/b> e a Palazzo Chigi ammettono che l\u2019interlocutore principale \u00e8 ormai il presidente piuttosto che il primo ministro.<\/p>\n<p class=\"chapter-paragraph\">Un\u2019ultima nota sar\u00e0 forse dedicata al capitolo delle <a href=\"https:\/\/economiapro.corriere.it\/notizie\/26_aprile_08\/mille-navi-ancora-bloccate-e-braccio-di-ferro-sullo-stretto-di-hormuz-risale-il-greggio-4399ff23-748d-4981-b992-24478c808xlk.shtml\" title=\"Mille navi ancora bloccate: \u00e8 braccio di ferro sullo Stretto di Hormuz. Il petrolio risale dai minimi\" rel=\"nofollow noopener\" target=\"_blank\">garanzie per il traffico commerciale nello stretto di Hormuz<\/a>: se si dovesse arrivare ad una <b>risoluzione delle Nazioni Unite<\/b>, allora il governo si far\u00e0 trovare pronto, tanto che gi\u00e0 in questi giorni sono state fatte delle <b>previsioni sul possibile dispiegamento anche di unit\u00e0 navali italiane.<\/b><\/p>\n<p class=\"is-mr-t-20 is-mr-b-20\"><b><br \/>\n                    <a href=\"https:\/\/roma.corriere.it\/?intcmp=Notizielocali_nd_010623_corriere_ss_roma\" target=\"_blank\" rel=\"nofollow noopener\">Vai a tutte le notizie di Roma<\/a><br \/>\n            <\/b><\/p>\n<p class=\"chapter-paragraph\"><b><a href=\"https:\/\/www.corriere.it\/newsletter\/?theme=52&amp;intcmp=NL-artic_nd_050624_corriere_ss_roma\" target=\"_blank\" rel=\"nofollow noopener\">Iscriviti alla newsletter di Corriere Roma<\/a><\/b><\/p>\n<p class=\"is-last-update\" datetime=\"2026-04-08T23:24:58+02:00\">8 aprile 2026 ( modifica il 8 aprile 2026 | 23:24)<\/p>\n<p class=\"is-copyright\">\n            \u00a9 RIPRODUZIONE RISERVATA\n        <\/p>\n","protected":false},"excerpt":{"rendered":"di Paola Di Caro e Marco Galluzzo La prova delle Camere: la premier insister\u00e0 su risultati e obiettivi&hellip;\n","protected":false},"author":3,"featured_media":434641,"comment_status":"","ping_status":"","sticky":false,"template":"","format":"standard","meta":{"footnotes":"","_share_on_mastodon":"0"},"categories":[79],"tags":[500,245804,245805,245806,245807,579,34271,245808,506,245809,245810,28469,245811,27746,245801,36,1045,245802,245803,7714,14,93,94,10799,476,9646,57143,77,10563,1537,90,89,58,7,15,133,29773,477,9964,6324,4565,115,2517,5389,3803,8648,11,84,91,12,85,92],"class_list":["post-434640","post","type-post","status-publish","format-standard","has-post-thumbnail","category-italia","tag-accaduto","tag-accaduto-contingente","tag-accaduto-contingente-unifil","tag-accaduto-record","tag-accaduto-record-durata","tag-accordo","tag-accordo-pace","tag-accordo-pace-duratura","tag-accusa","tag-accusa-fallimento","tag-accusa-fallimento-totale","tag-accusandola","tag-accusandola-fallimento","tag-aperti","tag-aperti-piantedosi","tag-arrivare","tag-casi","tag-casi-aperti","tag-casi-aperti-piantedosi","tag-crisi","tag-cronaca","tag-cronaca-italiana","tag-cronacaitaliana","tag-determinazione","tag-dimissioni","tag-fallimento","tag-fallimento-totale","tag-guerra","tag-interna","tag-it","tag-italia","tag-italy","tag-meloni","tag-news","tag-notizie","tag-ormai","tag-piantedosi","tag-politica","tag-politica-interna","tag-posizione","tag-possibile","tag-premier","tag-referendum","tag-risultati","tag-totale","tag-tregua","tag-ultime-notizie","tag-ultime-notizie-e-news-di-oggi","tag-ultime-notizie-italia","tag-ultimenotizie","tag-ultimenotizieenewsdioggi","tag-ultimenotizieitalia"],"share_on_mastodon":{"url":"","error":"Validation failed: Text character limit of 500 exceeded"},"_links":{"self":[{"href":"https:\/\/www.europesays.com\/it\/wp-json\/wp\/v2\/posts\/434640","targetHints":{"allow":["GET"]}}],"collection":[{"href":"https:\/\/www.europesays.com\/it\/wp-json\/wp\/v2\/posts"}],"about":[{"href":"https:\/\/www.europesays.com\/it\/wp-json\/wp\/v2\/types\/post"}],"author":[{"embeddable":true,"href":"https:\/\/www.europesays.com\/it\/wp-json\/wp\/v2\/users\/3"}],"replies":[{"embeddable":true,"href":"https:\/\/www.europesays.com\/it\/wp-json\/wp\/v2\/comments?post=434640"}],"version-history":[{"count":0,"href":"https:\/\/www.europesays.com\/it\/wp-json\/wp\/v2\/posts\/434640\/revisions"}],"wp:featuredmedia":[{"embeddable":true,"href":"https:\/\/www.europesays.com\/it\/wp-json\/wp\/v2\/media\/434641"}],"wp:attachment":[{"href":"https:\/\/www.europesays.com\/it\/wp-json\/wp\/v2\/media?parent=434640"}],"wp:term":[{"taxonomy":"category","embeddable":true,"href":"https:\/\/www.europesays.com\/it\/wp-json\/wp\/v2\/categories?post=434640"},{"taxonomy":"post_tag","embeddable":true,"href":"https:\/\/www.europesays.com\/it\/wp-json\/wp\/v2\/tags?post=434640"}],"curies":[{"name":"wp","href":"https:\/\/api.w.org\/{rel}","templated":true}]}}