{"id":434716,"date":"2026-04-09T05:30:16","date_gmt":"2026-04-09T05:30:16","guid":{"rendered":"https:\/\/www.europesays.com\/it\/434716\/"},"modified":"2026-04-09T05:30:16","modified_gmt":"2026-04-09T05:30:16","slug":"a-firenze-lanteprima-del-docufilm-il-dono","status":"publish","type":"post","link":"https:\/\/www.europesays.com\/it\/434716\/","title":{"rendered":"a Firenze l\u2019anteprima del docufilm \u201cIl dono\u201d"},"content":{"rendered":"<p>Firenze, 8 aprile 2026 &#8211; Una possibilit\u00e0 su 100mila, quella di trovare un donatore compatibile di midollo osseo, una coincidenza rarissima che, quando si verifica, mette in moto una macchina organizzativa complessa e delicatissima. \u00c8 proprio in quel momento che scatta una corsa contro il tempo che vede protagonisti<strong> i volontari del Nopc (Nucleo operativo di protezione civile), <\/strong>specializzati nella logistica dei trapianti e impegnati nel trasporto del midollo anche attraverso continenti.  Questa missione straordinaria \u00e8 al centro del docufilm <strong>\u201cIl dono \u2013 la filiera della vita raccontata dai volontari\u201d, <\/strong>che sar\u00e0 presentato in anteprima nazionale <strong>venerd\u00ec 10 aprile alle ore 16 nella Sala Pistelli di Palazzo Medici Riccardi, in via Cavour 9.<\/strong>  Il progetto nasce da un\u2019idea di <strong>Massimo Pieraccini, fondatore del Nopc,<\/strong> ed \u00e8 diretto da Kagliostro, volto noto dell\u2019intrattenimento che in questa occasione firma una regia attenta e sensibile ai temi sociali. La particolarit\u00e0 del film \u00e8 l\u2019assenza di attori professionisti: ogni protagonista interpreta se stesso, dal donatore alla persona trapiantata, fino ai volontari che attraversano il mondo senza fermarsi, rinunciando a sonno e pasti pur di consegnare una concreta possibilit\u00e0 di vita a chi \u00e8 in attesa.  Il docufilm racconta cos\u00ec un esempio di generosit\u00e0 collettiva, costruito interamente su base volontaria. Nessun compenso per i partecipanti e per lo stesso regista, che ha messo a disposizione attrezzature e montaggio per una produzione completamente indipendente. Al termine del tour di presentazioni in Italia, <strong>l\u2019opera sar\u00e0 donata ad Admo, l\u2019Associazione donatori midollo osseo<\/strong>, come strumento di sensibilizzazione.  \u201cSotto i riflettori gli aspetti meno noti del trapianto, tra curiosit\u00e0 ed emozione\u201d, spiega <strong>Massimo Pieraccini, direttore del Nopc.<\/strong> \u201cAbbiamo voluto mostrare il lavoro silenzioso ma indispensabile per salvare una vita. Grazie alla disponibilit\u00e0 di tanti, abbiamo realizzato un progetto totalmente a costo zero per contribuire alla cultura della donazione.\u201d<\/p>\n","protected":false},"excerpt":{"rendered":"Firenze, 8 aprile 2026 &#8211; Una possibilit\u00e0 su 100mila, quella di trovare un donatore compatibile di midollo osseo,&hellip;\n","protected":false},"author":3,"featured_media":434717,"comment_status":"","ping_status":"","sticky":false,"template":"","format":"standard","meta":{"footnotes":"","_share_on_mastodon":"0"},"categories":[1442],"tags":[6753,62245,1276,41461,203,454,2266,204,1537,90,89,1521,26902],"class_list":["post-434716","post","type-post","status-publish","format-standard","has-post-thumbnail","category-film","tag-anteprima","tag-angeli","tag-corsa","tag-docufilm","tag-entertainment","tag-film","tag-firenze","tag-intrattenimento","tag-it","tag-italia","tag-italy","tag-movies","tag-trapianti"],"share_on_mastodon":{"url":"https:\/\/pubeurope.com\/@it\/116373109316423934","error":""},"_links":{"self":[{"href":"https:\/\/www.europesays.com\/it\/wp-json\/wp\/v2\/posts\/434716","targetHints":{"allow":["GET"]}}],"collection":[{"href":"https:\/\/www.europesays.com\/it\/wp-json\/wp\/v2\/posts"}],"about":[{"href":"https:\/\/www.europesays.com\/it\/wp-json\/wp\/v2\/types\/post"}],"author":[{"embeddable":true,"href":"https:\/\/www.europesays.com\/it\/wp-json\/wp\/v2\/users\/3"}],"replies":[{"embeddable":true,"href":"https:\/\/www.europesays.com\/it\/wp-json\/wp\/v2\/comments?post=434716"}],"version-history":[{"count":0,"href":"https:\/\/www.europesays.com\/it\/wp-json\/wp\/v2\/posts\/434716\/revisions"}],"wp:featuredmedia":[{"embeddable":true,"href":"https:\/\/www.europesays.com\/it\/wp-json\/wp\/v2\/media\/434717"}],"wp:attachment":[{"href":"https:\/\/www.europesays.com\/it\/wp-json\/wp\/v2\/media?parent=434716"}],"wp:term":[{"taxonomy":"category","embeddable":true,"href":"https:\/\/www.europesays.com\/it\/wp-json\/wp\/v2\/categories?post=434716"},{"taxonomy":"post_tag","embeddable":true,"href":"https:\/\/www.europesays.com\/it\/wp-json\/wp\/v2\/tags?post=434716"}],"curies":[{"name":"wp","href":"https:\/\/api.w.org\/{rel}","templated":true}]}}