{"id":434811,"date":"2026-04-09T07:17:13","date_gmt":"2026-04-09T07:17:13","guid":{"rendered":"https:\/\/www.europesays.com\/it\/434811\/"},"modified":"2026-04-09T07:17:13","modified_gmt":"2026-04-09T07:17:13","slug":"milan-su-goretzka-lofferta-di-contratto-e-la-trattativa","status":"publish","type":"post","link":"https:\/\/www.europesays.com\/it\/434811\/","title":{"rendered":"Milan su Goretzka: l&#8217;offerta di contratto e la trattativa"},"content":{"rendered":"<p>                                I rossoneri allettano il centrocampista del Bayern, a scadenza di contratto, con un contratto pi\u00f9 lungo rispetto alle altre offerte<\/p>\n<p>            <a class=\"image is-50x50\" href=\"https:\/\/www.gazzetta.it\/redazione\/alessandra-gozzini\/\" rel=\"nofollow noopener\" target=\"_blank\"><br \/>\n                <img decoding=\"async\" class=\"is-rounded\" src=\"https:\/\/www.europesays.com\/it\/wp-content\/uploads\/2025\/10\/1760166911_443_omino.png\" alt=\"Alessandra Gozzini\"\/><br \/>\n            <\/a><\/p>\n<p>Giornalista<\/p>\n<p>                    9 aprile 2026 (modifica alle 07:54)  &#8211; MILANO<\/p>\n<p class=\"paragraph\" spellcheck=\"true\">Un altro Rabiot, magari un paio se non tre: uno per reparto. Il Milan \u00e8 impegnato a conquistarsi un nuovo pass per la Champions e una volta assicurato un posto, vorr\u00e0 rientrare nel salotto buono d\u2019Europa in grande stile. Serviranno esperienza e mentalit\u00e0, le stesse che l\u2019estate scorsa avevano portato in dote Modric e Rabiot. Come fu per Modric, i rossoneri riflettono sulla possibilit\u00e0 di proporre un contratto interessante a un giocatore prossimo allo svincolo. Come per Rabiot, si tratta di un altro centrocampista che ha da poco superati i trent\u2019anni, dunque nel pieno della carriera e con l\u2019ambizione di una nuova intrigante sfida.<\/p>\n<p>    un possibile triennale\u00a0\u2014 \u00a0<\/p>\n<p class=\"paragraph is-inline\" spellcheck=\"true\">La sfida potrebbe essere sostenere il Milan nella sua risalita europea: in cambio il Milan \u00e8 pronto a proporre a Leon Goretzka, l\u2019obiettivo in questione, un contratto di tre anni ad almeno cinque milioni a stagione. Anche qui, un affare alla Rabiot: a settembre scorso Adrien si \u00e8 legato ai rossoneri fino al 2028, tre anni di accordo. La strategia aziendale \u00e8 stata per forza di cose rivista e corretta: se prima i contratti lunghi per gli over 30 non erano visti di buon occhio, oggi sono una necessit\u00e0 imposta dalle rinnovate ambizioni internazionali. Tre anni di contratto sono anche pi\u00f9 di quanto oggi offrono le concorrenti italiane ed estere, che si limiterebbero alla proposta di un biennale. Per il Milan l\u2019offerta \u00e8 buona: dalla sua il club ha la possibilit\u00e0 di non spendere un euro nel cartellino del giocatore, che a fine stagione si liberer\u00e0 a costo zero dal Bayern Monaco.<\/p>\n<p>    pilastro di centrocampo\u2014 \u00a0<\/p>\n<p class=\"paragraph is-inline\" spellcheck=\"true\">Sull\u2019esperienza e le qualit\u00e0 di Goretzka c\u2019\u00e8 poco da aggiungere: 303 partite con il Bayern Monaco, l\u2019ultima di pochi minuti due giorni fa in casa Real nell\u2019andata dei quarti di finale Champions. Proprio contro l\u2019Atalanta aveva invece giocato la sua ultima partita europea da titolare. La stagione in Bundesliga \u00e8 fatta di altre 25 presenze, due gol e altrettanti assist. Qui il Bayern comanda la classifica con nove punti di vantaggio sul Borussia Dortmund: si pu\u00f2 dire che Goretzka si stia avviando verso il diciassettesimo trofeo in Baviera. Una bacheca composta per ora da: cinque Supercoppe di Germania, sei campionati tedeschi, due Coppe di Germania, una Champions League, una Supercoppa Europea e una coppa del mondo per club. Nel futuro centrocampo rossonero avrebbe ovviamente un ruolo da protagonista: il Milan si \u00e8 mosso con anticipo e ora cerco lo scatto con una proposta pi\u00f9 consistente delle altre.<\/p>\n<p><a class=\"is-partner-link\" href=\"https:\/\/abbonamenti.gazzetta.it\/gall-promo-130anni-gazzetta\/?pwcmp=cta&amp;forceBrowser=true\" rel=\"nofollow noopener\" target=\"_blank\">Festeggia i 130 anni de La Gazzetta dello Sport! Abbonati a G ALL a solo 1,30\u20ac\/mese. Valida per pochi giorni!<\/a><\/p>\n<p>    la scelta\u2014 \u00a0<\/p>\n<p class=\"paragraph is-inline\" spellcheck=\"true\">Per vivere un finale di stagione sereno e senza stress, lo stesso Goretzka \u00e8 orientato a decidere a breve del proprio futuro, anche prima che si concludano gli impegni di campionato e Champions con il Bayern: Leon potrebbe scegliere gi\u00e0 a fine mese. Una scelta di rispetto anche per la numerosa concorrenza che si \u00e8 messa in fila alla sua porta: chi verr\u00e0 scelto, e chi no, potr\u00e0 poi organizzarsi di conseguenza. Nel Milan l\u2019inserimento eventuale di Goretzka non sar\u00e0 certo l\u2019unica mossa dell\u2019estate: ci sar\u00e0 comunque un innesto di peso, mentre le uscite saranno almeno un paio, con Fofana e Loftus-Cheek principali candidati. Ricci e soprattutto Jashari hanno un potenziale che resta da valorizzare, mentre il grande punto interrogativo rimane ancora legato a Modric. Resiste la fiducia sul desiderio del giocatore di rinnovare un altro anno al Milan, con l\u2019idea affascinante di guidare i rossoneri in Champions. Anche in questo caso fine aprile potrebbe essere il momento delle scelte.<\/p>\n<p class=\"is-copyright\">\u00a9 RIPRODUZIONE RISERVATA<\/p>\n","protected":false},"excerpt":{"rendered":"I rossoneri allettano il centrocampista del Bayern, a scadenza di contratto, con un contratto pi\u00f9 lungo rispetto alle&hellip;\n","protected":false},"author":3,"featured_media":434812,"comment_status":"","ping_status":"","sticky":false,"template":"","format":"standard","meta":{"footnotes":"","_share_on_mastodon":"0"},"categories":[1452],"tags":[839,1495,8486,23702,721,3153,7204,1969,631,554,6693,4876,1533,2697,1426,1740,3044,564,140627,1537,90,89,9647,18021,553,245959,5904,20782,2982,7901,1917,128041,1398,46511,1270,3094,21876,1360,3461,1739,245,244,577],"class_list":["post-434811","post","type-post","status-publish","format-standard","has-post-thumbnail","category-calcio","tag-almeno","tag-altre","tag-bayern","tag-bayern-monaco","tag-calcio","tag-centrocampista","tag-centrocampo","tag-champions","tag-cinque","tag-club","tag-contratto","tag-esperienza","tag-estate","tag-europea","tag-finale","tag-football","tag-germania","tag-giocatore","tag-goretzka","tag-it","tag-italia","tag-italy","tag-legato","tag-leon","tag-milan","tag-milan-pronto","tag-modric","tag-monaco","tag-paio","tag-possibilita","tag-pronto","tag-proporre","tag-proposta","tag-rabiot","tag-rispetto","tag-rossoneri","tag-scatto","tag-scelta","tag-sfida","tag-soccer","tag-sport","tag-sports","tag-stagione"],"share_on_mastodon":{"url":"https:\/\/pubeurope.com\/@it\/116373530186408731","error":""},"_links":{"self":[{"href":"https:\/\/www.europesays.com\/it\/wp-json\/wp\/v2\/posts\/434811","targetHints":{"allow":["GET"]}}],"collection":[{"href":"https:\/\/www.europesays.com\/it\/wp-json\/wp\/v2\/posts"}],"about":[{"href":"https:\/\/www.europesays.com\/it\/wp-json\/wp\/v2\/types\/post"}],"author":[{"embeddable":true,"href":"https:\/\/www.europesays.com\/it\/wp-json\/wp\/v2\/users\/3"}],"replies":[{"embeddable":true,"href":"https:\/\/www.europesays.com\/it\/wp-json\/wp\/v2\/comments?post=434811"}],"version-history":[{"count":0,"href":"https:\/\/www.europesays.com\/it\/wp-json\/wp\/v2\/posts\/434811\/revisions"}],"wp:featuredmedia":[{"embeddable":true,"href":"https:\/\/www.europesays.com\/it\/wp-json\/wp\/v2\/media\/434812"}],"wp:attachment":[{"href":"https:\/\/www.europesays.com\/it\/wp-json\/wp\/v2\/media?parent=434811"}],"wp:term":[{"taxonomy":"category","embeddable":true,"href":"https:\/\/www.europesays.com\/it\/wp-json\/wp\/v2\/categories?post=434811"},{"taxonomy":"post_tag","embeddable":true,"href":"https:\/\/www.europesays.com\/it\/wp-json\/wp\/v2\/tags?post=434811"}],"curies":[{"name":"wp","href":"https:\/\/api.w.org\/{rel}","templated":true}]}}