{"id":434825,"date":"2026-04-09T07:26:12","date_gmt":"2026-04-09T07:26:12","guid":{"rendered":"https:\/\/www.europesays.com\/it\/434825\/"},"modified":"2026-04-09T07:26:12","modified_gmt":"2026-04-09T07:26:12","slug":"il-caffe-di-massimo-gramellini-tra-due-settimane-il-caffe-di-massimo-gramellini","status":"publish","type":"post","link":"https:\/\/www.europesays.com\/it\/434825\/","title":{"rendered":"Il Caff\u00e8 di Massimo Gramellini | Tra due settimane | Il Caff\u00e8 di Massimo Gramellini"},"content":{"rendered":"<p class=\"chapter-paragraph\">Quando <b>Trump <\/b>non sa pi\u00f9 cosa dire, dice \u00ab<b>tra due settimane<\/b>\u00bb. Una soltanto gli sembrer\u00e0 troppo micragnosa. \u00abFacciamogli vedere che abbondiamo\u00bb per citare una persona seria, <b>Tot\u00f2<\/b>. \u00abAumenter\u00f2 (toglier\u00f2) i dazi tra due settimane, distrugger\u00f2 (incontrer\u00f2) Zelensky tra due settimane, il piano sanitario (il piano di pace, il parcheggio multipiano) sar\u00e0 pronto tra due settimane\u00bb.\u00a0<\/p>\n<p class=\"chapter-paragraph\">Trump \u00e8 come quegli i<b>mpiegati coscienziosi<\/b> che danno sempre il preavviso, ha detto il comico<b> Jimmy Kimmel.<\/b> Un\u2019abitudine che probabilmente getta le sue radici nel <b>passato <\/b>pi\u00f9 remoto: lo <b>scolaretto <\/b>Trump che promette di riconsegnare la merenda al compagno tra due settimane, il <b>renitente <\/b>alla leva Trump che giura di rendersi reperibile tra due settimane, il <b>seduttore <\/b>Trump che garantisce alla fidanzata di intestarle uno yacht tra due settimane, massimo tre. Adesso tocca agli <b>iraniani<\/b>, che erano andati a letto convinti di venire \u00absterminati come civilt\u00e0\u00bb e si sono risvegliati amiconi degli Usa, grazie a un \u00ab<b>cambio di regime molto produttivo<\/b>\u00bb avvenuto nel corso della notte all\u2019insaputa del regime ma non di Trump, che perci\u00f2 ha accettato di rinviare <b>l\u2019Armageddon<\/b>. Di quanto? Che domanda: di due settimane.    &#13;<br \/>\n&#13;<br \/>\n&#13;<br \/>\n&#13;<br \/>\n&#13;<br \/>\n&#13;<br \/>\n&#13;<br \/>\n&#13;<br \/>\n&#13;<br \/>\n&#13;<br \/>\n&#13;<br \/>\n&#13;<br \/>\n&#13;<br \/>\n&#13;<br \/>\n&#13;<br \/>\n&#13;<br \/>\n&#13;<br \/>\n&#13;<br \/>\n&#13;<br \/>\n&#13;<br \/>\n&#13;<br \/>\n&#13;<br \/>\n&#13;<br \/>\n&#13;<br \/>\n&#13;<br \/>\n&#13;<br \/>\n&#13;<br \/>\n&#13;<br \/>\n&#13;<br \/>\n&#13;<br \/>\n&#13;<br \/>\n&#13;<br \/>\n&#13;<br \/>\n&#13;<br \/>\n&#13;<br \/>\n&#13;<br \/>\n&#13;<br \/>\n&#13;<br \/>\n&#13;<br \/>\n&#13;<br \/>\n&#13;<br \/>\n&#13;<br \/>\n&#13;<br \/>\n&#13;<br \/>\n&#13;<br \/>\n&#13;<br \/>\n&#13;<br \/>\n&#13;<br \/>\n&#13;<br \/>\n&#13;<br \/>\n&#13;<br \/>\n&#13;<br \/>\n&#13;\n<\/p>\n<p class=\"chapter-paragraph\">C\u2019\u00e8 del <b>metodo <\/b>nella follia di questo <b>finto pazzo<\/b> che sembra vero (o viceversa) e risiede in quella formuletta <b>attendista<\/b>, paragonabile al \u00ab<b>da luned\u00ec<\/b>\u00bb con cui noi promettiamo di metterci a <b>dieta <\/b>o cominciare <b>pilates<\/b>. Nella testa sgombra o fin troppo affollata di Trump \u00abdue settimane\u00bb significa <b>poi<\/b>, oppure <b>mai<\/b>, ma pi\u00f9 probabilmente: <b>boh<\/b>.\u00a0<\/p>\n<p class=\"is-last-update\" datetime=\"2026-04-09T07:38:13+02:00\" content=\"2026-04-09\">9 aprile 2026, 06:51  &#8211; modifica il 9 aprile 2026 | 07:38<\/p>\n<p class=\"is-copyright\">\u00a9 RIPRODUZIONE RISERVATA<\/p>\n","protected":false},"excerpt":{"rendered":"Quando Trump non sa pi\u00f9 cosa dire, dice \u00abtra due settimane\u00bb. Una soltanto gli sembrer\u00e0 troppo micragnosa. \u00abFacciamogli&hellip;\n","protected":false},"author":3,"featured_media":425566,"comment_status":"","ping_status":"","sticky":false,"template":"","format":"standard","meta":{"footnotes":"","_share_on_mastodon":"0"},"categories":[174],"tags":[245961,245962,245963,20628,245964,245965,8398,245966,245967,165820,245968,245969,203,204,1537,90,89,975,4309,8910,245960,379],"class_list":["post-434825","post","type-post","status-publish","format-standard","has-post-thumbnail","category-intrattenimento","tag-abbondiamo","tag-abbondiamo-citare","tag-abbondiamo-citare-persona","tag-abitudine","tag-abitudine-getta","tag-abitudine-getta-radici","tag-accettato","tag-accettato-rinviare","tag-accettato-rinviare-armageddon","tag-affollata","tag-affollata-trump","tag-affollata-trump-settimane","tag-entertainment","tag-intrattenimento","tag-it","tag-italia","tag-italy","tag-piano","tag-regime","tag-settimane","tag-settimane-trump","tag-trump"],"share_on_mastodon":{"url":"https:\/\/pubeurope.com\/@it\/116373565378329252","error":""},"_links":{"self":[{"href":"https:\/\/www.europesays.com\/it\/wp-json\/wp\/v2\/posts\/434825","targetHints":{"allow":["GET"]}}],"collection":[{"href":"https:\/\/www.europesays.com\/it\/wp-json\/wp\/v2\/posts"}],"about":[{"href":"https:\/\/www.europesays.com\/it\/wp-json\/wp\/v2\/types\/post"}],"author":[{"embeddable":true,"href":"https:\/\/www.europesays.com\/it\/wp-json\/wp\/v2\/users\/3"}],"replies":[{"embeddable":true,"href":"https:\/\/www.europesays.com\/it\/wp-json\/wp\/v2\/comments?post=434825"}],"version-history":[{"count":0,"href":"https:\/\/www.europesays.com\/it\/wp-json\/wp\/v2\/posts\/434825\/revisions"}],"wp:featuredmedia":[{"embeddable":true,"href":"https:\/\/www.europesays.com\/it\/wp-json\/wp\/v2\/media\/425566"}],"wp:attachment":[{"href":"https:\/\/www.europesays.com\/it\/wp-json\/wp\/v2\/media?parent=434825"}],"wp:term":[{"taxonomy":"category","embeddable":true,"href":"https:\/\/www.europesays.com\/it\/wp-json\/wp\/v2\/categories?post=434825"},{"taxonomy":"post_tag","embeddable":true,"href":"https:\/\/www.europesays.com\/it\/wp-json\/wp\/v2\/tags?post=434825"}],"curies":[{"name":"wp","href":"https:\/\/api.w.org\/{rel}","templated":true}]}}