{"id":434873,"date":"2026-04-09T08:11:21","date_gmt":"2026-04-09T08:11:21","guid":{"rendered":"https:\/\/www.europesays.com\/it\/434873\/"},"modified":"2026-04-09T08:11:21","modified_gmt":"2026-04-09T08:11:21","slug":"danilo-la-juve-alex-sandro-ancelotti-il-brasile","status":"publish","type":"post","link":"https:\/\/www.europesays.com\/it\/434873\/","title":{"rendered":"Danilo: &#8220;La Juve, Alex Sandro, Ancelotti, il Brasile&#8221;"},"content":{"rendered":"<p>                                L&#8217;ex capitano bianconero: &#8220;Io e Alex ci siamo sempre motivati a vicenda, ci completiamo sia in campo che nella vita. Quando sono arrivato a Madrid Carlo, che mi aveva voluto, era andato via&#8221;<\/p>\n<p>            <a class=\"image is-50x50\" href=\"https:\/\/www.gazzetta.it\/redazione\/giovanni-albanese\/\" rel=\"nofollow noopener\" target=\"_blank\"><br \/>\n                <img decoding=\"async\" class=\"is-rounded\" src=\"https:\/\/www.europesays.com\/it\/wp-content\/uploads\/2026\/02\/giovanni-albanese_avatar.png\" alt=\"Giovanni Albanese\"\/><br \/>\n            <\/a><\/p>\n<p>Giornalista<\/p>\n<p>                    9 aprile &#8211; 09:26  &#8211; MILANO<\/p>\n<p class=\"paragraph\" spellcheck=\"true\">\u201cQuando Alex Sandro ha lasciato la <a href=\"https:\/\/www.gazzetta.it\/calcio\/squadre\/juventus\/notizie\/\" rel=\"nofollow noopener\" target=\"_blank\">Juventus<\/a> mi ha fatto piangere in campo, perch\u00e9 avevamo combattuto tante battaglie insieme\u201d. Ha parlato un po\u2019 anche di Juve Danilo, ex capitano bianconero ora al Flamengo, la squadra brasiliana che dovr\u00e0 difendere la Copa Libertadores. Il difensore ha parlato del rapporto speciale che lo lega al compagno di squadra, dopo aver percorso insieme a lui praticamente tutta la carriera. \u201cQuesta cosa di giocare sempre insieme, penso che in un certo senso ci siamo sempre motivati a vicenda \u2013 ha detto Danilo al canale ufficiale del suo club -. Siamo maturati praticamente insieme. Ci scambiamo sempre idee. Alex \u00e8 sempre stato il mio contrappunto, sia in campo, sia nello spogliatoio, sia nella vita. \u00c8 una persona un po\u2019 meno espressiva, forse pi\u00f9 introspettiva. Io invece sono un po\u2019 pi\u00f9 energico, mi piace parlare, comunicare. E quando \u00e8 andato via dalla Juve non pensavo che sarebbe stato cos\u00ec difficile. \u00c8 stato allora che ho sentito davvero la sua mancanza\u201d.\u00a0<\/p>\n<p><a class=\"is-partner-link\" href=\"https:\/\/abbonamenti.gazzetta.it\/gall-promo-130anni-gazzetta\/?pwcmp=cta&amp;forceBrowser=true\" rel=\"nofollow noopener\" target=\"_blank\">Festeggia i 130 anni de La Gazzetta dello Sport! Abbonati a G ALL a solo 1,30\u20ac\/mese. Valida per pochi giorni!<\/a><\/p>\n<p>        RAPPORTO CON ANCELOTTI\u2014 \u00a0<\/p>\n<p class=\"paragraph\" spellcheck=\"true\">Danilo ha parlato anche di Carlo Ancelotti, neo ct del Brasile, svelando un retroscena di mercato di qualche anno fa: \u201cLa fiducia del mister \u00e8 molto gratificante \u2013 ha detto -, senza dubbio \u00e8 uno dei pi\u00f9 grandi e vincenti allenatori della storia del calcio. \u00c8 curioso: quando ero al Porto e sono andato al Real Madrid, \u00e8 stato lui a portarmi praticamente l\u00ec, a comprarmi. Quando poi sono arrivato, lui era stato esonerato. Il calcio \u00e8 cos\u00ec, sai com\u2019\u00e8. Alla fine, non abbiamo lavorato insieme in quell\u2019occasione, ma ci siamo ritrovati pi\u00f9 di dieci anni dopo qui in nazionale. \u00c8 un orgoglio enorme lavorare con lui, ascoltare certe parole, ma anche una responsabilit\u00e0: devo arrivare l\u00ec e far correre i ragazzi\u201d.<\/p>\n<p class=\"is-copyright\">\u00a9 RIPRODUZIONE RISERVATA<\/p>\n","protected":false},"excerpt":{"rendered":"L&#8217;ex capitano bianconero: &#8220;Io e Alex ci siamo sempre motivati a vicenda, ci completiamo sia in campo che&hellip;\n","protected":false},"author":3,"featured_media":434874,"comment_status":"","ping_status":"","sticky":false,"template":"","format":"standard","meta":{"footnotes":"","_share_on_mastodon":"0"},"categories":[1452],"tags":[3658,245998,28271,2940,245999,3077,10575,721,921,8230,246000,2387,11119,1740,1537,90,89,565,1914,5382,5437,246001,66,21117,1739,245,244],"class_list":["post-434873","post","type-post","status-publish","format-standard","has-post-thumbnail","category-calcio","tag-alex","tag-alex-sandro","tag-ancelotti","tag-andato","tag-andato-juve","tag-arrivato","tag-bianconero","tag-calcio","tag-campo","tag-capitano","tag-capitano-bianconero","tag-carlo","tag-danilo","tag-football","tag-it","tag-italia","tag-italy","tag-juve","tag-li","tag-madrid","tag-motivati","tag-motivati-vicenda","tag-parlato","tag-praticamente","tag-soccer","tag-sport","tag-sports"],"share_on_mastodon":{"url":"https:\/\/pubeurope.com\/@it\/116373742708629360","error":""},"_links":{"self":[{"href":"https:\/\/www.europesays.com\/it\/wp-json\/wp\/v2\/posts\/434873","targetHints":{"allow":["GET"]}}],"collection":[{"href":"https:\/\/www.europesays.com\/it\/wp-json\/wp\/v2\/posts"}],"about":[{"href":"https:\/\/www.europesays.com\/it\/wp-json\/wp\/v2\/types\/post"}],"author":[{"embeddable":true,"href":"https:\/\/www.europesays.com\/it\/wp-json\/wp\/v2\/users\/3"}],"replies":[{"embeddable":true,"href":"https:\/\/www.europesays.com\/it\/wp-json\/wp\/v2\/comments?post=434873"}],"version-history":[{"count":0,"href":"https:\/\/www.europesays.com\/it\/wp-json\/wp\/v2\/posts\/434873\/revisions"}],"wp:featuredmedia":[{"embeddable":true,"href":"https:\/\/www.europesays.com\/it\/wp-json\/wp\/v2\/media\/434874"}],"wp:attachment":[{"href":"https:\/\/www.europesays.com\/it\/wp-json\/wp\/v2\/media?parent=434873"}],"wp:term":[{"taxonomy":"category","embeddable":true,"href":"https:\/\/www.europesays.com\/it\/wp-json\/wp\/v2\/categories?post=434873"},{"taxonomy":"post_tag","embeddable":true,"href":"https:\/\/www.europesays.com\/it\/wp-json\/wp\/v2\/tags?post=434873"}],"curies":[{"name":"wp","href":"https:\/\/api.w.org\/{rel}","templated":true}]}}