{"id":435091,"date":"2026-04-09T11:00:20","date_gmt":"2026-04-09T11:00:20","guid":{"rendered":"https:\/\/www.europesays.com\/it\/435091\/"},"modified":"2026-04-09T11:00:20","modified_gmt":"2026-04-09T11:00:20","slug":"aleix-espargaro-ricoverato-in-ospedale-dopo-un-grave-incidente-durante-i-test-con-la-honda-a-sepang","status":"publish","type":"post","link":"https:\/\/www.europesays.com\/it\/435091\/","title":{"rendered":"Aleix Espargar\u00f3 ricoverato in ospedale dopo un grave incidente durante i test con la Honda a Sepang"},"content":{"rendered":"<p>Marted\u00ec scorso\u00a0<a href=\"https:\/\/it.motorsport.com\/driver\/aleix-espargaro\/157725\/\" target=\"_blank\" rel=\"noopener nofollow\">Aleix Espargar\u00f3<\/a> ha subito un grave incidente a Sepang, dove si trovava insieme all\u2019intero test team della <a href=\"https:\/\/it.motorsport.com\/team\/honda-motogp\/2260\/\" target=\"_blank\" rel=\"noopener nofollow\">Honda<\/a>. Lo stesso pilota spagnolo ha pubblicato sui social media una foto e la descrizione di quanto accaduto.<\/p>\n<p>&#8220;Marted\u00ec, durante i test qui a Sepang, ho subito un incidente molto grave. Di conseguenza, ho riportato diverse contusioni e quattro fratture vertebrali, anche se per un soffio, e fortunatamente, non hanno colpito il midollo spinale&#8221;, spiega il pilota sul suo account Instagram.<\/p>\n<p>\u00a0<\/p>\n<p>&#8220;Dopo aver trascorso alcuni giorni all&#8217;ospedale CU Aurelius, dove sono stato assistito in modo eccellente, posso finalmente tornare a casa con Laura (sua moglie), che \u00e8 venuta a salvarmi dall&#8217;altra parte del mondo (di nuovo, e ho perso il conto!). L\u00ec (a casa) valuteremo se ho bisogno di un intervento chirurgico all&#8217;ospedale Quir\u00f3n Dexeus. Grazie a tutto il mio team Honda per essersi preso cura di me in questi ultimi giorni. Scusate lo spavento, torner\u00f2!&#8221;, conclude il pilota Honda.<\/p>\n<p>Sviluppo della moto 2026 e 2027<\/p>\n<p>Aleix Espargar\u00f3 si \u00e8 concentrato in questi primi mesi dell&#8217;anno sullo sviluppo dell&#8217;attuale moto Honda, il prototipo RC213V del 2026, che fino ai test di Brno continuer\u00e0 a progredire in tutte le parti specifiche che possono essere modificate, come telaio, forcellone ed aerodinamica, alla ricerca della pietra filosofale che manca alla moto di Tokyo: la trazione.<\/p>\n<p>Nel frattempo, l&#8217;altro collaudatore del marchio, il giapponese\u00a0<a href=\"https:\/\/it.motorsport.com\/driver\/takaaki-nakagami\/164592\/\" target=\"_blank\" rel=\"noopener nofollow\">Takaaki Nakagami<\/a>, si \u00e8 concentrato sullo sviluppo della nuova moto per la prossima stagione, la RC214V, con motore da 850cc e gli pneumatici\u00a0Pirelli secondo il nuovo regolamento tecnico che entrer\u00e0 in vigore dal prossimo anno. Uno sviluppo che Aleix avrebbe guidato dopo il Gran Premio della Repubblica Ceca.<\/p>\n<p>   <img decoding=\"async\" draggable=\"false\" src=\"https:\/\/www.europesays.com\/it\/wp-content\/uploads\/2026\/04\/takaaki-nakagami-honda-hrc.jpg\" alt=\"Takaaki Nakagami, Honda HRC\" width=\"1200\" height=\"800\" loading=\"lazy\"\/> <\/p>\n<p class=\"title\">Takaaki Nakagami, Honda HRC<\/p>\n<p class=\"photographer\">Foto di: Gold and Goose Photography \/ LAT Images \/ via Getty Images<\/p>\n<p>A causa di questo infortunio, ora Nakagami, che questa settimana a Sepang \u00e8 stato visto in sella alla moto del 2027, dovr\u00e0 contribuire allo sviluppo dei due prototipi, fino a quando Aleix non potr\u00e0 riprendersi dagli infortuni e tornare in sella.<\/p>\n<p>Il calendario dei test ufficiali della stagione 2026 prevede prove a Jerez il 27 aprile e a Barcellona il 18 maggio, entrambe con moto da 1000cc e pneumatici Michelin. Da quel momento in poi, i test di Brno del 22 giugno e del Red Bull Ring del 21 settembre si svolgeranno con le moto del 2027, con motori da 850cc e pneumatici Pirelli.<\/p>\n<p>Leggi anche:<\/p>\n<p>            Vogliamo la vostra opinione!<\/p>\n<p class=\"mt-auto\">Cosa vorresti vedere su Motorsport.com?<\/p>\n<p>            <a href=\"#\" class=\"ms-link text-link font-bold\">Partecipate al nostro sondaggio di 5 minuti.<\/a><\/p>\n<p class=\"mt-1 text-body\">&#8211; Il team di Motorsport.com<\/p>\n","protected":false},"excerpt":{"rendered":"Marted\u00ec scorso\u00a0Aleix Espargar\u00f3 ha subito un grave incidente a Sepang, dove si trovava insieme all\u2019intero test team della&hellip;\n","protected":false},"author":3,"featured_media":435092,"comment_status":"","ping_status":"","sticky":false,"template":"","format":"standard","meta":{"footnotes":"","_share_on_mastodon":"0"},"categories":[176],"tags":[46942,6152,1537,90,89,1785,246111,245,244],"class_list":["post-435091","post","type-post","status-publish","format-standard","has-post-thumbnail","category-sport","tag-aleix-espargaro","tag-honda-hrc","tag-it","tag-italia","tag-italy","tag-motogp","tag-motogp-aleix-espargaru00f3-ricoverato-in-ospedale-dopo-un-grave-incidente-durante-i-test-con-la-honda-a-sepangn","tag-sport","tag-sports"],"share_on_mastodon":{"url":"https:\/\/pubeurope.com\/@it\/116374406868891508","error":""},"_links":{"self":[{"href":"https:\/\/www.europesays.com\/it\/wp-json\/wp\/v2\/posts\/435091","targetHints":{"allow":["GET"]}}],"collection":[{"href":"https:\/\/www.europesays.com\/it\/wp-json\/wp\/v2\/posts"}],"about":[{"href":"https:\/\/www.europesays.com\/it\/wp-json\/wp\/v2\/types\/post"}],"author":[{"embeddable":true,"href":"https:\/\/www.europesays.com\/it\/wp-json\/wp\/v2\/users\/3"}],"replies":[{"embeddable":true,"href":"https:\/\/www.europesays.com\/it\/wp-json\/wp\/v2\/comments?post=435091"}],"version-history":[{"count":0,"href":"https:\/\/www.europesays.com\/it\/wp-json\/wp\/v2\/posts\/435091\/revisions"}],"wp:featuredmedia":[{"embeddable":true,"href":"https:\/\/www.europesays.com\/it\/wp-json\/wp\/v2\/media\/435092"}],"wp:attachment":[{"href":"https:\/\/www.europesays.com\/it\/wp-json\/wp\/v2\/media?parent=435091"}],"wp:term":[{"taxonomy":"category","embeddable":true,"href":"https:\/\/www.europesays.com\/it\/wp-json\/wp\/v2\/categories?post=435091"},{"taxonomy":"post_tag","embeddable":true,"href":"https:\/\/www.europesays.com\/it\/wp-json\/wp\/v2\/tags?post=435091"}],"curies":[{"name":"wp","href":"https:\/\/api.w.org\/{rel}","templated":true}]}}