{"id":435296,"date":"2026-04-09T13:43:19","date_gmt":"2026-04-09T13:43:19","guid":{"rendered":"https:\/\/www.europesays.com\/it\/435296\/"},"modified":"2026-04-09T13:43:19","modified_gmt":"2026-04-09T13:43:19","slug":"invecchiamento-a-che-eta-si-inizia-a-invecchiare-davvero-secondo-uno-studio-ci-sono-due-momenti-nella-vita","status":"publish","type":"post","link":"https:\/\/www.europesays.com\/it\/435296\/","title":{"rendered":"Invecchiamento: a che et\u00e0 si inizia a invecchiare davvero? Secondo uno studio ci sono due momenti nella vita"},"content":{"rendered":"<p>A che et\u00e0 si inizia a invecchiare davvero? Secondo uno studio l&#8217;invecchiamento avviene di colpo durante due fasce di et\u00e0 precise<\/p>\n<p>Si dice che iniziamo a <a href=\"https:\/\/www.vogue.it\/bellezza\/article\/ottimismo-rallenta-invecchiamento-ricerca-scientifica\" target=\"_blank\" rel=\"nofollow noopener\">invecchiare<\/a> nel momento in cui nasciamo. Un po&#8217; come l&#8217;eredit\u00e0 del debito pubblico pro capite, anche l&#8217;invecchiamento sembra essere una condanna sin dal principio: un processo biologico inevitabile, costante e lineare. Uno <strong>studio<\/strong> per\u00f2 ha evidenziato che l&#8217;invecchiamento non \u00e8 semplicemente un processo lineare nel tempo, ma subisce due accelerazioni improvvise: durante la vita di una persona vi sono <strong>due momenti precisi in cui si invecchia di colpo<\/strong>. Come due ondate che incidono in modo notevole e improvviso sul processo biologico. Capiamo meglio a che et\u00e0 si inizia a invecchiare, secondo questo studio, e come comportarsi in queste due fasi per farlo nel modo migliore possibile.<\/p>\n<p>Uno studio sostiene che invecchiamo di colpo durante due et\u00e0 precise della vita<\/p>\n<p>Lo studio pubblicato su <a href=\"https:\/\/www.nature.com\/articles\/s43587-024-00692-2\" target=\"_blank\" rel=\"nofollow noopener\">Nature Aging<\/a> e condotto da un team di dottori ricercatori dell&#8217;Universit\u00e0 di medicina di Stanford, in California, sottolinea l&#8217;importanza di non considerare l&#8217;invecchiamento solo come un processo lineare, ma di soffermarsi sui cambiamenti molecolari del corpo improvvisi, che non sono causati da un lento e costante declino, ma che arrivano di colpo. I partecipanti coinvolti nello studio hanno et\u00e0 tra i 25 e i 75 anni e sono stati monitorati per un periodo che \u00e8 andato da un anno a quasi sette anni in alcuni casi, rilevando i <strong>marcatori dell&#8217;invecchiamento non lineare<\/strong> che hanno causato delle disregolazioni sostanziali. I risultati dello studio hanno evidenziato a che et\u00e0 si inizia a invecchiare davvero, identificando in particolare <strong>due fasce d&#8217;et\u00e0<\/strong> durante le quali l&#8217;invecchiamento subisce un&#8217;impennata: iniziamo a invecchiare in modo significativo a <strong>44 anni<\/strong>, prima, e successivamente con un&#8217;ulteriore fase di declino biologico a <strong>60 anni<\/strong>.<\/p>\n<p>Sia donne che uomini iniziano a invecchiare in modo significativo a 44 anni<\/p>\n<p>La fascia d&#8217;et\u00e0 a met\u00e0 tra i 40 anni \u00e8 stata individuata come la <strong>prima impennata di declino<\/strong> del corpo. Inizialmente, gli scienziati hanno ritenuto che questo dato fosse dovuto alla <a href=\"https:\/\/www.vogue.it\/article\/menopausa-precoce-perimenopausa-eta-sintomi-soluzioni\" target=\"_blank\" rel=\"nofollow noopener\">perimenopausa<\/a> nelle donne, ma andando avanti ad analizzare i risultati hanno riscontrato che lo stesso picco di invecchiamento a 44 anni avveniva anche negli uomini.<\/p>\n<p>La prima ondata di invecchiamento riguarda la salute del <strong>sistema cardiocircolatorio<\/strong> e il <strong>metabolismo<\/strong> di caffeina, alcol e grassi. Anche <strong>la pelle e i muscoli<\/strong> sono interessati da un primo significativo declino in questa et\u00e0.<\/p>\n<p>A 60 anni il secondo picco di invecchiamento<\/p>\n<p>Lo studio sostiene che a 60 anni avviene una seconda impennata di invecchiamento, che influenza in particolare la <strong>risposta immunitaria<\/strong>, le <strong>funzioni renali<\/strong> e il <strong>metabolismo<\/strong> dei carboidrati. Anche il sistema cardiocircolatorio invecchia ancora, cos\u00ec come pelle e muscoli invecchiano ulteriormente durante questa fase dell&#8217;et\u00e0.<\/p>\n","protected":false},"excerpt":{"rendered":"A che et\u00e0 si inizia a invecchiare davvero? Secondo uno studio l&#8217;invecchiamento avviene di colpo durante due fasce&hellip;\n","protected":false},"author":3,"featured_media":435297,"comment_status":"","ping_status":"","sticky":false,"template":"","format":"standard","meta":{"footnotes":"","_share_on_mastodon":"0"},"categories":[175],"tags":[239,9340,1537,90,89,240,11139],"class_list":["post-435296","post","type-post","status-publish","format-standard","has-post-thumbnail","category-salute","tag-health","tag-invecchiamento","tag-it","tag-italia","tag-italy","tag-salute","tag-salute-e-benessere"],"share_on_mastodon":{"url":"https:\/\/pubeurope.com\/@it\/116375047910458865","error":""},"_links":{"self":[{"href":"https:\/\/www.europesays.com\/it\/wp-json\/wp\/v2\/posts\/435296","targetHints":{"allow":["GET"]}}],"collection":[{"href":"https:\/\/www.europesays.com\/it\/wp-json\/wp\/v2\/posts"}],"about":[{"href":"https:\/\/www.europesays.com\/it\/wp-json\/wp\/v2\/types\/post"}],"author":[{"embeddable":true,"href":"https:\/\/www.europesays.com\/it\/wp-json\/wp\/v2\/users\/3"}],"replies":[{"embeddable":true,"href":"https:\/\/www.europesays.com\/it\/wp-json\/wp\/v2\/comments?post=435296"}],"version-history":[{"count":0,"href":"https:\/\/www.europesays.com\/it\/wp-json\/wp\/v2\/posts\/435296\/revisions"}],"wp:featuredmedia":[{"embeddable":true,"href":"https:\/\/www.europesays.com\/it\/wp-json\/wp\/v2\/media\/435297"}],"wp:attachment":[{"href":"https:\/\/www.europesays.com\/it\/wp-json\/wp\/v2\/media?parent=435296"}],"wp:term":[{"taxonomy":"category","embeddable":true,"href":"https:\/\/www.europesays.com\/it\/wp-json\/wp\/v2\/categories?post=435296"},{"taxonomy":"post_tag","embeddable":true,"href":"https:\/\/www.europesays.com\/it\/wp-json\/wp\/v2\/tags?post=435296"}],"curies":[{"name":"wp","href":"https:\/\/api.w.org\/{rel}","templated":true}]}}