{"id":435540,"date":"2026-04-09T17:07:12","date_gmt":"2026-04-09T17:07:12","guid":{"rendered":"https:\/\/www.europesays.com\/it\/435540\/"},"modified":"2026-04-09T17:07:12","modified_gmt":"2026-04-09T17:07:12","slug":"cev-cup-chieri-sfiora-limpresa-galatasaray-vince-3-1-e-alza-il-trofeo","status":"publish","type":"post","link":"https:\/\/www.europesays.com\/it\/435540\/","title":{"rendered":"Cev Cup, Chieri sfiora l\u2019impresa: Galatasaray vince 3-1 e alza il trofeo"},"content":{"rendered":"<p>Non riesce l\u2019impresa alla Reale Mutua Fenera Chieri \u201976, che al Burhan Felek Spor Salonu di Istanbul cede 3-1 al Galatasaray e vede sfumare la possibilit\u00e0 di conquistare la seconda Cev Cup della propria storia. Dopo <a href=\"https:\/\/www.lastampa.it\/torino\/2026\/04\/02\/news\/finale_cev_cup_chieri_galatasaray_2_3_andata-15568942\/\" rel=\"nofollow noopener\" target=\"_blank\">il 2-3 dell\u2019andata al Pala Gianni Asti<\/a>, <strong>la squadra di Nicola Negro era chiamata a ribaltare il primo atto della finale, ma le turche hanno confermato il proprio maggiore peso offensivo e si sono prese con merito il secondo trofeo europeo pi\u00f9 importante<\/strong>, chiudendo la doppia sfida con una rimonta costruita su carattere, profondit\u00e0 e concretezza.<\/p>\n<p> L\u2019impegno fino alla fine <\/p>\n<p>Dentro una serata che valeva una stagione, le collinari <strong>hanno provato a restare aggrappate al match con ordine, applicazione e spirito di sacrificio, senza per\u00f2 riuscire a trovare quella continuit\u00e0 necessaria <\/strong>per spostare davvero l\u2019inerzia della finale. In un calendario densissimo e in una cornice ambientale infuocata, <strong>Chieri ha lottato fino in fondo, pagando nei momenti decisivi la maggiore profondit\u00e0 del Galatasaray e la spinta di un palazzetto stracolmo<\/strong>, con i pochi tifosi italiani presenti isolati in un settore blindato da un massiccio cordone delle forze dell\u2019ordine turche.<\/p>\n<p> Le protagoniste <\/p>\n<p>A trascinare le padrone di casa sono state <strong>Aydin, mvp, con 15 punti, Carutasu con 13 e Sylla con 9<\/strong>, decisive nel dare solidit\u00e0 e soluzioni a una squadra costruita per alzare al cielo proprio questa coppa. Dall\u2019altra parte, alle italiane non sono bastati i 14 punti di <strong>Nemeth, i 12 di Nervini, gli 8 di Kunzler e i 9 di Alberti<\/strong>, chiamata ancora una volta a un lavoro prezioso al centro, anche per compensare l\u2019assenza di Anna Gray. I nove errori al servizio e il 10-6 a muro raccontano una parte importante della differenza emersa in campo.<\/p>\n<p> La partita <\/p>\n<p>Il <strong>primo set<\/strong>, vinto da Chieri ai vantaggi per 25-27, aveva lasciato aperto uno spiraglio concreto. Anche <strong>il secondo <\/strong>sembrava poter portare la partita nella direzione desiderata dalle piemontesi, avanti 19-21 prima del ribaltamento turco. \u00c8 l\u00ec che la finale ha cambiato volto. Il <strong>Galatasaray ha sofferto, ha reagito quando l\u2019inerzia era sfavorevole e ha trovato la spinta per prendere in mano il match<\/strong>. Il doppio 25-18 del terzo e del quarto ha poi chiuso la corsa chierese e interrotto la serie di tre successi italiani consecutivi nella competizione (Scandicci, Chieri e Novara).<\/p>\n<p> L\u2019amarezza del dopo partita <\/p>\n<p>Per Chieri <strong>resta quindi l\u2019amarezza di una finale giocata con coraggio, ma anche la conferma di una dimensione internazionale stabile<\/strong>. Il Galatasaray, invece, legittima il successo costruito nell\u2019arco dei due confronti e centra in pieno l\u2019obiettivo minimo della propria stagione.<\/p>\n<p>A fine gara <strong>coach Negro ha individuato con chiarezza il punto di rottura della sfida<\/strong>: \u00abAbbiamo sfoggiato una grande prestazione nei primi due set. Purtroppo, per errori nostri, non siamo stati in grado di chiudere le sorti del secondo set quando eravamo in vantaggio sul 19-21. La chiave della partita \u00e8 l\u00ec. Il Galatasaray \u00e8 stato bravo a soffrire e a reagire quando l\u2019inerzia era dalla nostra parte\u00bb. Poi lo sguardo si \u00e8 spostato subito in avanti: \u00abTorniamo in Italia con amarezza per non aver raggiunto l\u2019obiettivo principale della nostra stagione. Ora <strong>abbiamo dieci giorni per preparare un\u2019altra finale, quella dei Playoff Challenge<\/strong>, per conquistare ancora un piazzamento europeo per l\u2019anno prossimo\u00bb.<\/p>\n","protected":false},"excerpt":{"rendered":"Non riesce l\u2019impresa alla Reale Mutua Fenera Chieri \u201976, che al Burhan Felek Spor Salonu di Istanbul cede&hellip;\n","protected":false},"author":3,"featured_media":435541,"comment_status":"","ping_status":"","sticky":false,"template":"","format":"standard","meta":{"footnotes":"","_share_on_mastodon":"0"},"categories":[1474],"tags":[100557,87259,1537,90,89,245,244,1869],"class_list":["post-435540","post","type-post","status-publish","format-standard","has-post-thumbnail","category-volley","tag-angelo-petrucci","tag-chieri","tag-it","tag-italia","tag-italy","tag-sport","tag-sports","tag-volley"],"share_on_mastodon":{"url":"https:\/\/pubeurope.com\/@it\/116375850091757066","error":""},"_links":{"self":[{"href":"https:\/\/www.europesays.com\/it\/wp-json\/wp\/v2\/posts\/435540","targetHints":{"allow":["GET"]}}],"collection":[{"href":"https:\/\/www.europesays.com\/it\/wp-json\/wp\/v2\/posts"}],"about":[{"href":"https:\/\/www.europesays.com\/it\/wp-json\/wp\/v2\/types\/post"}],"author":[{"embeddable":true,"href":"https:\/\/www.europesays.com\/it\/wp-json\/wp\/v2\/users\/3"}],"replies":[{"embeddable":true,"href":"https:\/\/www.europesays.com\/it\/wp-json\/wp\/v2\/comments?post=435540"}],"version-history":[{"count":0,"href":"https:\/\/www.europesays.com\/it\/wp-json\/wp\/v2\/posts\/435540\/revisions"}],"wp:featuredmedia":[{"embeddable":true,"href":"https:\/\/www.europesays.com\/it\/wp-json\/wp\/v2\/media\/435541"}],"wp:attachment":[{"href":"https:\/\/www.europesays.com\/it\/wp-json\/wp\/v2\/media?parent=435540"}],"wp:term":[{"taxonomy":"category","embeddable":true,"href":"https:\/\/www.europesays.com\/it\/wp-json\/wp\/v2\/categories?post=435540"},{"taxonomy":"post_tag","embeddable":true,"href":"https:\/\/www.europesays.com\/it\/wp-json\/wp\/v2\/tags?post=435540"}],"curies":[{"name":"wp","href":"https:\/\/api.w.org\/{rel}","templated":true}]}}