{"id":435552,"date":"2026-04-09T17:16:13","date_gmt":"2026-04-09T17:16:13","guid":{"rendered":"https:\/\/www.europesays.com\/it\/435552\/"},"modified":"2026-04-09T17:16:13","modified_gmt":"2026-04-09T17:16:13","slug":"il-riposo-della-pastorella-restituito-al-comune","status":"publish","type":"post","link":"https:\/\/www.europesays.com\/it\/435552\/","title":{"rendered":"il \u00abRiposo della pastorella\u00bb restituito al Comune"},"content":{"rendered":"<p><strong><a href=\"https:\/\/www.ilgazzettino.it\/t\/feltre\" rel=\"nofollow noopener\" target=\"_blank\">FELTRE<\/a><\/strong> (BELLUNO) &#8211; Il\u00a0\u00abRiposo della pastorella\u00bb torna al Comune di Feltre dopo pi\u00f9 di cinquant&#8217;anni. L&#8217;opera, rubata nel 1972, \u00e8 stata recuperata grazie a un sistema di <strong><a href=\"https:\/\/www.ilgazzettino.it\/t\/intelligenza-artificiale\" rel=\"nofollow noopener\" target=\"_blank\">intelligenza artificiale<\/a><\/strong>, lo\u00a0Stolen Works of Art Detection System (Swoads), che monitora\u00a0il web e i social alla ricerca di opere d&#8217;arte rubate e le confronta con quelle conservate nella banca dati dei beni culturali illecitamente sottratti.\u00a0Si tratta del pi\u00f9 grande archivio al mondo di beni d&#8217;arte rubati, con informazioni su oltre 7 milioni di oggetti censiti.\u00a0<\/p>\n<p>Le indagini<\/p>\n<p>Le indagini, coordinate dalla Procura di Vercelli, hanno utilizzato questa tecnologia per reperire informazioni sull&#8217;opera. I successivi accertamenti hanno portato al sequestro del <strong><a href=\"https:\/\/www.ilgazzettino.it\/t\/dipinto\" rel=\"nofollow noopener\" target=\"_blank\">dipinto<\/a><\/strong>, messo in vendita\u00a0da una persona che \u00e8 risultata essere in buona fede, e alla ricostruzione della provenienza del quadro.<\/p>\n<p>La perizia effettuata dalla Galleria d&#8217;Arte Moderna Carlo Rizzarda ha confermato l&#8217;autenticit\u00e0 del dipinto, sottratto proprio da l\u00ec nel 1972 durante un furto che port\u00f2 alla chiusura temporanea del museo, poi riaperto con un nuovo allestimento nel 2001. <\/p>\n<p>La restituzione \u00e8 avvenuta nella stessa Galleria d&#8217;Arte, alla presenza anche dell&#8217;assessore alla Cultura del Comune di Feltre.\u00a0                        <\/p>\n","protected":false},"excerpt":{"rendered":"FELTRE (BELLUNO) &#8211; Il\u00a0\u00abRiposo della pastorella\u00bb torna al Comune di Feltre dopo pi\u00f9 di cinquant&#8217;anni. L&#8217;opera, rubata nel&hellip;\n","protected":false},"author":3,"featured_media":435553,"comment_status":"","ping_status":"","sticky":false,"template":"","format":"standard","meta":{"footnotes":"","_share_on_mastodon":"0"},"categories":[1446],"tags":[1615,1613,1614,1611,1610,1612,3944,203,38112,668,204,1537,90,89],"class_list":["post-435552","post","type-post","status-publish","format-standard","has-post-thumbnail","category-arte-e-design","tag-arte","tag-arte-e-design","tag-arteedesign","tag-arts","tag-arts-and-design","tag-design","tag-dipinto","tag-entertainment","tag-feltre","tag-intelligenza-artificiale","tag-intrattenimento","tag-it","tag-italia","tag-italy"],"share_on_mastodon":{"url":"https:\/\/pubeurope.com\/@it\/116375885274181249","error":""},"_links":{"self":[{"href":"https:\/\/www.europesays.com\/it\/wp-json\/wp\/v2\/posts\/435552","targetHints":{"allow":["GET"]}}],"collection":[{"href":"https:\/\/www.europesays.com\/it\/wp-json\/wp\/v2\/posts"}],"about":[{"href":"https:\/\/www.europesays.com\/it\/wp-json\/wp\/v2\/types\/post"}],"author":[{"embeddable":true,"href":"https:\/\/www.europesays.com\/it\/wp-json\/wp\/v2\/users\/3"}],"replies":[{"embeddable":true,"href":"https:\/\/www.europesays.com\/it\/wp-json\/wp\/v2\/comments?post=435552"}],"version-history":[{"count":0,"href":"https:\/\/www.europesays.com\/it\/wp-json\/wp\/v2\/posts\/435552\/revisions"}],"wp:featuredmedia":[{"embeddable":true,"href":"https:\/\/www.europesays.com\/it\/wp-json\/wp\/v2\/media\/435553"}],"wp:attachment":[{"href":"https:\/\/www.europesays.com\/it\/wp-json\/wp\/v2\/media?parent=435552"}],"wp:term":[{"taxonomy":"category","embeddable":true,"href":"https:\/\/www.europesays.com\/it\/wp-json\/wp\/v2\/categories?post=435552"},{"taxonomy":"post_tag","embeddable":true,"href":"https:\/\/www.europesays.com\/it\/wp-json\/wp\/v2\/tags?post=435552"}],"curies":[{"name":"wp","href":"https:\/\/api.w.org\/{rel}","templated":true}]}}