{"id":435562,"date":"2026-04-09T17:22:13","date_gmt":"2026-04-09T17:22:13","guid":{"rendered":"https:\/\/www.europesays.com\/it\/435562\/"},"modified":"2026-04-09T17:22:13","modified_gmt":"2026-04-09T17:22:13","slug":"allarme-escherichia-coli-ritirati-lotti-di-tagliata-di-scottona-nei-supermercati-coop-e-lidl","status":"publish","type":"post","link":"https:\/\/www.europesays.com\/it\/435562\/","title":{"rendered":"Allarme Escherichia Coli, ritirati lotti di tagliata di Scottona nei supermercati Coop e Lidl"},"content":{"rendered":"<p>La carne dei marchi Dedicarne e Dedicarne-Lidl \u00e8 stata richiamata dal Ministero della Salute per una presunta non conformit\u00e0 microbiologica. Coinvolti tre lotti prodotti da T\u00f6nnies Fleisch Italia nello stabilimento di Vignola, con scadenze tra il 2 e il 14 aprile 2026. I consumatori sono invitati a non consumare il prodotto e a restituirlo al punto vendita per il rimborso<\/p>\n<p>Il Ministero della Salute ha diffuso un nuovo avviso di richiamo che riguarda alcuni lotti di tagliata di scottona distribuiti dai supermercati Coop e Lidl. La motivazione ufficiale \u00e8 una &#8220;presunta non conformit\u00e0 di tipo microbiologico&#8221;, mentre nelle informazioni diffuse dalla distribuzione viene indicata una possibile contaminazione da Escherichia coli produttore di tossina Shiga (STEC). Il prodotto interessato \u00e8 stato realizzato da\u00a0T\u00f6nnies Fleisch Italia Srl, nello stabilimento di Vignola (Modena), identificato dal marchio CE IT Q0B2J. Le confezioni coinvolte hanno un peso di circa 300 grammi.<\/p>\n<p>\t\t\tProdotti e lotti coinvolti<\/p>\n<p>Il richiamo riguarda la tagliata di scottona commercializzata con i marchi Dedicarne e Dedicarne &#8211; Lidl. Le caretteristiche del prodotto sono:\u00a0denominazione di vendita tagliata di scottona;\u00a0marchio del prodotto Dedicarne \/ Dedicarne \u2013 Lidl;\u00a0produttore T\u00f6nnies Fleisch Italia Srl;\u00a0marchio di identificazione dello stabilimento CE IT Q0B2J;\u00a0peso unitario circa 300 grammi;\u00a0motivo del richiamo presunta non conformit\u00e0 di tipo microbiologico.<\/p>\n<p>I lotti ritirati sono: lotto 101158, con data di scadenza 02\/04\/2026;\u00a0lotto 102294, con data di scadenza 13\/04\/2026;\u00a0lotto 102444, con data di scadenza 14\/04\/2026. Il richiamo \u00e8 stato disposto in via precauzionale, con l&#8217;invito a non consumare il prodotto se appartenente ai lotti indicati.\u00a0<\/p>\n<p>\t\t\tCome restituire il prodotto e ottenere il rimborso\u00a0<\/p>\n<p>I consumatori che hanno acquistato la tagliata di scottona possono verificare numero di lotto e data di scadenza direttamente sulla confezione. Se il prodotto corrisponde a uno dei lotti richiamati, non deve essere consumato e pu\u00f2 essere riportato al punto vendita per ottenere il rimborso, anche se la confezione \u00e8 integra. Le comunicazioni ufficiali invitano i clienti a controllare con attenzione l&#8217;etichetta, soprattutto se l&#8217;acquisto \u00e8 avvenuto nei giorni immediatamente precedenti alla pubblicazione del richiamo.\u00a0<\/p>\n<p>\t\t \tIl rischio microbiologico: cosa sapere<\/p>\n<p>La segnalazione riguarda una possibile contaminazione da\u00a0Escherichia coli STEC, un batterio capace di produrre tossine responsabili di disturbi gastrointestinali. I sintomi pi\u00f9 comuni includono: diarrea; crampi addominali; nausea; febbre lieve o moderata. Il richiamo \u00e8 stato attivato come misura preventiva per ridurre l&#8217;esposizione dei consumatori a un potenziale rischio microbiologico.<\/p>\n<p>\t\t\t<a class=\"c-inline-card j-inline-card c-inline-card--with-image\" href=\"https:\/\/tg24.sky.it\/salute-e-benessere\/2026\/03\/20\/alzheimer-consumo-carne-studio\" rel=\"follow nofollow noopener\" data-intcmp=\"skytg24_articolo_approfondimenti_inline\" target=\"_blank\"><\/p>\n<p>\t\t\t         <img decoding=\"async\" crossorigin=\"anonymous\" alt=\"\" src=\"https:\/\/www.europesays.com\/it\/wp-content\/uploads\/2026\/04\/01_ipa_carne_rossa.jpg\"  loading=\"lazy\"  bad-src=\"https:\/\/www.europesays.com\/it\/wp-content\/uploads\/2026\/04\/01_ipa_carne_rossa.jpg\"\/><\/p>\n<p>\n\t\t\t         Potrebbe interessarti<br \/>\n\t\t\t         Consumo di carne e rischio di Alzheimer: nuove evidenze\n\t\t\t      <\/p>\n<p>\t\t\t<\/a><\/p>\n<p>\t            TAG:<\/p>\n","protected":false},"excerpt":{"rendered":"La carne dei marchi Dedicarne e Dedicarne-Lidl \u00e8 stata richiamata dal Ministero della Salute per una presunta non&hellip;\n","protected":false},"author":3,"featured_media":435563,"comment_status":"","ping_status":"","sticky":false,"template":"","format":"standard","meta":{"footnotes":"","_share_on_mastodon":"0"},"categories":[175],"tags":[5041,364,56788,239,1537,90,89,1738,240,10292],"class_list":["post-435562","post","type-post","status-publish","format-standard","has-post-thumbnail","category-salute","tag-carne","tag-collaboratori","tag-coop","tag-health","tag-it","tag-italia","tag-italy","tag-ritiro","tag-salute","tag-supermercati"],"share_on_mastodon":{"url":"https:\/\/pubeurope.com\/@it\/116375908961167304","error":""},"_links":{"self":[{"href":"https:\/\/www.europesays.com\/it\/wp-json\/wp\/v2\/posts\/435562","targetHints":{"allow":["GET"]}}],"collection":[{"href":"https:\/\/www.europesays.com\/it\/wp-json\/wp\/v2\/posts"}],"about":[{"href":"https:\/\/www.europesays.com\/it\/wp-json\/wp\/v2\/types\/post"}],"author":[{"embeddable":true,"href":"https:\/\/www.europesays.com\/it\/wp-json\/wp\/v2\/users\/3"}],"replies":[{"embeddable":true,"href":"https:\/\/www.europesays.com\/it\/wp-json\/wp\/v2\/comments?post=435562"}],"version-history":[{"count":0,"href":"https:\/\/www.europesays.com\/it\/wp-json\/wp\/v2\/posts\/435562\/revisions"}],"wp:featuredmedia":[{"embeddable":true,"href":"https:\/\/www.europesays.com\/it\/wp-json\/wp\/v2\/media\/435563"}],"wp:attachment":[{"href":"https:\/\/www.europesays.com\/it\/wp-json\/wp\/v2\/media?parent=435562"}],"wp:term":[{"taxonomy":"category","embeddable":true,"href":"https:\/\/www.europesays.com\/it\/wp-json\/wp\/v2\/categories?post=435562"},{"taxonomy":"post_tag","embeddable":true,"href":"https:\/\/www.europesays.com\/it\/wp-json\/wp\/v2\/tags?post=435562"}],"curies":[{"name":"wp","href":"https:\/\/api.w.org\/{rel}","templated":true}]}}