{"id":435843,"date":"2026-04-09T21:33:13","date_gmt":"2026-04-09T21:33:13","guid":{"rendered":"https:\/\/www.europesays.com\/it\/435843\/"},"modified":"2026-04-09T21:33:13","modified_gmt":"2026-04-09T21:33:13","slug":"nomine-delle-partecipate-di-stato-accordo-su-questi-nomi","status":"publish","type":"post","link":"https:\/\/www.europesays.com\/it\/435843\/","title":{"rendered":"Nomine delle partecipate di stato: accordo su questi nomi"},"content":{"rendered":"<p>Il governo trova l&#8217;intesa sulla partecipate di stato. I nomi sarebbero questi: Claudio Descalzi confermato come\u00a0 amministratore delegato di Eni,\u00a0 Giuseppina Di Foggia verso la presidenza. A Terna il ticket sar\u00e0: Pasqualino Monti ad con Stefano Cuzzilla presidente. A Leonardo esce Roberto Cingolani, al suo posto Lorenzo Mariani. Presidente dovrebbe essere Francesco Macr\u00ec. A Enav la presidenza \u00e8 destinata a Sandro Pappalardo mentre il ruolo di ad \u00e8 per Igor De Biasio. A Enel confermato Paolo Scaroni presidente e Flavio Cattaneo come ad.\u00a0<\/p>\n","protected":false},"excerpt":{"rendered":"Il governo trova l&#8217;intesa sulla partecipate di stato. I nomi sarebbero questi: Claudio Descalzi confermato come\u00a0 amministratore delegato&hellip;\n","protected":false},"author":3,"featured_media":435844,"comment_status":"","ping_status":"","sticky":false,"template":"","format":"standard","meta":{"footnotes":"","_share_on_mastodon":"0"},"categories":[6],"tags":[14,5279,8,1537,90,89,7,18534,15,82,9,83,10,246463,477,13,11,80,84,12,81,85],"class_list":["post-435843","post","type-post","status-publish","format-standard","has-post-thumbnail","category-ultime-notizie","tag-cronaca","tag-governo-meloni","tag-headlines","tag-it","tag-italia","tag-italy","tag-news","tag-nomine","tag-notizie","tag-notizie-di-cronaca","tag-notizie-principali","tag-notiziedicronaca","tag-notizieprincipali","tag-partecipate-pubbliche","tag-politica","tag-titoli","tag-ultime-notizie","tag-ultime-notizie-di-cronaca","tag-ultime-notizie-e-news-di-oggi","tag-ultimenotizie","tag-ultimenotiziedicronaca","tag-ultimenotizieenewsdioggi"],"share_on_mastodon":{"url":"https:\/\/pubeurope.com\/@it\/116376895836971593","error":""},"_links":{"self":[{"href":"https:\/\/www.europesays.com\/it\/wp-json\/wp\/v2\/posts\/435843","targetHints":{"allow":["GET"]}}],"collection":[{"href":"https:\/\/www.europesays.com\/it\/wp-json\/wp\/v2\/posts"}],"about":[{"href":"https:\/\/www.europesays.com\/it\/wp-json\/wp\/v2\/types\/post"}],"author":[{"embeddable":true,"href":"https:\/\/www.europesays.com\/it\/wp-json\/wp\/v2\/users\/3"}],"replies":[{"embeddable":true,"href":"https:\/\/www.europesays.com\/it\/wp-json\/wp\/v2\/comments?post=435843"}],"version-history":[{"count":0,"href":"https:\/\/www.europesays.com\/it\/wp-json\/wp\/v2\/posts\/435843\/revisions"}],"wp:featuredmedia":[{"embeddable":true,"href":"https:\/\/www.europesays.com\/it\/wp-json\/wp\/v2\/media\/435844"}],"wp:attachment":[{"href":"https:\/\/www.europesays.com\/it\/wp-json\/wp\/v2\/media?parent=435843"}],"wp:term":[{"taxonomy":"category","embeddable":true,"href":"https:\/\/www.europesays.com\/it\/wp-json\/wp\/v2\/categories?post=435843"},{"taxonomy":"post_tag","embeddable":true,"href":"https:\/\/www.europesays.com\/it\/wp-json\/wp\/v2\/tags?post=435843"}],"curies":[{"name":"wp","href":"https:\/\/api.w.org\/{rel}","templated":true}]}}