{"id":435937,"date":"2026-04-09T23:07:16","date_gmt":"2026-04-09T23:07:16","guid":{"rendered":"https:\/\/www.europesays.com\/it\/435937\/"},"modified":"2026-04-09T23:07:16","modified_gmt":"2026-04-09T23:07:16","slug":"milan-occasione-lewandowski-il-polacco-si-propone","status":"publish","type":"post","link":"https:\/\/www.europesays.com\/it\/435937\/","title":{"rendered":"Milan, occasione Lewandowski, il polacco si propone"},"content":{"rendered":"<p>                                Il polacco \u00e8 in scadenza col Barcellona e vuole un&#8217;altra sfida in una grande citt\u00e0 d&#8217;Europa. I rossoneri lo acquisterebbero senza pagare il costo del cartellino<\/p>\n<p>            <a class=\"image is-50x50\" href=\"https:\/\/www.gazzetta.it\/redazione\/alessandra-gozzini\/\" rel=\"nofollow noopener\" target=\"_blank\"><br \/>\n                <img decoding=\"async\" class=\"is-rounded\" src=\"https:\/\/www.europesays.com\/it\/wp-content\/uploads\/2025\/10\/1760166911_443_omino.png\" alt=\"Alessandra Gozzini\"\/><br \/>\n            <\/a><\/p>\n<p>Giornalista<\/p>\n<p>                    10 aprile &#8211; 00:06  &#8211; MILANO<\/p>\n<p class=\"paragraph\" spellcheck=\"true\">Per risollevare anche le ambizioni europee, dopo la risalita in campionato, il Milan avr\u00e0 bisogno di un centravanti di fama internazionale: la notoriet\u00e0 di Robert Lewandowski \u00e8 dovuta ai suoi gol in giro per il continente, con particolare concentrazione tra Germania e Spagna. Solo tra Bundesliga e Liga il centravanti ne ha sparsi 565, un volume esponenzialmente maggiore di quello prodotto dagli attuali attaccanti rossoneri. Il vuoto d\u2019area sarebbe cos\u00ec riempito eccome: nella stagione in cui ha compiuto 37 anni, Lewandowski ha gi\u00e0 segnato dodici gol in campionato, pi\u00f9 di tutte le punte del Milan ancora in cerca della doppia cifra. Il pi\u00f9 vicino \u00e8 Leao a quota 9, segue Pulisic a 8. I numeri sono determinanti: quelli dei gol per dichiarare la crisi rossonera, quelli di Robert per eleggerlo bomber di prima fascia. Ci sono poi altre cifre, come quella dell\u2019et\u00e0: Lewandowski \u00e8 nato a Varsavia nell\u2019agosto del 1988, di soli tre anni pi\u00f9 giovane del quarantenne Modric. Nelle difficolt\u00e0 del mercato dei centravanti, i grandi cannonieri scarseggiano e quei pochi sono pagati a carissimo prezzo, potrebbe rappresentare un\u2019occasione. Il contratto del polacco con il Barcellona va verso la scadenza in estate: il Milan lo ingaggerebbe senza spese di cartellino. E\u2019 per questo che i manager dell\u2019attaccante sono al lavoro per sondare nuove opportunit\u00e0: dopo Monaco e Barcellona, Lewa vuole un\u2019altra grande piazza europea e Milano lo \u00e8. Dire che Lewandowski si sta offrendo quasi sminuisce il suo grande fascino, di certo \u00e8 in cerca di un\u2019altra grande sfida. Il Milan che punta al rilancio internazionale, di nuovo, lo \u00e8: motivo per cui Robert ha scelto di farsi avanti. In Italia potrebbe scegliere anche la Juventus, da tempo interessata.\u00a0<\/p>\n<p>    la storia\u2014 \u00a0<\/p>\n<p class=\"paragraph is-inline\" spellcheck=\"true\">I costi restano alti nell\u2019ingaggio ma i rossoneri faranno i loro conti. Lewandowski aggiungerebbe un consistente carico di gol e di esperienza: dopo gli esordi in Polonia, dal 2010 \u00e8 al Borussia Dortmund con cui firma i primi 103 gol nei tornei europei pi\u00f9 importanti. Quattro anni dopo passa, da svincolato, al Bayern Monaco: 344 gol in Baviera. Ai vari titoli nazionali gi\u00e0 in bacheca qui aggiunge anche Champions League, Supercoppa Europea e Coppa del mondo per club. Dal 2022 al Barcellona, ha segnato altri 118 gol. Resta  il terzo miglior marcatore della Champions, alle spalle dei soli Cristiano Ronaldo e Leo Messi. Altre 89 reti con la nazionale polacca di cui \u00e8 primatista di presenze, 165. Ha vinto in un\u2019occasione la classifica marcatori del campionato polacco, per sette volte quella della Bundesliga e in un\u2019altra \u00e8 stato il re dei marcatori spagnoli, oltre che di una edizione della Champions. A breve termine, data l\u2019et\u00e0, ma di certo  risolverebbe all\u2019istante la crisi del gol che affligge il Milan e che in stagione  ha finito per  limitarne le ambizioni.\u00a0<\/p>\n<p><a class=\"is-partner-link\" href=\"https:\/\/abbonamenti.gazzetta.it\/gall-promo-130anni-gazzetta\/?pwcmp=cta&amp;forceBrowser=true\" rel=\"nofollow noopener\" target=\"_blank\">Festeggia i 130 anni de La Gazzetta dello Sport! Abbonati a G ALL a solo 1,30\u20ac\/mese. Valida per pochi giorni!<\/a><\/p>\n<p>    in bilico\u2014 \u00a0<\/p>\n<p class=\"paragraph is-inline\" spellcheck=\"true\">La difesa ha ritrovato solidit\u00e0 con il lavoro di Max, al contrario  la produzione offensiva \u00e8 stata spesso scarsa. Leao e Pulisic, da coppia dei sogni in estate (quando i tifosi rossoneri potevano immaginarli letali in ripartenza) si sono rivelati simboli del grande rimpianto: quello che poteva essere non \u00e8 stato, Rafa e Chris si sono alternati in campo (l\u2019altra met\u00e0 del tempo trascorsa in infermeria) e di corse in velocit\u00e0 verso la porta avversaria, con i tifosi a trattenere il respiro, restano pochi ricordi. Il respiro si \u00e8 fatto anzi ancora affannato nell\u2019ultimo periodo: Rafa non segna da oltre un mese, Pulisic da fine 2025.  Leao ha una clausola da 170 milioni, cifra oggi distante dal valore reale, e potrebbe essere  oggetto di trattativa per molto meno, magari sui 70-80 milioni. Pulisic, da gemello del gol, ha pian piano cambiato i connotati: \u00e8 un attaccante che non segna da  dicembre scorso. Un 2026 senza gioie. L\u2019ultimo tentativo \u00e8 quello di recuperarlo almeno come uomo assist, cio\u00e8 da esterno in un Milan a tre punte. Pulisic aveva messo insieme gli otto gol in campionato da agosto a dicembre, parziale mai pi\u00f9 aggiornato. Superati i cento giorni di digiuno. Insieme alla strada del gol, si \u00e8 smarrita quella che porta a Casa Milan, prima indicata come prossima tappa per la firma sul rinnovo. Chris \u00e8 legato al Milan fino all\u2019estate del 2027, con ulteriore opzione di prolungamento annuale. Il nuovo contratto  pareva imminente,  poi \u00e8 stato sempre posticipato fino a perdersi in un orizzonte lontano e chiss\u00e0 se torner\u00e0 mai d\u2019attualit\u00e0.<\/p>\n<p class=\"is-copyright\">\u00a9 RIPRODUZIONE RISERVATA<\/p>\n","protected":false},"excerpt":{"rendered":"Il polacco \u00e8 in scadenza col Barcellona e vuole un&#8217;altra sfida in una grande citt\u00e0 d&#8217;Europa. I rossoneri&hellip;\n","protected":false},"author":3,"featured_media":435938,"comment_status":"","ping_status":"","sticky":false,"template":"","format":"standard","meta":{"footnotes":"","_share_on_mastodon":"0"},"categories":[1452],"tags":[2699,2537,246493,1495,12746,562,351,8237,721,1856,2859,12837,1053,1969,12277,5370,6693,7714,1888,1533,2152,2697,7218,1740,1976,149185,832,1537,90,89,8007,67723,55312,553,20782,3205,2466,6838,98,13196,67693,1990,34706,900,13284,3094,1438,11514,22850,3461,1739,21317,245,244,577],"class_list":["post-435937","post","type-post","status-publish","format-standard","has-post-thumbnail","category-calcio","tag-agosto","tag-altra","tag-altra-sfida","tag-altre","tag-ambizioni","tag-attaccante","tag-barcellona","tag-bundesliga","tag-calcio","tag-campionato","tag-cartellino","tag-centravanti","tag-cerca","tag-champions","tag-chris","tag-cifra","tag-contratto","tag-crisi","tag-dicembre","tag-estate","tag-eta","tag-europea","tag-firma","tag-football","tag-gol","tag-gol-campionato","tag-internazionale","tag-it","tag-italia","tag-italy","tag-leao","tag-lewandowski","tag-marcatori","tag-milan","tag-monaco","tag-occasione","tag-pochi","tag-polacco","tag-porta","tag-pulisic","tag-punte","tag-rafa","tag-respiro","tag-restano","tag-robert","tag-rossoneri","tag-scadenza","tag-segna","tag-segnato","tag-sfida","tag-soccer","tag-soli","tag-sport","tag-sports","tag-stagione"],"share_on_mastodon":{"url":"","error":"Validation failed: Text character limit of 500 exceeded"},"_links":{"self":[{"href":"https:\/\/www.europesays.com\/it\/wp-json\/wp\/v2\/posts\/435937","targetHints":{"allow":["GET"]}}],"collection":[{"href":"https:\/\/www.europesays.com\/it\/wp-json\/wp\/v2\/posts"}],"about":[{"href":"https:\/\/www.europesays.com\/it\/wp-json\/wp\/v2\/types\/post"}],"author":[{"embeddable":true,"href":"https:\/\/www.europesays.com\/it\/wp-json\/wp\/v2\/users\/3"}],"replies":[{"embeddable":true,"href":"https:\/\/www.europesays.com\/it\/wp-json\/wp\/v2\/comments?post=435937"}],"version-history":[{"count":0,"href":"https:\/\/www.europesays.com\/it\/wp-json\/wp\/v2\/posts\/435937\/revisions"}],"wp:featuredmedia":[{"embeddable":true,"href":"https:\/\/www.europesays.com\/it\/wp-json\/wp\/v2\/media\/435938"}],"wp:attachment":[{"href":"https:\/\/www.europesays.com\/it\/wp-json\/wp\/v2\/media?parent=435937"}],"wp:term":[{"taxonomy":"category","embeddable":true,"href":"https:\/\/www.europesays.com\/it\/wp-json\/wp\/v2\/categories?post=435937"},{"taxonomy":"post_tag","embeddable":true,"href":"https:\/\/www.europesays.com\/it\/wp-json\/wp\/v2\/tags?post=435937"}],"curies":[{"name":"wp","href":"https:\/\/api.w.org\/{rel}","templated":true}]}}