{"id":436175,"date":"2026-04-10T02:43:16","date_gmt":"2026-04-10T02:43:16","guid":{"rendered":"https:\/\/www.europesays.com\/it\/436175\/"},"modified":"2026-04-10T02:43:16","modified_gmt":"2026-04-10T02:43:16","slug":"dribbling-74-su-100-non-previsti-nel-3-5-2-su-200-solo-8-italiani-il-primo","status":"publish","type":"post","link":"https:\/\/www.europesays.com\/it\/436175\/","title":{"rendered":"Dribbling, 74 su 100 non previsti nel 3-5-2. Su 200 solo 8 italiani: il primo&#8230;"},"content":{"rendered":"<p>L\u2019analisi proposta da Sky Sport accende i riflettori su un dato sempre pi\u00f9 centrale nel calcio moderno: la capacit\u00e0 di saltare l\u2019uomo<\/p>\n<p>L\u2019analisi proposta da Sky Sport accende i riflettori su un dato sempre pi\u00f9 centrale nel calcio moderno: la capacit\u00e0 di saltare l\u2019uomo.I numeri relativi ai top 5 campionati europei raccontano una tendenza chiara e ormai consolidata. Nei primi 100 giocatori per dribbling, ben 59 sono esterni offensivi. Un dominio netto, che conferma quanto il gioco sulle fasce sia oggi decisivo.<\/p>\n<p>A questi si aggiungono 15 trequartisti, altra categoria naturalmente portata all\u2019uno contro uno. Molto pi\u00f9 ridotta invece la presenza di attaccanti puri e centrocampisti centrali. Il dato suggerisce una specializzazione sempre pi\u00f9 marcata dei ruoli offensivi. Ruoli che, per esempio, non sono presenti nel 3-5-2 tanto in voga in Italia.<\/p>\n<p>Se si allarga lo sguardo ai primi 200, emerge per\u00f2 un altro tema: il peso dell\u2019Italia. Gli italiani presenti sono soltanto 8, un numero decisamente basso rispetto alle altre nazioni. Il migliore \u00e8 Palestra, che occupa appena la 56\u00aa posizione. Un piazzamento che evidenzia un gap tecnico evidente nel dribbling rispetto ad altri paesi.<\/p>\n<p>Ancora pi\u00f9 significativo \u00e8 il dato sui convocati. Tra questi otto italiani, solo due sono stati chiamati e nello stesso ruolo: <strong><a href=\"https:\/\/www.fcinter1908.it\/calciomercato\/mercato-inter\/musmarra-nome-verificato\/\" rel=\"nofollow noopener\" target=\"_blank\">Palestra<\/a><\/strong> e Politano. Una coincidenza che rafforza l\u2019idea di una produzione limitata e poco diversificata.<\/p>\n<p><strong>Il confronto internazionale \u00e8 impietoso<\/strong><\/p>\n<p>La Spagna guida con 30 giocatori nei primi 200, seguita dalla Francia con 27. Anche l\u2019Inghilterra si difende con 20 presenze.Numeri che riflettono sistemi di formazione pi\u00f9 orientati all\u2019uno contro uno. L\u2019Italia, invece, sembra ancora legata a un calcio pi\u00f9 strutturato e meno individuale. In un contesto sempre pi\u00f9 dinamico e creativo, questo potrebbe rappresentare un limite. La sfida per il futuro sar\u00e0 colmare questo divario tecnico senza perdere equilibrio tattico.<\/p>\n<p class=\"is-copyright\">\u00a9 RIPRODUZIONE RISERVATA<\/p>\n","protected":false},"excerpt":{"rendered":"L\u2019analisi proposta da Sky Sport accende i riflettori su un dato sempre pi\u00f9 centrale nel calcio moderno: la&hellip;\n","protected":false},"author":3,"featured_media":436176,"comment_status":"","ping_status":"","sticky":false,"template":"","format":"standard","meta":{"footnotes":"","_share_on_mastodon":"0"},"categories":[1452],"tags":[2108,246564,246565,5143,246566,246567,721,246568,246569,1039,21523,925,246570,246571,1277,45901,1740,3412,1537,90,627,89,3338,1739,245,244],"class_list":["post-436175","post","type-post","status-publish","format-standard","has-post-thumbnail","category-calcio","tag-accende","tag-accende-riflettori","tag-accende-riflettori-dato","tag-analisi","tag-analisi-proposta","tag-analisi-proposta-sky","tag-calcio","tag-calcio-moderno","tag-calcio-moderno-capacita","tag-capacita","tag-capacita-saltare","tag-centrale","tag-centrale-calcio","tag-centrale-calcio-moderno","tag-dato","tag-dribbling","tag-football","tag-giocatori","tag-it","tag-italia","tag-italiani","tag-italy","tag-primi","tag-soccer","tag-sport","tag-sports"],"share_on_mastodon":{"url":"https:\/\/pubeurope.com\/@it\/116378114813169160","error":""},"_links":{"self":[{"href":"https:\/\/www.europesays.com\/it\/wp-json\/wp\/v2\/posts\/436175","targetHints":{"allow":["GET"]}}],"collection":[{"href":"https:\/\/www.europesays.com\/it\/wp-json\/wp\/v2\/posts"}],"about":[{"href":"https:\/\/www.europesays.com\/it\/wp-json\/wp\/v2\/types\/post"}],"author":[{"embeddable":true,"href":"https:\/\/www.europesays.com\/it\/wp-json\/wp\/v2\/users\/3"}],"replies":[{"embeddable":true,"href":"https:\/\/www.europesays.com\/it\/wp-json\/wp\/v2\/comments?post=436175"}],"version-history":[{"count":0,"href":"https:\/\/www.europesays.com\/it\/wp-json\/wp\/v2\/posts\/436175\/revisions"}],"wp:featuredmedia":[{"embeddable":true,"href":"https:\/\/www.europesays.com\/it\/wp-json\/wp\/v2\/media\/436176"}],"wp:attachment":[{"href":"https:\/\/www.europesays.com\/it\/wp-json\/wp\/v2\/media?parent=436175"}],"wp:term":[{"taxonomy":"category","embeddable":true,"href":"https:\/\/www.europesays.com\/it\/wp-json\/wp\/v2\/categories?post=436175"},{"taxonomy":"post_tag","embeddable":true,"href":"https:\/\/www.europesays.com\/it\/wp-json\/wp\/v2\/tags?post=436175"}],"curies":[{"name":"wp","href":"https:\/\/api.w.org\/{rel}","templated":true}]}}