{"id":4362,"date":"2025-07-24T00:57:10","date_gmt":"2025-07-24T00:57:10","guid":{"rendered":"https:\/\/www.europesays.com\/it\/4362\/"},"modified":"2025-07-24T00:57:10","modified_gmt":"2025-07-24T00:57:10","slug":"francesca-michielin-contro-il-body-shaming-basta-commentare-il-corpo-delle-donne-a-me-ormai-non-frega-niente-ma-penso-alle-ragazze-piu-giovani","status":"publish","type":"post","link":"https:\/\/www.europesays.com\/it\/4362\/","title":{"rendered":"Francesca Michielin contro il body shaming: \u00abBasta commentare il corpo delle donne. A me ormai non frega niente, ma penso alle ragazze pi\u00f9 giovani\u00bb"},"content":{"rendered":"<p class=\"has-dropcap\">Francesca Michielin ha deciso di non restare in silenzio. Di fronte all\u2019ennesimo commento gratuito sul suo aspetto fisico, la cantautrice ha risposto con decisione, parlando non solo per s\u00e9, ma anche per le altre ragazze e donne che subiscono il body shaming. \u00abLa dovete smettere\u00bb, ha scritto su X, pubblicando il frame di un messaggio privato ricevuto sui social, in cui <strong>un utente l\u2019attaccava per il suo corpo dopo averla vista indossare dei pantaloncini<\/strong> in un video.<\/p>\n<p>Il messaggio diceva: \u00abRagazza <strong>sei troppo giovane per mettere su chili,<\/strong> datti una regolata e mettiti nelle mani di una buona nutrizionista. Comunque fai come ti pare, ciao\u00bb.<\/p>\n<p>Un commento che ha fatto esplodere l\u2019indignazione dell\u2019artista, gi\u00e0 in passato bersaglio di osservazioni offensive e non richieste. Ma stavolta Francesca Michielin ha voluto reagire pubblicamente. E lo ha fatto per smascherare <strong>una mentalit\u00e0 ancora troppo radicata: quella di chi si sente in diritto di giudicare il corpo femminile<\/strong>, come se fosse un bene pubblico.<\/p>\n<p>\u00abA me ormai non frega niente, perch\u00e9 so cosa il mio corpo ha vissuto e ho le spalle abbastanza larghe, ma penso alle tante ragazze giovani che ricevono e leggono questi commenti\u00bb, ha scritto. <strong>\u00abAndaste a f4ncul0 (o in terapia, cos\u00ec non dobbiamo andarci noi per colpa vostra)<\/strong>\u00bb.<\/p>\n<p>X content<\/p>\n<p>This content can also be viewed on the site it <a href=\"https:\/\/twitter.com\/francescacheeks\/status\/1947631188601868414\" target=\"_blank\" rel=\"nofollow noreferrer noopener\" aria-label=\"Opens in a new window\" class=\"BaseWrap-sc-gzmcOU BaseText-eqOrNE BaseLink-eTpkqh ConsentBannerLink-dEGWLe deqABF cPEMFS upmqy\">originates<\/a> from.<\/p>\n<p>Non \u00e8 la prima volta che Francesca Michielin <a href=\"https:\/\/www.vanityfair.it\/article\/vanity-fair-stories-francesca-michielin-violenza-donne-carriera\" target=\"_blank\" rel=\"nofollow noopener\">prende posizione con parole nette<\/a>, ma qui il punto non \u00e8 soltanto personale. Lo chiarisce lei stessa in un ulteriore commento: \u00abIo potrei essere in forma come no, avere 5 chili in meno o 10 in pi\u00f9 per millemila motivi personali, ma <strong>\u00e8 proprio il commentare il corpo di una donna che non capisco!<\/strong>\u00bb.<\/p>\n<p>Una riflessione che tocca <strong>una ferita collettiva.<\/strong> Perch\u00e9 il body shaming, soprattutto se rivolto a figure pubbliche, diventa messaggio implicito per chi guarda. E pu\u00f2 colpire in modo profondo, soprattutto le pi\u00f9 giovani.<\/p>\n<p>La vicenda di Francesca Michielin richiama da vicino quanto <strong>accaduto, solo pochi giorni fa, <a href=\"https:\/\/www.vanityfair.it\/article\/article\/sarah-toscano-vittima-body-shaming-social-solidarieta-fan-angelina-mango-non-avete-imparato-nulla\" target=\"_blank\" rel=\"nofollow noopener\">a Sarah Toscano<\/a>, vincitrice di Amici 2023, travolta dagli hater<\/strong> per l\u2019aspetto mostrato in un video del suo ultimo singolo Taki. \u00abMa cosa le \u00e8 successo?\u00bb, \u00abQuando diventi famosa e ti invitano a troppe cene\u00bb: questi alcuni dei commenti apparsi sotto il video. A difenderla pubblicamente \u00e8 intervenuta la fanpage di <strong>Angelina Mango, anche lei in passato bersaglio di body shaming.<\/strong> Allora fu Angelina stessa a prendere la parola: \u00abSar\u00e0 un mese di grandissimi sbalzi d\u2019umore. Buon tour a me\u00bb, aveva scritto, lasciando intravedere una fatica pi\u00f9 profonda. Pochi mesi dopo avrebbe annunciato <a href=\"https:\/\/www.vanityfair.it\/article\/angelina-mango-stop-concerti-salute\" target=\"_blank\" rel=\"nofollow noopener\">una pausa per ritrovare s\u00e9 stessa<\/a>, lontano dai riflettori e dalle tastiere.<\/p>\n<p><script async src=\"https:\/\/platform.twitter.com\/widgets.js\" charset=\"utf-8\"><\/script><\/p>\n","protected":false},"excerpt":{"rendered":"Francesca Michielin ha deciso di non restare in silenzio. Di fronte all\u2019ennesimo commento gratuito sul suo aspetto fisico,&hellip;\n","protected":false},"author":3,"featured_media":4363,"comment_status":"","ping_status":"","sticky":false,"template":"","format":"standard","meta":{"footnotes":""},"categories":[1451],"tags":[1621,1620,203,7505,204,1537,90,89],"class_list":{"0":"post-4362","1":"post","2":"type-post","3":"status-publish","4":"format-standard","5":"has-post-thumbnail","7":"category-celebrita","8":"tag-celebrita","9":"tag-celebrities","10":"tag-entertainment","11":"tag-francesca-michielin","12":"tag-intrattenimento","13":"tag-it","14":"tag-italia","15":"tag-italy"},"share_on_mastodon":{"url":"","error":""},"_links":{"self":[{"href":"https:\/\/www.europesays.com\/it\/wp-json\/wp\/v2\/posts\/4362","targetHints":{"allow":["GET"]}}],"collection":[{"href":"https:\/\/www.europesays.com\/it\/wp-json\/wp\/v2\/posts"}],"about":[{"href":"https:\/\/www.europesays.com\/it\/wp-json\/wp\/v2\/types\/post"}],"author":[{"embeddable":true,"href":"https:\/\/www.europesays.com\/it\/wp-json\/wp\/v2\/users\/3"}],"replies":[{"embeddable":true,"href":"https:\/\/www.europesays.com\/it\/wp-json\/wp\/v2\/comments?post=4362"}],"version-history":[{"count":0,"href":"https:\/\/www.europesays.com\/it\/wp-json\/wp\/v2\/posts\/4362\/revisions"}],"wp:featuredmedia":[{"embeddable":true,"href":"https:\/\/www.europesays.com\/it\/wp-json\/wp\/v2\/media\/4363"}],"wp:attachment":[{"href":"https:\/\/www.europesays.com\/it\/wp-json\/wp\/v2\/media?parent=4362"}],"wp:term":[{"taxonomy":"category","embeddable":true,"href":"https:\/\/www.europesays.com\/it\/wp-json\/wp\/v2\/categories?post=4362"},{"taxonomy":"post_tag","embeddable":true,"href":"https:\/\/www.europesays.com\/it\/wp-json\/wp\/v2\/tags?post=4362"}],"curies":[{"name":"wp","href":"https:\/\/api.w.org\/{rel}","templated":true}]}}