{"id":436323,"date":"2026-04-10T05:11:13","date_gmt":"2026-04-10T05:11:13","guid":{"rendered":"https:\/\/www.europesays.com\/it\/436323\/"},"modified":"2026-04-10T05:11:13","modified_gmt":"2026-04-10T05:11:13","slug":"calabria-cdm-revoca-commissariamento-sanita-occhiuto-fatto-storico","status":"publish","type":"post","link":"https:\/\/www.europesays.com\/it\/436323\/","title":{"rendered":"Calabria, Cdm revoca commissariamento Sanit\u00e0. Occhiuto: &#8216;Fatto storico&#8217;"},"content":{"rendered":"<p>Il Consiglio dei ministri, su proposta del ministro per gli Affari regionali, Roberto Calderoli, e con parere favorevole dei ministri dell&#8217;Economia Giancarlo Giorgetti e della Salute Orazio Schillaci, ha deliberato la revoca del commissariamento per la sanit\u00e0 della Regione Calabria. Si legge nel comunicato finale del Cdm. &#8220;Dopo 17 anni finalmente la Calabria \u00e8 fuori dal commissariamento. A Palazzo Chigi il Consiglio dei ministri ha revocato il commissariamento della sanit\u00e0 in Calabria: un risultato storico. Diciassette anni con questa camicia di forza: ce ne siamo liberati&#8221;, ha commentato Roberto Occhiuto, presidente della Regione Calabria.<\/p>\n","protected":false},"excerpt":{"rendered":"Il Consiglio dei ministri, su proposta del ministro per gli Affari regionali, Roberto Calderoli, e con parere favorevole&hellip;\n","protected":false},"author":3,"featured_media":435929,"comment_status":"","ping_status":"","sticky":false,"template":"","format":"standard","meta":{"footnotes":"","_share_on_mastodon":"0"},"categories":[79],"tags":[6185,20694,14,93,94,1537,90,89,7,15,301,11,84,91,12,85,92],"class_list":["post-436323","post","type-post","status-publish","format-standard","has-post-thumbnail","category-italia","tag-calabria","tag-cdm","tag-cronaca","tag-cronaca-italiana","tag-cronacaitaliana","tag-it","tag-italia","tag-italy","tag-news","tag-notizie","tag-sanita","tag-ultime-notizie","tag-ultime-notizie-e-news-di-oggi","tag-ultime-notizie-italia","tag-ultimenotizie","tag-ultimenotizieenewsdioggi","tag-ultimenotizieitalia"],"share_on_mastodon":{"url":"https:\/\/pubeurope.com\/@it\/116378696911254403","error":""},"_links":{"self":[{"href":"https:\/\/www.europesays.com\/it\/wp-json\/wp\/v2\/posts\/436323","targetHints":{"allow":["GET"]}}],"collection":[{"href":"https:\/\/www.europesays.com\/it\/wp-json\/wp\/v2\/posts"}],"about":[{"href":"https:\/\/www.europesays.com\/it\/wp-json\/wp\/v2\/types\/post"}],"author":[{"embeddable":true,"href":"https:\/\/www.europesays.com\/it\/wp-json\/wp\/v2\/users\/3"}],"replies":[{"embeddable":true,"href":"https:\/\/www.europesays.com\/it\/wp-json\/wp\/v2\/comments?post=436323"}],"version-history":[{"count":0,"href":"https:\/\/www.europesays.com\/it\/wp-json\/wp\/v2\/posts\/436323\/revisions"}],"wp:featuredmedia":[{"embeddable":true,"href":"https:\/\/www.europesays.com\/it\/wp-json\/wp\/v2\/media\/435929"}],"wp:attachment":[{"href":"https:\/\/www.europesays.com\/it\/wp-json\/wp\/v2\/media?parent=436323"}],"wp:term":[{"taxonomy":"category","embeddable":true,"href":"https:\/\/www.europesays.com\/it\/wp-json\/wp\/v2\/categories?post=436323"},{"taxonomy":"post_tag","embeddable":true,"href":"https:\/\/www.europesays.com\/it\/wp-json\/wp\/v2\/tags?post=436323"}],"curies":[{"name":"wp","href":"https:\/\/api.w.org\/{rel}","templated":true}]}}